{"id":84668,"date":"2025-11-08T15:03:14","date_gmt":"2025-11-08T15:03:14","guid":{"rendered":"https:\/\/www.europesays.com\/fi\/84668\/"},"modified":"2025-11-08T15:03:14","modified_gmt":"2025-11-08T15:03:14","slug":"analyysi-espanjan-ex-kuningasta-vaivaa-valikoiva-muisti-ja-koti-ikava-maanpaosta-ulkomaat","status":"publish","type":"post","link":"https:\/\/www.europesays.com\/fi\/84668\/","title":{"rendered":"Analyysi: Espanjan ex-kuningasta vaivaa valikoiva muisti ja koti-ik\u00e4v\u00e4 maanpaosta | Ulkomaat"},"content":{"rendered":"<p>Juttu tiivistettyn\u00e4<\/p>\n<ul class=\"aw-1jjocuh iJTSwP yle__article__list yle__article__list--ul\">\n<li class=\"aw-1j7gwms gNYKfi\">Espanjan entinen kuiningas Juan Carlos I on julkaissut muistelmateoksen.<\/li>\n<li class=\"aw-1j7gwms gNYKfi\">Juan Carlos kertoo kirjassa suhteestaan Francoon ja siit\u00e4, kuinka h\u00e4n esti diktatuurin paluun vuonna 1981.<\/li>\n<li class=\"aw-1j7gwms gNYKfi\">Entinen kuningas paljastaa henkil\u00f6kohtaisia asioitaan, mutta vaikenee korruptioskandaaleista ja lukuisista rakastajattaristaan.<\/li>\n<li class=\"aw-1j7gwms gNYKfi\">Felipe-kuningas on katkaissut suhteet is\u00e4\u00e4ns\u00e4, eik\u00e4 uusi kirja todenn\u00e4k\u00f6isesti korjaa v\u00e4lej\u00e4 tai paranna ex-kuninkaan mainetta.<\/li>\n<\/ul>\n<p class=\"aw-1gybjub aw-1p7kakr kEtdKx cEmitX yle__article__paragraph\">T\u00e4m\u00e4 on teko\u00e4lyn avulla tuotettu, toimittajan tarkistama tiivistelm\u00e4.<\/p>\n<p class=\"aw-1gybjub aw-1p7kakr kEtdKx cEmitX yle__article__paragraph\">Kirjan nimi on \u201d<strong class=\"aw-ak79eh KyCXm yle__article__strong\">Juan Carlos I<\/strong>, reconciliacion\u201d eli Juan Carlos, sovittelu.<\/p>\n<p class=\"aw-1gybjub aw-1p7kakr kEtdKx cEmitX yle__article__paragraph\">Nimess\u00e4 huomio keskittyy sanaan reconciliacion, sovittelu. Entinen kuningas haluaa selv\u00e4sti <a class=\"aw-iao6s4 iHOxEa yle__article__link\" href=\"https:\/\/elpais.com\/podcasts\/hoy-en-el-pais\/2025-11-07\/podcast-que-busca-juan-carlos-i-con-sus-memorias.html#?rel=mas\" role=\"link\" rel=\"nofollow noopener\" target=\"_blank\">yhdist\u00e4\u00e4 katkenneet sillat poikaansa<\/a>, kuningas <strong class=\"aw-ak79eh KyCXm yle__article__strong\">Felipeen<\/strong>, kahteen tytt\u00e4reens\u00e4 ja lapsenlapsiinsa.<\/p>\n<p class=\"aw-1gybjub aw-1p7kakr kEtdKx cEmitX yle__article__paragraph\">Kirja julkaistiin <a class=\"aw-iao6s4 iHOxEa yle__article__link\" href=\"https:\/\/elpais.com\/espana\/2025-11-05\/las-memorias-del-emerito-irrumpen-en-plenos-preparativos-del-50-aniversario-de-la-monarquia.html\" role=\"link\" rel=\"nofollow noopener\" target=\"_blank\">keskiviikkona Ranskassa<\/a>. Sen julkaisua Espanjassa lyk\u00e4ttiin <strong class=\"aw-ak79eh KyCXm yle__article__strong\">Francisco Francon<\/strong> diktatuurin kaatumisen vuosip\u00e4iv\u00e4n j\u00e4lkeiseen aikaan. Francon kuolemasta tulee 20. marraskuuta kuluneeksi 50 vuotta.<\/p>\n<p><img decoding=\"async\" alt=\"Espanjan tuleva kuningas Juan Carlos vannoo uskollisuutta Fransisco Francolle.\" src=\"https:\/\/www.europesays.com\/fi\/wp-content\/uploads\/2025\/11\/39-1550428690dd830b4f15.jpeg\" loading=\"lazy\" class=\"aw-1l9m598 hKVVvP\"\/><\/p>\n<p>Avaa kuvien katselu<\/p>\n<p>Tuleva kuningas Juan Carlos vannoo uskollisuutta Espanjan diktaattori Francisco Francolle vuonna 1969. Kuva: AOP<\/p>\n<p class=\"aw-1gybjub aw-1p7kakr kEtdKx cEmitX yle__article__paragraph\">Francon diktatuurin muistelu liittyy suoraan Juan Carlosiin, sill\u00e4 juuri Franco valitsi seuraajakseen nuoren Juan Carlosin.<\/p>\n<p class=\"aw-1gybjub aw-1p7kakr kEtdKx cEmitX yle__article__paragraph\">Juan Carlosin kunnian vuodet alkoivat t\u00e4st\u00e4. H\u00e4n peri Francolta diktaattorin valtuudet, mutta aloitti heti siirtym\u00e4n kohti siviilivaltaa. Vuonna 1977, kaksi vuotta Francon kuoleman j\u00e4lkeen, Espanjassa pidettiin jo ensimm\u00e4iset vapaat vaalit.<\/p>\n<p class=\"aw-1gybjub aw-1p7kakr kEtdKx cEmitX yle__article__paragraph\">Vuonna 1981 helmikuussa diktatuuri yritti paluuta. Everstiluutnantti <strong class=\"aw-ak79eh KyCXm yle__article__strong\">Antonio Tejero<\/strong> rynt\u00e4si johtamansa sotilasosaston kanssa parlamenttiin, ampui ilmaan ja sanoi toisen menon alkaneen. L\u00e4hes vuorokauden ep\u00e4r\u00f6innin j\u00e4lkeen nuori kuningas meni y\u00f6ll\u00e4 televisioon ja lausui sanat, jotka pelastivat veitsenter\u00e4ll\u00e4 olleen demokratian:<\/p>\n<p class=\"aw-1gybjub aw-1p7kakr kEtdKx cEmitX yle__article__paragraph\">Juan Carlos pelasti demokratian, mutta suhde Francoon s\u00e4ilyi. Kirjassa h\u00e4n kertoo miten piti Francoa kuin is\u00e4n\u00e4\u00e4n. Kirjassa ei ole rivi\u00e4k\u00e4\u00e4n Francon ajan noin 200\u00a0000 kuolonuhrista.<\/p>\n<p>Salainen tili sveitsil\u00e4ispankissa mustasi maineen<\/p>\n<p class=\"aw-1gybjub aw-1p7kakr kEtdKx cEmitX yle__article__paragraph\">Kuninkaan maineen pilasi viimeist\u00e4\u00e4n <a class=\"aw-iao6s4 iHOxEa yle__article__link\" href=\"https:\/\/elpais.com\/espana\/2025-11-07\/los-regalos-millonarios-que-el-rey-emerito-no-explica-en-sus-memorias.html\" role=\"link\" rel=\"nofollow noopener\" target=\"_blank\">El Pa\u00eds -lehden vuonna 2008 tekem\u00e4 paljastus<\/a>, jonka mukaan kuninkaalla oli sveitsil\u00e4isess\u00e4 pankissa 100 miljoonan dollarin tili. Rahat h\u00e4n oli saanut Saudi-Arabian kuninkaalta.<\/p>\n<p><img decoding=\"async\" alt=\"Corinne Larsen k\u00e4velee kadulla.\" src=\"https:\/\/www.europesays.com\/fi\/wp-content\/uploads\/2025\/11\/39-1550432690dd8b35e1b2.jpeg\" loading=\"lazy\" class=\"aw-1l9m598 hKVVvP\"\/><\/p>\n<p>Avaa kuvien katselu<\/p>\n<p>Corinna Larsen, Espanjan kuninkaan entinen rakastajatar. Kuva: Ken Goff \/ AOP<\/p>\n<p class=\"aw-1gybjub aw-1p7kakr kEtdKx cEmitX yle__article__paragraph\">Kuningas kertoo kirjassa, miten 100 miljoonaa oli \u201dnormaali yst\u00e4v\u00e4llinen ele\u201d kuninkaiden kesken, lahja, jota \u201den osannut torjua\u201d.<\/p>\n<p class=\"aw-1gybjub aw-1p7kakr kEtdKx cEmitX yle__article__paragraph\">Espanjalaiskuninkaan h\u00e4m\u00e4r\u00e4tilist\u00e4 tuli mainehaitta sveitsil\u00e4ispankille, kun paljastui, miten kuningas oli Espanjan syvimm\u00e4n talouskriisin keskell\u00e4 mets\u00e4st\u00e4nyt elefantteja Botswanassa. H\u00e4n lahjoitti tilill\u00e4 olleet rahat lopulta rakastajattarelleen <strong class=\"aw-ak79eh KyCXm yle__article__strong\">Corinna Larsenille<\/strong>, kun sveitsil\u00e4ispankki p\u00e4\u00e4tti sulkea tilin.<\/p>\n<p class=\"aw-1gybjub aw-1p7kakr kEtdKx cEmitX yle__article__paragraph\">Mets\u00e4stysmatka maksoi noin 50\u00a0000 euroa. Se n\u00e4htiin t\u00e4ydellisen\u00e4 v\u00e4linpit\u00e4m\u00e4tt\u00f6myyten\u00e4 maan ahdingosta. Kansa k\u00e4rsii, kuningas mets\u00e4st\u00e4\u00e4.<\/p>\n<p class=\"aw-1gybjub aw-1p7kakr kEtdKx cEmitX yle__article__paragraph\">Kaiken lis\u00e4ksi Juan Carlos ei saanut itse edes elefanttia hengilt\u00e4, vaan henkivartijoiden piti lopulta ampua norsu. Vanhenevan kuninkaan osumatarkkuus oli heikentynyt. Sekin s\u00f6i kuninkaan <a class=\"aw-iao6s4 iHOxEa yle__article__link\" href=\"https:\/\/okdiario.com\/investigacion\/anfitrion-del-safari-pago-100-000-elefante-que-escoltas-del-rey-abatieron-30-tiros-8877329\" role=\"link\" rel=\"nofollow noopener\" target=\"_blank\">machomielikuvaa espanjalaisten silmiss\u00e4.<\/a><\/p>\n<p>Kokenut kaiken muistaa, jos ei unohda<\/p>\n<p class=\"aw-1gybjub aw-1p7kakr kEtdKx cEmitX yle__article__paragraph\">Toinen havainto kirjassa on se, ett\u00e4 kuningas avautuu asioista, jotka kaikki Espanjassa jo tiet\u00e4v\u00e4t \u2013 mutta vaikenee kokonaan paljosta muusta.<\/p>\n<p class=\"aw-1gybjub aw-1p7kakr kEtdKx cEmitX yle__article__paragraph\">H\u00e4n ei kerro mit\u00e4\u00e4n esimerkiksi kaukaisen serkkunsa <strong class=\"aw-ak79eh KyCXm yle__article__strong\">Alvaro de Orleansin<\/strong> s\u00e4\u00e4ti\u00f6st\u00e4, joka <a class=\"aw-iao6s4 iHOxEa yle__article__link\" href=\"https:\/\/elpais.com\/espana\/2020-03-01\/pague-muchos-vuelos-privados-del-rey-emerito-pero-no-soy-su-testaferro.html\" role=\"link\" rel=\"nofollow noopener\" target=\"_blank\">maksoi kuninkaalle<\/a> yhdentoista vuoden aikana yli seitsem\u00e4n miljoonaa euroa. Summan kuningas k\u00e4ytti lentelyyn yksityiskoneilla.<\/p>\n<p class=\"aw-1gybjub aw-1p7kakr kEtdKx cEmitX yle__article__paragraph\">Muistelmien 512 sivua eiv\u00e4t riitt\u00e4neet kertomaan my\u00f6sk\u00e4\u00e4n sit\u00e4, miten h\u00e4n sai kymmenen miljoonaa euroa Saudi-Arabian kuninkaalta heti kruunajaistensa j\u00e4lkeen.<\/p>\n<p>Kazakstanin johtaja tarjosi viski\u00e4, naisia ja 5 miljoonaa euroa<\/p>\n<p class=\"aw-1gybjub aw-1p7kakr kEtdKx cEmitX yle__article__paragraph\">Kuningas ei kerro my\u00f6sk\u00e4\u00e4n vuoden 2002 mets\u00e4stysretkest\u00e4\u00e4n Kazakstanin silloisen johtajan <strong class=\"aw-ak79eh KyCXm yle__article__strong\">Nursultan Nazarbajevin<\/strong> kanssa. Johtajat meniv\u00e4t joelle ja joivat viski\u00e4. Rannalla odottivat neidot, jotka tarjosivat <a class=\"aw-iao6s4 iHOxEa yle__article__link\" href=\"https:\/\/www.lasexta.com\/noticias\/nacional\/viaje-rey-juan-carlos-kazajistan-cinco-millones-maletines-caceria-cabras-salvajes_202011115fab9eee9a1c4e000179c1e6.html\" role=\"link\" rel=\"nofollow noopener\" target=\"_blank\">mahdollisuuden rentoutumiseen<\/a>.<\/p>\n<p class=\"aw-1gybjub aw-1p7kakr kEtdKx cEmitX yle__article__paragraph\">Matkan lopuksi Nazarbajev lahjoitti kuninkaalle <a class=\"aw-iao6s4 iHOxEa yle__article__link\" href=\"https:\/\/www.eldiario.es\/politica\/juan-carlos-i-kazajistan-caceria-cabras-salvajes-cinco-millones-maletines-rey-no_130_6402184.html\" role=\"link\" rel=\"nofollow noopener\" target=\"_blank\">viisi miljoonaa euroa k\u00e4teist\u00e4<\/a> nelj\u00e4ss\u00e4 tai viidess\u00e4 matkalaukussa.<\/p>\n<p class=\"aw-1gybjub aw-1p7kakr kEtdKx cEmitX yle__article__paragraph\">\u2013 Ajatelkaa nyt, ison maan kuningas, jolla ei ole mit\u00e4\u00e4n, niin autan edes v\u00e4h\u00e4n, sanoi yst\u00e4v\u00e4llismielinen kazakkijohtaja.<\/p>\n<p>Kuninkaan naiset \u2013 \u201dsatunnaisia hairahduksia\u201d<\/p>\n<p class=\"aw-1gybjub aw-1p7kakr kEtdKx cEmitX yle__article__paragraph\">Espanjan keltaisen lehdist\u00f6n kirjanpidon mukaan kuninkaalla on saattanut olla el\u00e4m\u00e4ns\u00e4 aikana <a class=\"aw-iao6s4 iHOxEa yle__article__link\" href=\"https:\/\/www.infobae.com\/espana\/2024\/12\/10\/las-mujeres-de-la-vida-del-rey-juan-carlos-i-de-barbara-rey-a-alejandra-su-hija\" role=\"link\" rel=\"nofollow noopener\" target=\"_blank\">jopa 2\u00a0000 rakastajatarta.<\/a><\/p>\n<p class=\"aw-1gybjub aw-1p7kakr kEtdKx cEmitX yle__article__paragraph\">Luku on luultavasti liioiteltu. Tunnetuin rakastajattarista oli saksalainen aatelisnainen, kuningasta 27 vuotta nuorempi Corinna Larsen, koko nimelt\u00e4\u00e4n Corinna zu Sayn-Wittgenstein-Sayn.<\/p>\n<p class=\"aw-1gybjub aw-1p7kakr kEtdKx cEmitX yle__article__paragraph\">Juan Carlos ei kerro kirjassa sit\u00e4, miten h\u00e4n jopa kosi Larsenia. T\u00e4m\u00e4 ei suostunut.<\/p>\n<p class=\"aw-1gybjub aw-1p7kakr kEtdKx cEmitX yle__article__paragraph\">Kuningas v\u00e4h\u00e4ttelee kirjassa naissuhteidensa merkityst\u00e4. H\u00e4n kuvaa naissuhteitaan \u201dhairahduksina\u201d, ja osoituksina \u201dmiehisest\u00e4 heikkoudesta\u201d.<\/p>\n<p class=\"aw-1gybjub aw-1p7kakr kEtdKx cEmitX yle__article__paragraph\">Entinen kuningas ei kerro my\u00f6sk\u00e4\u00e4n aviottomasta lapsestaan <a class=\"aw-iao6s4 iHOxEa yle__article__link\" href=\"https:\/\/www.infobae.com\/espana\/2024\/12\/10\/las-mujeres-de-la-vida-del-rey-juan-carlos-i-de-barbara-rey-a-alejandra-su-hija-secreta\/\" role=\"link\" rel=\"nofollow noopener\" target=\"_blank\">Alejandrasta mit\u00e4\u00e4n<\/a>.<\/p>\n<p class=\"aw-1gybjub aw-1p7kakr kEtdKx cEmitX yle__article__paragraph\"><a class=\"aw-iao6s4 iHOxEa yle__article__link\" href=\"https:\/\/elpais.com\/podcasts\/hoy-en-el-pais\/2025-11-07\/podcast-que-busca-juan-carlos-i-con-sus-memorias.html#?rel=mas\" role=\"link\" rel=\"nofollow noopener\" target=\"_blank\">Espanjalainen toimittaja Martin Bianchi<\/a> kiinnitti huomiota siihen, miten Juan Carlos ei kirjassaan puhu vaimostaan, kuningatar <strong class=\"aw-ak79eh KyCXm yle__article__strong\">Sofiasta<\/strong> kertaakaan puolisona. Kuningatar Sofia on Juan Carlosille kirjan mukaan vain \u201dammattilainen, joka hoitaa kuningattaren teht\u00e4vi\u00e4\u201d.<\/p>\n<p class=\"aw-1gybjub aw-1p7kakr kEtdKx cEmitX yle__article__paragraph\">Entisen kuninkaan ja kuningatar Sofian olematon suhde on Espanjan huonoiten pidettyj\u00e4 salaisuuksia. Suhdetta kuvaa se, ett\u00e4 Juan Carlos on ollut maanpaossa Abu Dhabissa vuodesta 2020 l\u00e4htien. Tuona aikana Sofia ei ole kertaakaan k\u00e4ynyt tapaamassa aviomiest\u00e4\u00e4n.<\/p>\n<p><img decoding=\"async\" alt=\"Espanjan kuningatar Sofia.\" src=\"https:\/\/www.europesays.com\/fi\/wp-content\/uploads\/2025\/11\/39-1550429690dd8310ad37.jpeg\" loading=\"lazy\" class=\"aw-1l9m598 hKVVvP\"\/><\/p>\n<p>Avaa kuvien katselu<\/p>\n<p>Kuningatar Sofia ja kuningas Juan Carlos pian naimisiinmenonsa j\u00e4lkeen. Kuva: AOPUusi kuningas Felipe katkaisi v\u00e4lit is\u00e4\u00e4ns\u00e4<\/p>\n<p class=\"aw-1gybjub aw-1p7kakr kEtdKx cEmitX yle__article__paragraph\">Juan Carlos nousi kuninkaaksi aikana, jolloin kuninkaan h\u00e4m\u00e4r\u00e4t bisnekset, jatkuvasti vaihtuvat rakastajattaret, suunnattomat lahjat, korruptio, yhteiset lomat Espanjan bisneseliitin luksuslaivoilla ja niin edelleen pidettiin espanjalaisilta piilossa.<\/p>\n<p class=\"aw-1gybjub aw-1p7kakr kEtdKx cEmitX yle__article__paragraph\">Espanjassa oli yksi lehti, Hola, joka kertoi kuningashuoneen kuulumisista my\u00f6t\u00e4sukaisesti. Muut vaikenivat.<\/p>\n<p class=\"aw-1gybjub aw-1p7kakr kEtdKx cEmitX yle__article__paragraph\">Mutta aika muuttui, kuningas ei.<\/p>\n<p class=\"aw-1gybjub aw-1p7kakr kEtdKx cEmitX yle__article__paragraph\">Uusi kuningas Felipe on toista maata. H\u00e4n on k\u00e4yt\u00e4nn\u00f6ss\u00e4 katkaissut v\u00e4lit is\u00e4\u00e4ns\u00e4. Juan Carlos on sanonut pojastaan, uudesta kuninkaasta siis, ett\u00e4 <a class=\"aw-iao6s4 iHOxEa yle__article__link\" href=\"https:\/\/www.diariodepontevedra.es\/articulo\/espana\/juan-carlos-i-sincera-memorias-distanciamiento-felipe-vi-significa-que-repudias\/202511051047081416633.html\" role=\"link\" rel=\"nofollow noopener\" target=\"_blank\">h\u00e4n h\u00e4pe\u00e4\u00e4 minua, is\u00e4\u00e4ns\u00e4.<\/a><\/p>\n<p>\u201dEi edes el\u00e4kett\u00e4\u201d<\/p>\n<p class=\"aw-1gybjub aw-1p7kakr kEtdKx cEmitX yle__article__paragraph\">Lahjonnan, korruption ja hyv\u00e4veliverkostojen piireiss\u00e4 vuosikymmeni\u00e4 viihtynyt ex-kuningas valittaa kirjassaan my\u00f6s sit\u00e4, ett\u00e4 h\u00e4n on 40 vuotta tehnyt ty\u00f6t\u00e4 Espanjan hyv\u00e4ksi, mutta ei saa edes el\u00e4kett\u00e4.<\/p>\n<p class=\"aw-1gybjub aw-1p7kakr kEtdKx cEmitX yle__article__paragraph\">Se taas on perua siit\u00e4, ett\u00e4 Espanjan nykyinen kuningas Felipe katkaisi kaikki valtiolliset siteet ja velvollisuudet ex-kuninkaaseen. Kuninkaan maanpakolaisvuosien aikana Felipe ei ole kertaakaan p\u00e4\u00e4st\u00e4nyt is\u00e4\u00e4ns\u00e4 edes k\u00e4ym\u00e4\u00e4n lyhyesti kuninkaanpalatsi Zarzuelassa.<\/p>\n<p class=\"aw-1gybjub aw-1p7kakr kEtdKx cEmitX yle__article__paragraph\">Entisen kuninkaan kirja selittelyineen tuskin parantaa Juan Carlosin mainetta espanjalaisten silmiss\u00e4. Voi olla, ett\u00e4 kuninkaanpalatsin ovet pysyv\u00e4t h\u00e4nen edest\u00e4\u00e4n nyt viel\u00e4 tiukemmin kiinni.<\/p>\n<p class=\"aw-1gybjub aw-1p7kakr kEtdKx cEmitX yle__article__paragraph\">Korjaus klo 14.55: V\u00e4liotsikossa puhuttiin Tadzikistanin johtajasta, kun kyse oli Kazakstanin johtajasta.<\/p>\n","protected":false},"excerpt":{"rendered":"Juttu tiivistettyn\u00e4 Espanjan entinen kuiningas Juan Carlos I on julkaissut muistelmateoksen. Juan Carlos kertoo kirjassa suhteestaan Francoon ja&hellip;\n","protected":false},"author":2,"featured_media":84669,"comment_status":"","ping_status":"","sticky":false,"template":"","format":"standard","meta":{"footnotes":""},"categories":[14],"tags":[17385,22,23,11719,1819,17383,26,27,33,31,30,17,17382,378,652,24,25,17384,28,29,15,18,21,32,19,20,56,16,59,60,61],"class_list":{"0":"post-84668","1":"post","2":"type-post","3":"status-publish","4":"format-standard","5":"has-post-thumbnail","7":"category-ulkomaat","8":"tag-analyysit-yle-uutiset","9":"tag-breaking-news","10":"tag-breakingnews","11":"tag-elamakerrat","12":"tag-espanja","13":"tag-espanjan-kuninkaalliset","14":"tag-featured-news","15":"tag-featurednews","16":"tag-fi","17":"tag-finland","18":"tag-finnish","19":"tag-headlines","20":"tag-juan-carlos-i","21":"tag-kirjat","22":"tag-kuninkaalliset","23":"tag-latest-news","24":"tag-latestnews","25":"tag-maanpako","26":"tag-main-news","27":"tag-mainnews","28":"tag-news","29":"tag-otsikot","30":"tag-paauutiset","31":"tag-suomi","32":"tag-top-stories","33":"tag-topstories","34":"tag-ulkomaat","35":"tag-uutiset","36":"tag-world","37":"tag-world-news","38":"tag-worldnews"},"share_on_mastodon":{"url":"https:\/\/pubeurope.com\/@fi\/115514691234419810","error":""},"_links":{"self":[{"href":"https:\/\/www.europesays.com\/fi\/wp-json\/wp\/v2\/posts\/84668","targetHints":{"allow":["GET"]}}],"collection":[{"href":"https:\/\/www.europesays.com\/fi\/wp-json\/wp\/v2\/posts"}],"about":[{"href":"https:\/\/www.europesays.com\/fi\/wp-json\/wp\/v2\/types\/post"}],"author":[{"embeddable":true,"href":"https:\/\/www.europesays.com\/fi\/wp-json\/wp\/v2\/users\/2"}],"replies":[{"embeddable":true,"href":"https:\/\/www.europesays.com\/fi\/wp-json\/wp\/v2\/comments?post=84668"}],"version-history":[{"count":0,"href":"https:\/\/www.europesays.com\/fi\/wp-json\/wp\/v2\/posts\/84668\/revisions"}],"wp:featuredmedia":[{"embeddable":true,"href":"https:\/\/www.europesays.com\/fi\/wp-json\/wp\/v2\/media\/84669"}],"wp:attachment":[{"href":"https:\/\/www.europesays.com\/fi\/wp-json\/wp\/v2\/media?parent=84668"}],"wp:term":[{"taxonomy":"category","embeddable":true,"href":"https:\/\/www.europesays.com\/fi\/wp-json\/wp\/v2\/categories?post=84668"},{"taxonomy":"post_tag","embeddable":true,"href":"https:\/\/www.europesays.com\/fi\/wp-json\/wp\/v2\/tags?post=84668"}],"curies":[{"name":"wp","href":"https:\/\/api.w.org\/{rel}","templated":true}]}}