{"id":84711,"date":"2025-11-08T16:17:09","date_gmt":"2025-11-08T16:17:09","guid":{"rendered":"https:\/\/www.europesays.com\/fi\/84711\/"},"modified":"2025-11-08T16:17:09","modified_gmt":"2025-11-08T16:17:09","slug":"il-antti-luusuaniemi-puhuu-suhteestaan-tassa-mietitaan","status":"publish","type":"post","link":"https:\/\/www.europesays.com\/fi\/84711\/","title":{"rendered":"IL: Antti Luusuaniemi puhuu suhteestaan: &#8221;T\u00e4ss\u00e4 mietit\u00e4\u00e4n&#8221;"},"content":{"rendered":"<p>            Matti Matikainen\n        <\/p>\n<p class=\"subtitle \">Luottomies on sek\u00e4 sarja ett\u00e4 elokuva. Luottomies my\u00f6s yhdisti Antin ja Annen.<\/p>\n<p class=\"article-content article-content-width !bg-background\">N\u00e4yttelij\u00e4  ja julkkiskiinteist\u00f6nv\u00e4litt\u00e4j\u00e4  ovat olleet yhdess\u00e4 jo jonkin aikaa.<\/p>\n<p class=\"article-content article-content-width !bg-background\">Seiska kertoi viime vuoden loppupuolella Antin ja Annen viihtyv\u00e4n hyvin yhdess\u00e4, vaikka Antti oli tuolloin yh\u00e4 naimisissa  kanssa.<\/p>\n<p class=\"article-content article-content-width !bg-background\">Pian Seiskan uutisoinnin j\u00e4lkeen Antti ja Lili ilmoittivat sosiaalisessa mediassa eroavansa.<\/p>\n<p>        <a itemprop=\"url\" href=\"https:\/\/www.seiska.fi\/vain-seiskassa\/antti-luusuaniemi-avautuu-seiskalle-erostaan-ja-ex-vaimostaan\/1652736\" rel=\"nofollow noopener\" target=\"_blank\"><\/p>\n<p>\nAntti Luusuaniemi\n<\/p>\n<p class=\"section-date\">\n        <strong class=\"article-section\" data-section=\"vain seiskassa\"><br \/>\n            vain seiskassa<br \/>\n        <\/strong><br \/>\n        25.3. 06:00\n    <\/p>\n<p>Antti Luusuaniemi avautuu Seiskalle erostaan ja ex-vaimostaan\n    <\/p>\n<p itemprop=\"description\" class=\"subtitle \">\n    Antti ja Lili eiv\u00e4t ole viel\u00e4 hakeneet avioeroa Helsingin k\u00e4r\u00e4j\u00e4oikeudesta.\n<\/p>\n<p>        <\/a><\/p>\n<p class=\"article-content article-content-width !bg-background\">\u2013 Lili ja min\u00e4 olemme p\u00e4\u00e4tt\u00e4neet yhdess\u00e4, ettemme ole en\u00e4\u00e4 partnereita muuta kuin ihanien lastemme vanhempina ja toistemme yst\u00e4vin\u00e4, Antti lausui viime vuoden marraskuussa Instagramissa.<\/p>\n<p>                <img decoding=\"async\" src=\"https:\/\/www.europesays.com\/fi\/wp-content\/uploads\/2025\/11\/1987642.webp\" width=\"576\" height=\"720\" alt=\"Antin, Kari Ketosen ja Maria Ylip\u00e4\u00e4n tahdittama Luottomies on ollut menestys.\" loading=\"lazy\" \/>            <\/p>\n<p>\n            Antin, Kari Ketosen ja Maria Ylip\u00e4\u00e4n tahdittama Luottomies on ollut menestys.<br \/>\n            Matti Matikainen\n        <\/p>\n<p>Avioeroa ei ilmeisesti viel\u00e4k\u00e4\u00e4n ole haettu<\/p>\n<p class=\"article-content article-content-width !bg-background\">Maaliskuisessa Jussi-gaalassa Antti kertoi Seiskalle uuden suhteen voivan hyvin \u2013 ja mainitsi my\u00f6s v\u00e4lien Liliin olevan kunnossa.<\/p>\n<p class=\"article-content article-content-width !bg-background\">Antti kertoi tuolloin lis\u00e4ksi, ett\u00e4 lapset ovat ottaneet vanhempiensa eron hyvin.<\/p>\n<p>        <a itemprop=\"url\" href=\"https:\/\/www.seiska.fi\/kotimaa\/hs-anne-ramsay-turhautui-avautuu-inhottavasta-yllatyksesta\/1679179\" rel=\"nofollow noopener\" target=\"_blank\"><\/p>\n<p>\nHS: Anne Ramsay\n<\/p>\n<p class=\"section-date\">\n        <strong class=\"article-section\" data-section=\"kotimaa\"><br \/>\n            kotimaa<br \/>\n        <\/strong><br \/>\n        20.4. 15:00\n    <\/p>\n<p>HS: Anne Ramsay turhautui \u2013 avautuu inhottavasta yll\u00e4tyksest\u00e4\n    <\/p>\n<p itemprop=\"description\" class=\"subtitle \">\n    Kiinteist\u00f6nv\u00e4litt\u00e4j\u00e4n kertomus on varsin ik\u00e4v\u00e4.\n<\/p>\n<p>        <\/a><\/p>\n<p class=\"article-content article-content-width !bg-background\">\u2013 Lapset tulevat toimeen sek\u00e4 minun ett\u00e4 ex-vaimon nykyisten kumppanien kanssa.<\/p>\n<p class=\"article-content article-content-width !bg-background\">Seiskan tietojen mukaan Antti ja Lili eiv\u00e4t syyst\u00e4 tai toisesta olleet hakeneet ainakaan kes\u00e4n loppupuoleen menness\u00e4 viel\u00e4 avioeroa Helsingin k\u00e4r\u00e4j\u00e4oikeudesta.<\/p>\n<p>                <img decoding=\"async\" src=\"https:\/\/www.europesays.com\/fi\/wp-content\/uploads\/2025\/11\/1987641.webp\" width=\"576\" height=\"639\" alt=\"Antti joutui kuvaushommiin rakkaansa kanssa maaliskuisessa Jussi-gaalassa.\" loading=\"lazy\" \/>            <\/p>\n<p>\n            Antti joutui kuvaushommiin rakkaansa kanssa maaliskuisessa Jussi-gaalassa.<br \/>\n            Miikka Kaskinen\n        <\/p>\n<p>&#8221;T\u00e4ss\u00e4 sukkuloidaan&#8221;<\/p>\n<p class=\"article-content article-content-width !bg-background\">Antti asuu Helsingiss\u00e4, Lili Unkarissa ja Anne Espanjan Marbellassa.<\/p>\n<p class=\"article-content article-content-width !bg-background\">Viime aikoina Antti ja Anne eiv\u00e4t ole esiintyneet juuri somessa, mik\u00e4 on her\u00e4tt\u00e4nyt uteluita siit\u00e4, ovatko he yh\u00e4 pari.<\/p>\n<p class=\"article-content article-content-width !bg-background\">Vastaus kysymykseen on kyll\u00e4 \u2013 pari on yh\u00e4 yhdess\u00e4, <a href=\"https:\/\/www.iltalehti.fi\/viihdeuutiset\/a\/e9267fc3-7a6c-47cf-a058-d23ffcef2bb2\" target=\"_blank\" rel=\"nofollow noopener\">tiet\u00e4\u00e4 Iltalehti kertoa<\/a>.<\/p>\n<p>        <a itemprop=\"url\" href=\"https:\/\/www.seiska.fi\/vain-seiskassa\/kuva-anne-ramsaylla-vauhti-paalla-helsingin-yossa-missa-antti-rakas\/1900274\" rel=\"nofollow noopener\" target=\"_blank\"><\/p>\n<p>\nMiss\u00e4 Antti-rakas?\n<\/p>\n<p class=\"section-date\">\n        <strong class=\"article-section\" data-section=\"vain seiskassa\"><br \/>\n            vain seiskassa<br \/>\n        <\/strong><br \/>\n        16.8. 08:00\n    <\/p>\n<p>Kuva! Anne Ramsaylla vauhti p\u00e4\u00e4ll\u00e4 Helsingin y\u00f6ss\u00e4 \u2013 miss\u00e4 Antti-rakas?\n    <\/p>\n<p itemprop=\"description\" class=\"subtitle \">\n    Espanjassa asuva kiinteist\u00f6prinsessa oli ly\u00f6nyt bilevaihteen silm\u00e4\u00e4n.\n<\/p>\n<p>        <\/a><\/p>\n<p class=\"article-content article-content-width !bg-background\">\u2013 Hyvin menee. Juuri tuli Marbellasta ja kohta taas sinne. T\u00e4ss\u00e4 sukkuloidaan kolmen maan v\u00e4li\u00e4, Antti kertoo IL:lle.<\/p>\n<p class=\"article-content article-content-width !bg-background\">\u2013 Et\u00e4n\u00e4 pystyy tekem\u00e4\u00e4n my\u00f6s paljon. Elokuvakin kuvattiin Espanjassa, ett\u00e4 teen my\u00f6s siell\u00e4 t\u00f6it\u00e4 paljon.<\/p>\n<p>                <img decoding=\"async\" src=\"https:\/\/www.europesays.com\/fi\/wp-content\/uploads\/2025\/11\/1717330.webp\" width=\"576\" height=\"269\" alt=\"Antti on viime vuosina ollut tuttu n\u00e4ky sek\u00e4 elokuvissa ett\u00e4 tv-sarjoissa. Kuvassa Iina Kuustonen ja Antti H\u00e4\u00e4t ennen hautajaisia -elokuvassa.\" loading=\"lazy\" \/>            <\/p>\n<p>\n            Antti on viime vuosina ollut tuttu n\u00e4ky sek\u00e4 elokuvissa ett\u00e4 tv-sarjoissa. Kuvassa Iina Kuustonen ja Antti H\u00e4\u00e4t ennen hautajaisia -elokuvassa.<br \/>\n            Kristiina Salmen\n        <\/p>\n<p>Luottomies yhdisti<\/p>\n<p class=\"article-content article-content-width !bg-background\">Antti viitannee tuoreimpaan Luottomies-elokuvaan, joka sijoittuu Espanjan Aurinkorannikolle.\u00a0<\/p>\n<p class=\"article-content article-content-width !bg-background\">Kyseess\u00e4 on j\u00e4rjestyksess\u00e4\u00e4n toinen elokuva \u2013 ensimm\u00e4isen Luottomies-elokuvan kuvauksissa Antti tapasi Annen, ja loppu on romantiikan t\u00e4yteist\u00e4 historiaa.<\/p>\n<p>        <a itemprop=\"url\" href=\"https:\/\/www.seiska.fi\/kotimaa\/ohhoh-tallainen-on-rakastuneen-antti-luusuaniemen-kevattyyli\/1669550\" rel=\"nofollow noopener\" target=\"_blank\"><\/p>\n<p>\nRakastunut Antti Luusuaniemi\n<\/p>\n<p class=\"section-date\">\n        <strong class=\"article-section\" data-section=\"kotimaa\"><br \/>\n            kotimaa<br \/>\n        <\/strong><br \/>\n        9.4. 10:28\n    <\/p>\n<p>Ohhoh! T\u00e4llainen on rakastuneen Antti Luusuaniemen kev\u00e4ttyyli\n    <\/p>\n<p itemprop=\"description\" class=\"subtitle \">\n    N\u00e4yttelij\u00e4 viett\u00e4\u00e4 aurinkoisia kev\u00e4tp\u00e4ivi\u00e4 Espanjassa.\n<\/p>\n<p>        <\/a><\/p>\n<p class=\"article-content article-content-width !bg-background\">IL:lle Antti kertoo my\u00f6s, ett\u00e4 et\u00e4suhteessa olevan pariskunnan tulevaisuudensuunnitelmat ovat viel\u00e4 auki.<\/p>\n<p class=\"article-content article-content-width !bg-background\">\u2013 T\u00e4ss\u00e4 mietit\u00e4\u00e4n kaikenlaista, mutta eik\u00f6h\u00e4n se selvi\u00e4 muillekin ajan my\u00f6t\u00e4, Antti lausuu.<\/p>\n","protected":false},"excerpt":{"rendered":"Matti Matikainen Luottomies on sek\u00e4 sarja ett\u00e4 elokuva. Luottomies my\u00f6s yhdisti Antin ja Annen. N\u00e4yttelij\u00e4 ja julkkiskiinteist\u00f6nv\u00e4litt\u00e4j\u00e4 ovat&hellip;\n","protected":false},"author":2,"featured_media":84712,"comment_status":"","ping_status":"","sticky":false,"template":"","format":"standard","meta":{"footnotes":""},"categories":[130],"tags":[15853,2562,2759,137,33,31,30,212,17396,17395,32,109],"class_list":{"0":"post-84711","1":"post","2":"type-post","3":"status-publish","4":"format-standard","5":"has-post-thumbnail","7":"category-viihde","8":"tag-anne-ramsay","9":"tag-antti-luusuaniemi","10":"tag-avioero","11":"tag-entertainment","12":"tag-fi","13":"tag-finland","14":"tag-finnish","15":"tag-lifestyle","16":"tag-lili-zoe-ermezei","17":"tag-luottomies","18":"tag-suomi","19":"tag-viihde"},"share_on_mastodon":{"url":"https:\/\/pubeurope.com\/@fi\/115514982177602832","error":""},"_links":{"self":[{"href":"https:\/\/www.europesays.com\/fi\/wp-json\/wp\/v2\/posts\/84711","targetHints":{"allow":["GET"]}}],"collection":[{"href":"https:\/\/www.europesays.com\/fi\/wp-json\/wp\/v2\/posts"}],"about":[{"href":"https:\/\/www.europesays.com\/fi\/wp-json\/wp\/v2\/types\/post"}],"author":[{"embeddable":true,"href":"https:\/\/www.europesays.com\/fi\/wp-json\/wp\/v2\/users\/2"}],"replies":[{"embeddable":true,"href":"https:\/\/www.europesays.com\/fi\/wp-json\/wp\/v2\/comments?post=84711"}],"version-history":[{"count":0,"href":"https:\/\/www.europesays.com\/fi\/wp-json\/wp\/v2\/posts\/84711\/revisions"}],"wp:featuredmedia":[{"embeddable":true,"href":"https:\/\/www.europesays.com\/fi\/wp-json\/wp\/v2\/media\/84712"}],"wp:attachment":[{"href":"https:\/\/www.europesays.com\/fi\/wp-json\/wp\/v2\/media?parent=84711"}],"wp:term":[{"taxonomy":"category","embeddable":true,"href":"https:\/\/www.europesays.com\/fi\/wp-json\/wp\/v2\/categories?post=84711"},{"taxonomy":"post_tag","embeddable":true,"href":"https:\/\/www.europesays.com\/fi\/wp-json\/wp\/v2\/tags?post=84711"}],"curies":[{"name":"wp","href":"https:\/\/api.w.org\/{rel}","templated":true}]}}