{"id":84825,"date":"2025-11-08T19:25:15","date_gmt":"2025-11-08T19:25:15","guid":{"rendered":"https:\/\/www.europesays.com\/fi\/84825\/"},"modified":"2025-11-08T19:25:15","modified_gmt":"2025-11-08T19:25:15","slug":"suomi-voitti-jalleen","status":"publish","type":"post","link":"https:\/\/www.europesays.com\/fi\/84825\/","title":{"rendered":"Suomi voitti j\u00e4lleen"},"content":{"rendered":"<p>Naisleijonat otti vakuuttavan voiton Ruotsin EHT-turnauksesta.<\/p>\n<p><img decoding=\"async\" class=\"image image-show image-preview\" src=\"https:\/\/www.europesays.com\/fi\/wp-content\/uploads\/2025\/11\/1762629912_282_d2c32fbc9eb6956db0a4be1ea67d51cdf544e02027851ffbd3f43765829ad3e6.jpg\" alt=\"\"\/><img decoding=\"async\" class=\"image image-show\" src=\"https:\/\/www.europesays.com\/fi\/wp-content\/uploads\/2025\/11\/1762629913_490_d2c32fbc9eb6956db0a4be1ea67d51cdf544e02027851ffbd3f43765829ad3e6.jpg\" alt=\"\"\/><\/p>\n<p>Tero Lehter\u00e4n Naisleijonat on vahvassa vedossa. Pete Anikari<\/p>\n<p class=\"paragraph\">Suomen naisten j\u00e4\u00e4kiekkomaajoukkue p\u00e4\u00e4tti Ruotsin \u00c4ngelholmissa pelatun EHT-turnauksen tyylill\u00e4. <strong>Tero Lehter\u00e4n<\/strong> luotsaama joukkue voitti kaikki kolme otteluaan ja nappasi turnausvoiton puhtaalla pelill\u00e4.<\/p>\n<p class=\"paragraph\">Turnauksen p\u00e4\u00e4t\u00f6skamppailussa Suomi kaatoi lauantaina is\u00e4nt\u00e4maa Ruotsin jatkoajalla lukemin 2\u20131.<\/p>\n<p class=\"paragraph\">Ottelun avausmaali n\u00e4htiin toisen er\u00e4n puoliv\u00e4liss\u00e4, kun Ruotsin <strong>Mira Hallin<\/strong> vei kotijoukkueen 1\u20130-johtoon ajassa 27.44.<\/p>\n<p class=\"paragraph\">Naisleijonat vastasi nopeasti: vain viisi minuuttia my\u00f6hemmin <strong>Emma Nuutinen<\/strong> tasoitti ottelun <strong>Noora Tuluksen<\/strong> ja <strong>Ronja Savolaisen<\/strong> esity\u00f6st\u00e4.<\/p>\n<p class=\"paragraph\">Ratkaisua haettiin lopulta jatkoajalta, jossa Suomen sankariksi nousi <strong>Elisa Holopainen<\/strong>. 23-vuotias Fr\u00f6lunda-pelaaja iski voittomaalin ajassa 60.52 ja sinet\u00f6i Suomen turnausvoiton.<\/p>\n<p class=\"paragraph\">Naisleijonat jatkaa Lehter\u00e4n alaisuudessa yh\u00e4 tappiottomana. Kev\u00e4\u00e4ll\u00e4 teht\u00e4v\u00e4\u00e4n nimitetyn p\u00e4\u00e4valmentajan johdolla joukkue on voittanut kaikki kuusi otteluaan.<\/p>\n<p><a href=\"https:\/\/www.iltalehti.fi\/telkku\/?utm_source=iltalehti.fi&amp;utm_medium=almainternal&amp;utm_campaign=urheilu_artikkelibanneri&amp;utm_content=banner_612_a\" rel=\"nofollow noopener\" target=\"_blank\"><img decoding=\"async\" src=\"https:\/\/www.europesays.com\/fi\/wp-content\/uploads\/2025\/08\/7ef604e47d46ca174b7df4149bd3557dbde56a86d520f8e1b2125548b0a2e03a.png\" alt=\"TV-ohjelmat t\u00e4n\u00e4\u00e4n, TV-opas\"\/><\/a><\/p>\n","protected":false},"excerpt":{"rendered":"Naisleijonat otti vakuuttavan voiton Ruotsin EHT-turnauksesta. Tero Lehter\u00e4n Naisleijonat on vahvassa vedossa. Pete Anikari Suomen naisten j\u00e4\u00e4kiekkomaajoukkue p\u00e4\u00e4tti&hellip;\n","protected":false},"author":2,"featured_media":84826,"comment_status":"","ping_status":"","sticky":false,"template":"","format":"standard","meta":{"footnotes":""},"categories":[5],"tags":[35,1274,22,23,26,27,33,31,30,17,1143,24,25,41,28,29,15,18,21,32,1145,19,20,161,16],"class_list":{"0":"post-84825","1":"post","2":"type-post","3":"status-publish","4":"format-standard","5":"has-post-thumbnail","7":"category-otsikot","8":"tag-24h","9":"tag-ammattiurheilu","10":"tag-breaking-news","11":"tag-breakingnews","12":"tag-featured-news","13":"tag-featurednews","14":"tag-fi","15":"tag-finland","16":"tag-finnish","17":"tag-headlines","18":"tag-jaakiekko","19":"tag-latest-news","20":"tag-latestnews","21":"tag-liikunta-ja-urheilu","22":"tag-main-news","23":"tag-mainnews","24":"tag-news","25":"tag-otsikot","26":"tag-paauutiset","27":"tag-suomi","28":"tag-talviurheilu","29":"tag-top-stories","30":"tag-topstories","31":"tag-urheilutapahtumat","32":"tag-uutiset"},"share_on_mastodon":{"url":"https:\/\/pubeurope.com\/@fi\/115515721531835876","error":""},"_links":{"self":[{"href":"https:\/\/www.europesays.com\/fi\/wp-json\/wp\/v2\/posts\/84825","targetHints":{"allow":["GET"]}}],"collection":[{"href":"https:\/\/www.europesays.com\/fi\/wp-json\/wp\/v2\/posts"}],"about":[{"href":"https:\/\/www.europesays.com\/fi\/wp-json\/wp\/v2\/types\/post"}],"author":[{"embeddable":true,"href":"https:\/\/www.europesays.com\/fi\/wp-json\/wp\/v2\/users\/2"}],"replies":[{"embeddable":true,"href":"https:\/\/www.europesays.com\/fi\/wp-json\/wp\/v2\/comments?post=84825"}],"version-history":[{"count":0,"href":"https:\/\/www.europesays.com\/fi\/wp-json\/wp\/v2\/posts\/84825\/revisions"}],"wp:featuredmedia":[{"embeddable":true,"href":"https:\/\/www.europesays.com\/fi\/wp-json\/wp\/v2\/media\/84826"}],"wp:attachment":[{"href":"https:\/\/www.europesays.com\/fi\/wp-json\/wp\/v2\/media?parent=84825"}],"wp:term":[{"taxonomy":"category","embeddable":true,"href":"https:\/\/www.europesays.com\/fi\/wp-json\/wp\/v2\/categories?post=84825"},{"taxonomy":"post_tag","embeddable":true,"href":"https:\/\/www.europesays.com\/fi\/wp-json\/wp\/v2\/tags?post=84825"}],"curies":[{"name":"wp","href":"https:\/\/api.w.org\/{rel}","templated":true}]}}