{"id":84827,"date":"2025-11-08T19:37:11","date_gmt":"2025-11-08T19:37:11","guid":{"rendered":"https:\/\/www.europesays.com\/fi\/84827\/"},"modified":"2025-11-08T19:37:11","modified_gmt":"2025-11-08T19:37:11","slug":"nayttelija-alina-tomnikov-puhuu-itselleen-rumia-asioita","status":"publish","type":"post","link":"https:\/\/www.europesays.com\/fi\/84827\/","title":{"rendered":"N\u00e4yttelij\u00e4 Alina Tomnikov puhuu itselleen rumia asioita"},"content":{"rendered":"<p><strong class=\"typography-bold\">Kansainv\u00e4list\u00e4 uraa luova Alina Tomnikov joutuu muistuttamaan itse\u00e4\u00e4n siit\u00e4, ett\u00e4 juuri h\u00e4nen t\u00e4ytyy olla oman el\u00e4m\u00e4ns\u00e4 ohjaksissa.<\/strong><\/p>\n<p>Leffateattereissa py\u00f6rii t\u00e4ll\u00e4 hetkell\u00e4 elokuva Huutamisen taito, jossa n\u00e4yttelij\u00e4 <a class=\"underline\" data-testid=\"internal-link\" role=\"link\" data-sentry-element=\"Link\" data-sentry-component=\"InternalLink\" data-sentry-source-file=\"InternalLink.tsx\" href=\"https:\/\/www.mtvuutiset.fi\/aihe\/alina-tomnikov\/6745526\" rel=\"nofollow noopener\" target=\"_blank\"><strong class=\"typography-bold\">Alina Tomnikovilla <\/strong><\/a>on p\u00e4\u00e4rooli. H\u00e4n n\u00e4yttelee Heloisaa, jolla on kieroutunut psyyke ja v\u00e4kivaltainen lapsuus. Roolihahmo k\u00e4rsii aina rakastuessaan sadistista ja v\u00e4kivaltaisista pakkoajatuksista.\u00a0<\/p>\n<p>Elokuvan on ohjannut ja k\u00e4sikirjoittanut <strong class=\"typography-bold\">Josefina Rautiainen<\/strong>. Roolity\u00f6 sai Tomnikovin miettim\u00e4\u00e4n, miten paljon omat ajatukset voivatkaan muokata min\u00e4kuvaa.\u00a0<\/p>\n<p>\u2013 Olen puhunut itselleni aika rumiakin asioita hiljaa \u00e4\u00e4neen omasta ulkon\u00e4\u00f6st\u00e4ni, persoonastani ja siit\u00e4, ett\u00e4 olen liian t\u00e4t\u00e4 tai liian v\u00e4h\u00e4n t\u00e4t\u00e4.\u00a0<\/p>\n<p>\u2013 Elokuva muistutti siit\u00e4, ett\u00e4 min\u00e4 olen min\u00e4 ja minun pit\u00e4isi olla el\u00e4m\u00e4ni ohjaksissa. Jos puhun jatkuvasti itselleni rumasti, niin mit\u00e4 hemmetti\u00e4, Tomnikov pohtii.\u00a0<\/p>\n<p><strong class=\"typography-bold\">Lue my\u00f6s: <\/strong><a class=\"underline\" data-testid=\"internal-link\" role=\"link\" data-sentry-element=\"Link\" data-sentry-component=\"InternalLink\" data-sentry-source-file=\"InternalLink.tsx\" href=\"https:\/\/www.mtvuutiset.fi\/artikkeli\/alina-tomnikov-kansainvalisen-jattituotannon-tahdeksi-tama-on-iso-hyppy-tuntemattomaan\/9189900\" rel=\"nofollow noopener\" target=\"_blank\"><strong class=\"typography-bold\">Alina Tomnikova kansainv\u00e4lisen j\u00e4ttituotannon t\u00e4hdeksi: \u201dT\u00e4m\u00e4 on iso hyppy tuntemattomaan\u201d<\/strong><\/a><\/p>\n","protected":false},"excerpt":{"rendered":"Kansainv\u00e4list\u00e4 uraa luova Alina Tomnikov joutuu muistuttamaan itse\u00e4\u00e4n siit\u00e4, ett\u00e4 juuri h\u00e4nen t\u00e4ytyy olla oman el\u00e4m\u00e4ns\u00e4 ohjaksissa. Leffateattereissa&hellip;\n","protected":false},"author":2,"featured_media":84828,"comment_status":"","ping_status":"","sticky":false,"template":"","format":"standard","meta":{"footnotes":""},"categories":[136],"tags":[407,137,33,31,30,408,32,109],"class_list":{"0":"post-84827","1":"post","2":"type-post","3":"status-publish","4":"format-standard","5":"has-post-thumbnail","7":"category-julkkikset","8":"tag-celebrities","9":"tag-entertainment","10":"tag-fi","11":"tag-finland","12":"tag-finnish","13":"tag-julkkikset","14":"tag-suomi","15":"tag-viihde"},"share_on_mastodon":{"url":"https:\/\/pubeurope.com\/@fi\/115515768377789216","error":""},"_links":{"self":[{"href":"https:\/\/www.europesays.com\/fi\/wp-json\/wp\/v2\/posts\/84827","targetHints":{"allow":["GET"]}}],"collection":[{"href":"https:\/\/www.europesays.com\/fi\/wp-json\/wp\/v2\/posts"}],"about":[{"href":"https:\/\/www.europesays.com\/fi\/wp-json\/wp\/v2\/types\/post"}],"author":[{"embeddable":true,"href":"https:\/\/www.europesays.com\/fi\/wp-json\/wp\/v2\/users\/2"}],"replies":[{"embeddable":true,"href":"https:\/\/www.europesays.com\/fi\/wp-json\/wp\/v2\/comments?post=84827"}],"version-history":[{"count":0,"href":"https:\/\/www.europesays.com\/fi\/wp-json\/wp\/v2\/posts\/84827\/revisions"}],"wp:featuredmedia":[{"embeddable":true,"href":"https:\/\/www.europesays.com\/fi\/wp-json\/wp\/v2\/media\/84828"}],"wp:attachment":[{"href":"https:\/\/www.europesays.com\/fi\/wp-json\/wp\/v2\/media?parent=84827"}],"wp:term":[{"taxonomy":"category","embeddable":true,"href":"https:\/\/www.europesays.com\/fi\/wp-json\/wp\/v2\/categories?post=84827"},{"taxonomy":"post_tag","embeddable":true,"href":"https:\/\/www.europesays.com\/fi\/wp-json\/wp\/v2\/tags?post=84827"}],"curies":[{"name":"wp","href":"https:\/\/api.w.org\/{rel}","templated":true}]}}