{"id":84912,"date":"2025-11-08T21:54:07","date_gmt":"2025-11-08T21:54:07","guid":{"rendered":"https:\/\/www.europesays.com\/fi\/84912\/"},"modified":"2025-11-08T21:54:07","modified_gmt":"2025-11-08T21:54:07","slug":"raumalaisen-vastustajalta-myrskyvaroitus-theo-kolehmaiselta-hurja-tyrmays","status":"publish","type":"post","link":"https:\/\/www.europesays.com\/fi\/84912\/","title":{"rendered":"Raumalaisen vastustajalta myrskyvaroitus: Theo Kolehmaiselta hurja tyrm\u00e4ys"},"content":{"rendered":"<p>Theo Kolehmainen otti n\u00e4ytt\u00e4v\u00e4n voiton Turussa lauantai-iltana. Iso ottelu raumalaista Toni Lampista vastaan koittaa Espoossa joulukuussa.<\/p>\n<p class=\"article-body mb-nof-24 px-nof-16\">Raumalainen vapaaottelija <a class=\"article-personlink\" href=\"https:\/\/www.satakunnankansa.fi\/haku\/?query=Toni%20Lampinen\" rel=\"nofollow noopener\" target=\"_blank\">Toni Lampinen<\/a>, 35, astelee joulukuussa otteluun, josta puhuttaneen ennakkoon enemm\u00e4n kuin mist\u00e4\u00e4n h\u00e4nen aiemmista koitoksistaan.<\/p>\n<p class=\"article-body mb-nof-24 px-nof-16\">Syyn\u00e4 on vastustaja eli <a class=\"article-personlink\" href=\"https:\/\/www.satakunnankansa.fi\/haku\/?query=Theo%20Kolehmainen\" rel=\"nofollow noopener\" target=\"_blank\">Theo Kolehmainen<\/a>.<\/p>\n<p class=\"article-body mb-nof-24 px-nof-16\">Kovaan suosioon sosiaalisessa mediassa noussut Kolehmainen, 25, heitti lis\u00e4\u00e4 vett\u00e4 kiukaalle lauantai-iltana, kun otti ison tyrm\u00e4ys\u00advoiton italialaisesta <a class=\"article-personlink\" href=\"https:\/\/www.satakunnankansa.fi\/haku\/?query=Simone%20Mannosta\" rel=\"nofollow noopener\" target=\"_blank\">Simone Mannosta<\/a>.<\/p>\n<p class=\"article-body mb-nof-24 px-nof-16\">Brittil\u00e4isess\u00e4 Cage Warriorsissa vuonna 2023 otellut Manno kohtasi Kolehmaisen Kupittaan palloilu\u00adhallissa Turussa Hamara MMA 8 -ottelu\u00adillassa ja aloitti koitoksen hyvin.<\/p>\n<p class=\"article-body mb-nof-24 px-nof-16\">Manno oli jopa l\u00e4hell\u00e4 teknist\u00e4 tyrm\u00e4yst\u00e4 heti ensimm\u00e4isess\u00e4 er\u00e4ss\u00e4, mutta Kolehmainen selviytyi tilanteesta ja tyrm\u00e4si lopulta Mannon saman er\u00e4n aikana.<\/p>\n<p class=\"article-body mb-nof-24 px-nof-16\">Tyrm\u00e4ys tuli hurjalla ly\u00f6nnill\u00e4.<\/p>\n<p class=\"article-body mb-nof-24 px-nof-16\">Lampisen ja Kolehmaisen ottelu n\u00e4hd\u00e4\u00e4n j\u00e4\u00e4\u00adkiekon SM-liiga\u00adjoukkue Kiekko-Espoon koti\u00adhallissa Ice Cage 6 -ottelu\u00adillassa tapanin\u00adp\u00e4iv\u00e4n\u00e4 26. joulukuuta.<\/p>\n<p class=\"article-body mb-nof-24 px-nof-16\">Lampisella on takanaan kahdeksan voittoa, kahdeksan tappiota ammattilais\u00advapaaottelussa. Kolehmaisen saldo on nyt kaksi voittoa, yksi tappio.<\/p>\n<p class=\"article-body mb-nof-24 px-nof-16\">Ainoan tappionsa Kolehmainen koki Suomen viimeisint\u00e4 UFC-t\u00e4hte\u00e4, <a class=\"article-personlink\" href=\"https:\/\/www.satakunnankansa.fi\/haku\/?query=Makwan%20Amirkhania\" rel=\"nofollow noopener\" target=\"_blank\">Makwan Amirkhania<\/a>, vastaan Ice Cage 5 -otteluillassa Turkuhallissa syyskuussa.<\/p>\n<p class=\"article-body mb-nof-24 px-nof-16\">Kupittaan Hamara MMA -otteluillassa voittoon ylsi my\u00f6s Eurasta kotoisin oleva kamppailija <a class=\"article-personlink\" href=\"https:\/\/www.satakunnankansa.fi\/haku\/?query=Elmo%20Peltonen\" rel=\"nofollow noopener\" target=\"_blank\">Elmo Peltonen<\/a>, joka otti kolmi\u00ader\u00e4isen nyrkkeily\u00adottelun ammattilais\u00advapaaottelu\u00adhanskoin.<\/p>\n<p class=\"article-body mb-nof-24 px-nof-16\">P\u00e4iv\u00e4kodin opettajana ty\u00f6skentelev\u00e4 \u2013 ja Eura Fight Brothersia aiemmin edustanut \u2013 Tampereen Kamppailu\u00adakatemian Peltonen, 27, voitti ottelussaan 39-vuotiaan <a class=\"article-personlink\" href=\"https:\/\/www.satakunnankansa.fi\/haku\/?query=Tomi%20Sormusen\" rel=\"nofollow noopener\" target=\"_blank\">Tomi Sormusen<\/a> tuomariston p\u00e4\u00e4t\u00f6ksell\u00e4.<\/p>\n","protected":false},"excerpt":{"rendered":"Theo Kolehmainen otti n\u00e4ytt\u00e4v\u00e4n voiton Turussa lauantai-iltana. Iso ottelu raumalaista Toni Lampista vastaan koittaa Espoossa joulukuussa. Raumalainen vapaaottelija&hellip;\n","protected":false},"author":2,"featured_media":84913,"comment_status":"","ping_status":"","sticky":false,"template":"","format":"standard","meta":{"footnotes":""},"categories":[158],"tags":[33,31,30,80,159,32,160],"class_list":{"0":"post-84912","1":"post","2":"type-post","3":"status-publish","4":"format-standard","5":"has-post-thumbnail","7":"category-urheilu","8":"tag-fi","9":"tag-finland","10":"tag-finnish","11":"tag-satakunnan-kansa","12":"tag-sports","13":"tag-suomi","14":"tag-urheilu"},"share_on_mastodon":{"url":"https:\/\/pubeurope.com\/@fi\/115516307221056353","error":""},"_links":{"self":[{"href":"https:\/\/www.europesays.com\/fi\/wp-json\/wp\/v2\/posts\/84912","targetHints":{"allow":["GET"]}}],"collection":[{"href":"https:\/\/www.europesays.com\/fi\/wp-json\/wp\/v2\/posts"}],"about":[{"href":"https:\/\/www.europesays.com\/fi\/wp-json\/wp\/v2\/types\/post"}],"author":[{"embeddable":true,"href":"https:\/\/www.europesays.com\/fi\/wp-json\/wp\/v2\/users\/2"}],"replies":[{"embeddable":true,"href":"https:\/\/www.europesays.com\/fi\/wp-json\/wp\/v2\/comments?post=84912"}],"version-history":[{"count":0,"href":"https:\/\/www.europesays.com\/fi\/wp-json\/wp\/v2\/posts\/84912\/revisions"}],"wp:featuredmedia":[{"embeddable":true,"href":"https:\/\/www.europesays.com\/fi\/wp-json\/wp\/v2\/media\/84913"}],"wp:attachment":[{"href":"https:\/\/www.europesays.com\/fi\/wp-json\/wp\/v2\/media?parent=84912"}],"wp:term":[{"taxonomy":"category","embeddable":true,"href":"https:\/\/www.europesays.com\/fi\/wp-json\/wp\/v2\/categories?post=84912"},{"taxonomy":"post_tag","embeddable":true,"href":"https:\/\/www.europesays.com\/fi\/wp-json\/wp\/v2\/tags?post=84912"}],"curies":[{"name":"wp","href":"https:\/\/api.w.org\/{rel}","templated":true}]}}