{"id":84920,"date":"2025-11-08T22:00:07","date_gmt":"2025-11-08T22:00:07","guid":{"rendered":"https:\/\/www.europesays.com\/fi\/84920\/"},"modified":"2025-11-08T22:00:07","modified_gmt":"2025-11-08T22:00:07","slug":"poliisiauto-pinteessa-kokkolassa-ilta-sanomat","status":"publish","type":"post","link":"https:\/\/www.europesays.com\/fi\/84920\/","title":{"rendered":"Poliisiauto pinteess\u00e4 Kokkolassa &#8211; Ilta-Sanomat"},"content":{"rendered":"<p>\u201dSiin\u00e4 auto keikkui\u201d, silminn\u00e4kij\u00e4 kuvailee.<\/p>\n<p>8.11. 22:46<\/p>\n<p class=\"article-body mb-nof-24 px-nof-16\">Poliisiauto joutui pinteeseen Kokkolan Halkokarissa noin iltakahdeksalta lauantaina.<\/p>\n<p class=\"article-body mb-nof-24 px-nof-16\"><a class=\"article-personlink\" href=\"https:\/\/www.is.fi\/haku\/?query=Ellie%20Malmberg\" rel=\"nofollow noopener\" target=\"_blank\">Ellie Malmberg<\/a>, 17, kertoo olleensa auton kyydiss\u00e4 apukuljettajan paikalla, kun h\u00e4n huomasi poliisiauton osittain tielt\u00e4 suistuneena.<\/p>\n<p class=\"article-body mb-nof-24 px-nof-16\">\u2013 Siin\u00e4 auto keikkui ja kun osuttiin kohdalle, otin kameran k\u00e4teen. Siin\u00e4 ei sin\u00e4ll\u00e4\u00e4n ollut vaaratilannetta, mutta n\u00e4ky oli hassu.<\/p>\n<p class=\"article-body mb-nof-24 px-nof-16\">Pohjanmaan poliisi kertoo <a class=\"article-genericlink\" href=\"https:\/\/www.iltalehti.fi\/kotimaa\/a\/4e57b581-05d6-430b-938c-fba5c7f401f2\" rel=\"nofollow noopener\" target=\"_blank\">Iltalehdelle<\/a>, ett\u00e4 auto p\u00e4\u00e4tyi ojaan, koska poliisipartiolle oli sattunut lipsahdus peruuttamisen yhteydess\u00e4.<\/p>\n","protected":false},"excerpt":{"rendered":"\u201dSiin\u00e4 auto keikkui\u201d, silminn\u00e4kij\u00e4 kuvailee. 8.11. 22:46 Poliisiauto joutui pinteeseen Kokkolan Halkokarissa noin iltakahdeksalta lauantaina. Ellie Malmberg, 17,&hellip;\n","protected":false},"author":2,"featured_media":84921,"comment_status":"","ping_status":"","sticky":false,"template":"","format":"standard","meta":{"footnotes":""},"categories":[12],"tags":[22,23,26,27,33,31,30,17,34,24,25,28,29,15,18,21,32,19,20,16],"class_list":{"0":"post-84920","1":"post","2":"type-post","3":"status-publish","4":"format-standard","5":"has-post-thumbnail","7":"category-suomi","8":"tag-breaking-news","9":"tag-breakingnews","10":"tag-featured-news","11":"tag-featurednews","12":"tag-fi","13":"tag-finland","14":"tag-finnish","15":"tag-headlines","16":"tag-ilta-sanomat","17":"tag-latest-news","18":"tag-latestnews","19":"tag-main-news","20":"tag-mainnews","21":"tag-news","22":"tag-otsikot","23":"tag-paauutiset","24":"tag-suomi","25":"tag-top-stories","26":"tag-topstories","27":"tag-uutiset"},"share_on_mastodon":{"url":"https:\/\/pubeurope.com\/@fi\/115516330703100039","error":""},"_links":{"self":[{"href":"https:\/\/www.europesays.com\/fi\/wp-json\/wp\/v2\/posts\/84920","targetHints":{"allow":["GET"]}}],"collection":[{"href":"https:\/\/www.europesays.com\/fi\/wp-json\/wp\/v2\/posts"}],"about":[{"href":"https:\/\/www.europesays.com\/fi\/wp-json\/wp\/v2\/types\/post"}],"author":[{"embeddable":true,"href":"https:\/\/www.europesays.com\/fi\/wp-json\/wp\/v2\/users\/2"}],"replies":[{"embeddable":true,"href":"https:\/\/www.europesays.com\/fi\/wp-json\/wp\/v2\/comments?post=84920"}],"version-history":[{"count":0,"href":"https:\/\/www.europesays.com\/fi\/wp-json\/wp\/v2\/posts\/84920\/revisions"}],"wp:featuredmedia":[{"embeddable":true,"href":"https:\/\/www.europesays.com\/fi\/wp-json\/wp\/v2\/media\/84921"}],"wp:attachment":[{"href":"https:\/\/www.europesays.com\/fi\/wp-json\/wp\/v2\/media?parent=84920"}],"wp:term":[{"taxonomy":"category","embeddable":true,"href":"https:\/\/www.europesays.com\/fi\/wp-json\/wp\/v2\/categories?post=84920"},{"taxonomy":"post_tag","embeddable":true,"href":"https:\/\/www.europesays.com\/fi\/wp-json\/wp\/v2\/tags?post=84920"}],"curies":[{"name":"wp","href":"https:\/\/api.w.org\/{rel}","templated":true}]}}