{"id":84926,"date":"2025-11-08T22:17:07","date_gmt":"2025-11-08T22:17:07","guid":{"rendered":"https:\/\/www.europesays.com\/fi\/84926\/"},"modified":"2025-11-08T22:17:07","modified_gmt":"2025-11-08T22:17:07","slug":"ozzy-osbourne-suunnitteli-uutta-1990-luvun-alun-tunnelmiin-palaava-levya-ennen-kuolemaansa-sanoo-zakk-wylde","status":"publish","type":"post","link":"https:\/\/www.europesays.com\/fi\/84926\/","title":{"rendered":"Ozzy Osbourne suunnitteli uutta 1990-luvun alun tunnelmiin palaava levy\u00e4 ennen kuolemaansa, sanoo Zakk Wylde"},"content":{"rendered":"<p>Vuosia Ozzy Osbournen yhtyeess\u00e4 kitaraa kurittanut Zakk Wylde jutusteli tuoreessa haastattelussaan edesmenneest\u00e4 pomostaan. Wylden mukaan Ozzy suunnitteli paluuta No More Tears -aikakauden soundeihin.<\/p>\n<p>\u201dH\u00e4n tekstaili minulle: \u2019Zakk, tehd\u00e4\u00e4n uusi levy. Rakastin sit\u00e4 mit\u00e4 teit Allman Brothers\/Lynyrd Skynyrd -vaiheessasi No More Tearsin aikoihin. Se oli raskasta mutta melodista. Ei pelkk\u00e4\u00e4 takomista.&#8217;\u201d, Wylde muistelee <a href=\"https:\/\/www.nj.com\/entertainment\/2025\/11\/nj-native-zakk-wylde-talks-final-show-with-ozzy-osbourne.html\" target=\"_blank\" rel=\"noreferrer noopener nofollow\">NJ.comin<\/a> haastattelussa. \u201d\u2019Okei, Oz. Ihan mit\u00e4 vain haluat\u2019, vastasin.\u201d<\/p>\n<p>Projekti j\u00e4i toteutumatta, sill\u00e4 Ozzy menehtyi pian Back to the Beginning -j\u00e4\u00e4hyv\u00e4iskeikkansa j\u00e4lkeen.<\/p>\n<p>Wylde ei ollut mukana Ozzyn vuoden 2020 Ordinary Man -albumilla, mutta vingutti j\u00e4lleen tutusti kitaraa sit\u00e4 seuranneella Patient Number 9:ll\u00e4. Alunperin Wylde liittyi Ozzy remmiin vuonna 1987.<\/p>\n","protected":false},"excerpt":{"rendered":"Vuosia Ozzy Osbournen yhtyeess\u00e4 kitaraa kurittanut Zakk Wylde jutusteli tuoreessa haastattelussaan edesmenneest\u00e4 pomostaan. Wylden mukaan Ozzy suunnitteli paluuta&hellip;\n","protected":false},"author":2,"featured_media":84927,"comment_status":"","ping_status":"","sticky":false,"template":"","format":"standard","meta":{"footnotes":""},"categories":[132],"tags":[137,33,31,30,195,47,32,109],"class_list":{"0":"post-84926","1":"post","2":"type-post","3":"status-publish","4":"format-standard","5":"has-post-thumbnail","7":"category-musiikki","8":"tag-entertainment","9":"tag-fi","10":"tag-finland","11":"tag-finnish","12":"tag-music","13":"tag-musiikki","14":"tag-suomi","15":"tag-viihde"},"share_on_mastodon":{"url":"https:\/\/pubeurope.com\/@fi\/115516397530181765","error":""},"_links":{"self":[{"href":"https:\/\/www.europesays.com\/fi\/wp-json\/wp\/v2\/posts\/84926","targetHints":{"allow":["GET"]}}],"collection":[{"href":"https:\/\/www.europesays.com\/fi\/wp-json\/wp\/v2\/posts"}],"about":[{"href":"https:\/\/www.europesays.com\/fi\/wp-json\/wp\/v2\/types\/post"}],"author":[{"embeddable":true,"href":"https:\/\/www.europesays.com\/fi\/wp-json\/wp\/v2\/users\/2"}],"replies":[{"embeddable":true,"href":"https:\/\/www.europesays.com\/fi\/wp-json\/wp\/v2\/comments?post=84926"}],"version-history":[{"count":0,"href":"https:\/\/www.europesays.com\/fi\/wp-json\/wp\/v2\/posts\/84926\/revisions"}],"wp:featuredmedia":[{"embeddable":true,"href":"https:\/\/www.europesays.com\/fi\/wp-json\/wp\/v2\/media\/84927"}],"wp:attachment":[{"href":"https:\/\/www.europesays.com\/fi\/wp-json\/wp\/v2\/media?parent=84926"}],"wp:term":[{"taxonomy":"category","embeddable":true,"href":"https:\/\/www.europesays.com\/fi\/wp-json\/wp\/v2\/categories?post=84926"},{"taxonomy":"post_tag","embeddable":true,"href":"https:\/\/www.europesays.com\/fi\/wp-json\/wp\/v2\/tags?post=84926"}],"curies":[{"name":"wp","href":"https:\/\/api.w.org\/{rel}","templated":true}]}}