{"id":84966,"date":"2025-11-08T23:18:13","date_gmt":"2025-11-08T23:18:13","guid":{"rendered":"https:\/\/www.europesays.com\/fi\/84966\/"},"modified":"2025-11-08T23:18:13","modified_gmt":"2025-11-08T23:18:13","slug":"tama-on-kaytosta-poistettavien-hornetien-kohtalo","status":"publish","type":"post","link":"https:\/\/www.europesays.com\/fi\/84966\/","title":{"rendered":"T\u00e4m\u00e4 on k\u00e4yt\u00f6st\u00e4 poistettavien Hornetien kohtalo"},"content":{"rendered":"<p><strong class=\"typography-bold\">Suomen Hornet-h\u00e4vitt\u00e4j\u00e4t puretaan p\u00e4\u00e4osin ensin varaosiksi ja lopulta h\u00e4vitet\u00e4\u00e4n, kun ne poistuvat seuraavien viiden vuoden kuluessa k\u00e4yt\u00f6st\u00e4.<\/strong><\/p>\n<p>Ilmavoimien komentaja <strong class=\"typography-bold\">Timo Herranen<\/strong> kertoo Uutisextrassa, ettei F\/A-18 Hornet -h\u00e4vitt\u00e4ji\u00e4 todenn\u00e4k\u00f6isesti j\u00e4\u00e4 myyntiin, koska ilmavoimien suunnitelmissa on lent\u00e4\u00e4 ne loppuun.<\/p>\n<p>\u2013 Elinkaaren jatkaminen ensi vuosikymmenelle on vaikeata, ellei mahdotonta. Se edellytt\u00e4isi isoja rakenteellisia korjauksia. Ja osaa osista ei en\u00e4\u00e4 valmisteta. Esimerkiksi keskirunko ja muut runko-osat olisi eritt\u00e4in vaikea korvata ja olisi todella suuri kustannus, Herranen sanoo.<\/p>\n<p>Ukraina julkisti v\u00e4h\u00e4n aikaa sitten suuren h\u00e4vitt\u00e4j\u00e4diilin ruotsalaisten Gripen-h\u00e4vitt\u00e4jien hankkimiseksi, joten Ukraina ei haikaile Suomen vanhojen h\u00e4vitt\u00e4jien per\u00e4\u00e4n.<\/p>\n<p>Hornetit ovat lis\u00e4ksi viiden vuoden kuluttua ty\u00f6ns\u00e4 tehneet.<\/p>\n<p>\u2013 Suorituskyky ensi vuosikymmenell\u00e4 t\u00e4ss\u00e4 meid\u00e4n ymp\u00e4rist\u00f6ss\u00e4 tai Ukrainassa olisi sellainen, ettei sill\u00e4 kyvyll\u00e4 en\u00e4\u00e4 kunnolla p\u00e4rj\u00e4isi, Herranen selvitt\u00e4\u00e4.<\/p>\n<p>Suomi saa ensi vuodesta alkaen v\u00e4hitellen k\u00e4ytt\u00f6\u00f6n uusia F-35-h\u00e4vitt\u00e4ji\u00e4.<\/p>\n<p><strong class=\"typography-bold\">Lue my\u00f6s: <\/strong><a class=\"underline\" data-testid=\"internal-link\" role=\"link\" data-sentry-element=\"Link\" data-sentry-component=\"InternalLink\" data-sentry-source-file=\"InternalLink.tsx\" href=\"https:\/\/www.mtvuutiset.fi\/artikkeli\/f-35-liitaa-suomeen-vuoden-kuluessa-ilmavoimien-komentaja-kertoo-seuraavasta-konehankinnasta\/9252444\" rel=\"nofollow noopener\" target=\"_blank\"><\/a><\/p>\n","protected":false},"excerpt":{"rendered":"Suomen Hornet-h\u00e4vitt\u00e4j\u00e4t puretaan p\u00e4\u00e4osin ensin varaosiksi ja lopulta h\u00e4vitet\u00e4\u00e4n, kun ne poistuvat seuraavien viiden vuoden kuluessa k\u00e4yt\u00f6st\u00e4. Ilmavoimien&hellip;\n","protected":false},"author":2,"featured_media":40279,"comment_status":"","ping_status":"","sticky":false,"template":"","format":"standard","meta":{"footnotes":""},"categories":[12],"tags":[22,23,26,27,33,31,30,17,24,25,28,29,15,18,21,32,19,20,16],"class_list":{"0":"post-84966","1":"post","2":"type-post","3":"status-publish","4":"format-standard","5":"has-post-thumbnail","7":"category-suomi","8":"tag-breaking-news","9":"tag-breakingnews","10":"tag-featured-news","11":"tag-featurednews","12":"tag-fi","13":"tag-finland","14":"tag-finnish","15":"tag-headlines","16":"tag-latest-news","17":"tag-latestnews","18":"tag-main-news","19":"tag-mainnews","20":"tag-news","21":"tag-otsikot","22":"tag-paauutiset","23":"tag-suomi","24":"tag-top-stories","25":"tag-topstories","26":"tag-uutiset"},"share_on_mastodon":{"url":"https:\/\/pubeurope.com\/@fi\/115516637467552470","error":""},"_links":{"self":[{"href":"https:\/\/www.europesays.com\/fi\/wp-json\/wp\/v2\/posts\/84966","targetHints":{"allow":["GET"]}}],"collection":[{"href":"https:\/\/www.europesays.com\/fi\/wp-json\/wp\/v2\/posts"}],"about":[{"href":"https:\/\/www.europesays.com\/fi\/wp-json\/wp\/v2\/types\/post"}],"author":[{"embeddable":true,"href":"https:\/\/www.europesays.com\/fi\/wp-json\/wp\/v2\/users\/2"}],"replies":[{"embeddable":true,"href":"https:\/\/www.europesays.com\/fi\/wp-json\/wp\/v2\/comments?post=84966"}],"version-history":[{"count":0,"href":"https:\/\/www.europesays.com\/fi\/wp-json\/wp\/v2\/posts\/84966\/revisions"}],"wp:featuredmedia":[{"embeddable":true,"href":"https:\/\/www.europesays.com\/fi\/wp-json\/wp\/v2\/media\/40279"}],"wp:attachment":[{"href":"https:\/\/www.europesays.com\/fi\/wp-json\/wp\/v2\/media?parent=84966"}],"wp:term":[{"taxonomy":"category","embeddable":true,"href":"https:\/\/www.europesays.com\/fi\/wp-json\/wp\/v2\/categories?post=84966"},{"taxonomy":"post_tag","embeddable":true,"href":"https:\/\/www.europesays.com\/fi\/wp-json\/wp\/v2\/tags?post=84966"}],"curies":[{"name":"wp","href":"https:\/\/api.w.org\/{rel}","templated":true}]}}