{"id":84984,"date":"2025-11-08T23:57:09","date_gmt":"2025-11-08T23:57:09","guid":{"rendered":"https:\/\/www.europesays.com\/fi\/84984\/"},"modified":"2025-11-08T23:57:09","modified_gmt":"2025-11-08T23:57:09","slug":"reijo-taipaleen-tie-dokumentti-perehtyy-vanhan-liiton-artistiin","status":"publish","type":"post","link":"https:\/\/www.europesays.com\/fi\/84984\/","title":{"rendered":"Reijo Taipaleen tie -dokumentti perehtyy vanhan liiton artistiin"},"content":{"rendered":"<p>\n  Ohjelma seuraa Reijo Taipaletta ty\u00f6n ja ty\u00f6h\u00f6n liittyvien muistojen \u00e4\u00e4rell\u00e4.<\/p>\n<p>Viel\u00e4 el\u00e4v\u00e4\u00e4 henkil\u00f6\u00e4 kunnioitetaan harvemmin nime\u00e4m\u00e4ll\u00e4 jokin tie h\u00e4nen mukaansa. <strong>Reijo Taipale<\/strong> kuitenkin koki t\u00e4m\u00e4n huomionosoituksen, ja henkil\u00f6kuvan aluksi laulaja seisoo nimikkotiens\u00e4 risteyksess\u00e4: tuonne p\u00e4in l\u00e4htee Reijo Taipaleen tie.<\/p>\n<p>Miehikk\u00e4l\u00e4l\u00e4iseen maanviljelij\u00e4perheeseen synytynyt Taipale (1940\u20132019) halusi laulaa pikkupojasta asti, ja nimenomaan tanssilavoille h\u00e4nen tiens\u00e4 vei. Suureksi l\u00e4pimurtokappaleeksi nousi \u00adtulkinta <strong>Unto Monosen<\/strong> Satumaa-tangosta vuonna 1962. Laskujensa mukaan Taipale on esitt\u00e4nyt laulun yli 7 000 kertaa.<\/p>\n<p><a href=\"https:\/\/seura.fi\/viihde\/julkkikset\/tangolaulaja-reijo-taipaleen-sotien-aikaan-alkanut-elamantarina-on-yhta-komea-kuin-suomen\/\" rel=\"nofollow noopener\" target=\"_blank\">Lue my\u00f6s: Tangolaulaja Reijo Taipaleen sotien aikaan alkanut el\u00e4m\u00e4ntarina on yht\u00e4 komea kuin Suomen<\/a><\/p>\n<p>Taitelijakuva nostaa esiin tanssimusiikin veteraanin<\/p>\n<p><strong>Pertti Pesosen<\/strong> ohjaama henkil\u00f6kuva valmistui vuonna 2009, jolloin laulajalla oli takanaan vakavan sairastumisen aiheuttama poissaolo lavoilta. Niille h\u00e4n kuitenkin palasi. Ohjelma seuraa Taipaletta nimenomaan ty\u00f6n ja ty\u00f6h\u00f6n liittyvien muistojen \u00e4\u00e4rell\u00e4. <\/p>\n<p>Taipaleessa henkil\u00f6ityy vanhan liiton \u00adartisti ja tanssimusiikin veteraani: asiat hoidetaan, sana pit\u00e4\u00e4 eik\u00e4 keikoista \u00adtarvitse tehd\u00e4 kirjallisia sopimuksia. T\u00e4t\u00e4 taiteilijakuvaa ohjelma ei yrit\u00e4k\u00e4\u00e4n \u00adsyvent\u00e4\u00e4 tai laajentaa.<\/p>\n<p>Reijo Taipaleen tie, lauantai 8.11. klo 12.42, <a href=\"https:\/\/areena.yle.fi\/1-1066246\" rel=\"nofollow noopener\" target=\"_blank\">TV1<\/a><\/p>\n<p><a href=\"https:\/\/seura.fi\/viihde\/julkkikset\/satumaa-tangon-rakastettu-tulkitsija-reijo-taipale-on-poissa\/\" rel=\"nofollow noopener\" target=\"_blank\">Lue my\u00f6s: Satumaa-tangon rakastettu tulkitsija Reijo Taipale on poissa<\/a><\/p>\n<p>    <a href=\"https:\/\/seura.fi\/wp-content\/uploads\/2019\/05\/laulaja_reijo-taipale06_seura.jpg\" rel=\"nofollow noopener\" target=\"_blank\"><img loading=\"lazy\" decoding=\"async\" alt=\"Reijo Taipale\" class=\"wp-image-1849701 awpo-lqip awpo-lazy\" width=\"1080\" height=\"1600\" style=\"--aspect-ratio: 0.68\" src=\"https:\/\/www.europesays.com\/fi\/wp-content\/uploads\/2025\/11\/laulaja_reijo-taipale06_seura.jpg\"\/><\/a><br \/>\n      Reijo Taipale oli 22-vuotias, kun h\u00e4nest\u00e4 tuli suosittu laulaja. 1960-luvun alussa h\u00e4n kuljetti keikoilla mukanaan matkalevysoitinta. Sill\u00e4 h\u00e4n soitteli yleis\u00f6lle levyj\u00e4 orkesterin tauolla.      <\/p>\n<p>          \u00a9 FOTO-JATTA \/ Skoy        <\/p>\n","protected":false},"excerpt":{"rendered":"Ohjelma seuraa Reijo Taipaletta ty\u00f6n ja ty\u00f6h\u00f6n liittyvien muistojen \u00e4\u00e4rell\u00e4. Viel\u00e4 el\u00e4v\u00e4\u00e4 henkil\u00f6\u00e4 kunnioitetaan harvemmin nime\u00e4m\u00e4ll\u00e4 jokin tie&hellip;\n","protected":false},"author":2,"featured_media":84985,"comment_status":"","ping_status":"","sticky":false,"template":"","format":"standard","meta":{"footnotes":""},"categories":[136],"tags":[407,819,137,33,31,30,17436,408,47,5920,32,6187,109],"class_list":{"0":"post-84984","1":"post","2":"type-post","3":"status-publish","4":"format-standard","5":"has-post-thumbnail","7":"category-julkkikset","8":"tag-celebrities","9":"tag-dokumentti","10":"tag-entertainment","11":"tag-fi","12":"tag-finland","13":"tag-finnish","14":"tag-henkilokuva","15":"tag-julkkikset","16":"tag-musiikki","17":"tag-reijo-taipale","18":"tag-suomi","19":"tag-tango","20":"tag-viihde"},"share_on_mastodon":{"url":"https:\/\/pubeurope.com\/@fi\/115516790800458479","error":""},"_links":{"self":[{"href":"https:\/\/www.europesays.com\/fi\/wp-json\/wp\/v2\/posts\/84984","targetHints":{"allow":["GET"]}}],"collection":[{"href":"https:\/\/www.europesays.com\/fi\/wp-json\/wp\/v2\/posts"}],"about":[{"href":"https:\/\/www.europesays.com\/fi\/wp-json\/wp\/v2\/types\/post"}],"author":[{"embeddable":true,"href":"https:\/\/www.europesays.com\/fi\/wp-json\/wp\/v2\/users\/2"}],"replies":[{"embeddable":true,"href":"https:\/\/www.europesays.com\/fi\/wp-json\/wp\/v2\/comments?post=84984"}],"version-history":[{"count":0,"href":"https:\/\/www.europesays.com\/fi\/wp-json\/wp\/v2\/posts\/84984\/revisions"}],"wp:featuredmedia":[{"embeddable":true,"href":"https:\/\/www.europesays.com\/fi\/wp-json\/wp\/v2\/media\/84985"}],"wp:attachment":[{"href":"https:\/\/www.europesays.com\/fi\/wp-json\/wp\/v2\/media?parent=84984"}],"wp:term":[{"taxonomy":"category","embeddable":true,"href":"https:\/\/www.europesays.com\/fi\/wp-json\/wp\/v2\/categories?post=84984"},{"taxonomy":"post_tag","embeddable":true,"href":"https:\/\/www.europesays.com\/fi\/wp-json\/wp\/v2\/tags?post=84984"}],"curies":[{"name":"wp","href":"https:\/\/api.w.org\/{rel}","templated":true}]}}