{"id":85006,"date":"2025-11-09T00:35:08","date_gmt":"2025-11-09T00:35:08","guid":{"rendered":"https:\/\/www.europesays.com\/fi\/85006\/"},"modified":"2025-11-09T00:35:08","modified_gmt":"2025-11-09T00:35:08","slug":"djiboutin-veteraanipresidentti-pyrkii-jo-kuudennelle-kaudelle-uutisia-lyhyesti","status":"publish","type":"post","link":"https:\/\/www.europesays.com\/fi\/85006\/","title":{"rendered":"Djiboutin veteraanipresidentti pyrkii jo kuudennelle kaudelle | Uutisia lyhyesti"},"content":{"rendered":"<p class=\"aw-1gybjub aw-1p7kakr kEtdKx cEmitX yle__article__paragraph\">It\u00e4afrikkalaisen Djiboutin veteraanipresidentti <strong class=\"aw-ak79eh KyCXm yle__article__strong\">Ismail Omar Guelleh<\/strong>, 77, ei aio j\u00e4\u00e4d\u00e4 el\u00e4kkeelle. Vuodesta 1999 maata johtanut Guelleh ilmoitti lauantaina pyrkiv\u00e4ns\u00e4 jo kuudennelle kaudelle ensi vuoden vaaleissa.<\/p>\n<p class=\"aw-1gybjub aw-1p7kakr kEtdKx cEmitX yle__article__paragraph\">Guellehin valitseminen jatkamaan maan johdossa on l\u00e4hes varma, koska h\u00e4nen koalitiollaan on enemmist\u00f6 parlamentissa. Edellisiss\u00e4 vaaleissa vuonna 2021 istuva presidentti kahmi 97 prosenttia \u00e4\u00e4nist\u00e4.<\/p>\n<p class=\"aw-1gybjub aw-1p7kakr kEtdKx cEmitX yle__article__paragraph\">Djiboutin perustuslakia on muutettu asiaan liittyen kahteen otteeseen: vuonna 2010 poistettiin kahden presidenttikauden rajoitus ja vain viikko sitten ik\u00e4raja, jonka mukaan presidenttiehdokkaiden on oltava alle 75-vuotiaita.<\/p>\n","protected":false},"excerpt":{"rendered":"It\u00e4afrikkalaisen Djiboutin veteraanipresidentti Ismail Omar Guelleh, 77, ei aio j\u00e4\u00e4d\u00e4 el\u00e4kkeelle. Vuodesta 1999 maata johtanut Guelleh ilmoitti lauantaina&hellip;\n","protected":false},"author":2,"featured_media":74,"comment_status":"","ping_status":"","sticky":false,"template":"","format":"standard","meta":{"footnotes":""},"categories":[14],"tags":[8630,22,23,17444,26,27,33,31,30,17,24,25,28,29,15,18,21,32,19,20,56,16,2196,59,60,61],"class_list":{"0":"post-85006","1":"post","2":"type-post","3":"status-publish","4":"format-standard","5":"has-post-thumbnail","7":"category-ulkomaat","8":"tag-afrikka","9":"tag-breaking-news","10":"tag-breakingnews","11":"tag-djibouti","12":"tag-featured-news","13":"tag-featurednews","14":"tag-fi","15":"tag-finland","16":"tag-finnish","17":"tag-headlines","18":"tag-latest-news","19":"tag-latestnews","20":"tag-main-news","21":"tag-mainnews","22":"tag-news","23":"tag-otsikot","24":"tag-paauutiset","25":"tag-suomi","26":"tag-top-stories","27":"tag-topstories","28":"tag-ulkomaat","29":"tag-uutiset","30":"tag-vaalit","31":"tag-world","32":"tag-world-news","33":"tag-worldnews"},"share_on_mastodon":{"url":"https:\/\/pubeurope.com\/@fi\/115516940180395877","error":""},"_links":{"self":[{"href":"https:\/\/www.europesays.com\/fi\/wp-json\/wp\/v2\/posts\/85006","targetHints":{"allow":["GET"]}}],"collection":[{"href":"https:\/\/www.europesays.com\/fi\/wp-json\/wp\/v2\/posts"}],"about":[{"href":"https:\/\/www.europesays.com\/fi\/wp-json\/wp\/v2\/types\/post"}],"author":[{"embeddable":true,"href":"https:\/\/www.europesays.com\/fi\/wp-json\/wp\/v2\/users\/2"}],"replies":[{"embeddable":true,"href":"https:\/\/www.europesays.com\/fi\/wp-json\/wp\/v2\/comments?post=85006"}],"version-history":[{"count":0,"href":"https:\/\/www.europesays.com\/fi\/wp-json\/wp\/v2\/posts\/85006\/revisions"}],"wp:featuredmedia":[{"embeddable":true,"href":"https:\/\/www.europesays.com\/fi\/wp-json\/wp\/v2\/media\/74"}],"wp:attachment":[{"href":"https:\/\/www.europesays.com\/fi\/wp-json\/wp\/v2\/media?parent=85006"}],"wp:term":[{"taxonomy":"category","embeddable":true,"href":"https:\/\/www.europesays.com\/fi\/wp-json\/wp\/v2\/categories?post=85006"},{"taxonomy":"post_tag","embeddable":true,"href":"https:\/\/www.europesays.com\/fi\/wp-json\/wp\/v2\/tags?post=85006"}],"curies":[{"name":"wp","href":"https:\/\/api.w.org\/{rel}","templated":true}]}}