{"id":85020,"date":"2025-11-09T01:01:15","date_gmt":"2025-11-09T01:01:15","guid":{"rendered":"https:\/\/www.europesays.com\/fi\/85020\/"},"modified":"2025-11-09T01:01:15","modified_gmt":"2025-11-09T01:01:15","slug":"afganistanin-ja-pakistanin-neuvottelut-aselevon-jatkosta-kariutuivat-jalleen","status":"publish","type":"post","link":"https:\/\/www.europesays.com\/fi\/85020\/","title":{"rendered":"Afganistanin ja Pakistanin neuvottelut aselevon jatkosta kariutuivat j\u00e4lleen"},"content":{"rendered":"<p><strong class=\"typography-bold\">Turkin Istanbulissa torstaina alkaneissa neuvotteluissa oli tarkoitus sopia lokakuussa solmitun aselevon jatkosta.\u00a0<\/strong><\/p>\n<p>Afganistanin ja Pakistanin v\u00e4liset neuvottelut aselevon jatkosta kariutuivat j\u00e4lleen. Asiasta kertoi lauantaina Afganistania hallitsevan Taleban-hallinnon tiedottaja <strong class=\"typography-bold\">Zabihullah Mujahid<\/strong>.<\/p>\n<p><a class=\"underline\" data-testid=\"external-link\" href=\"https:\/\/x.com\/Zabehulah_M33\/status\/1987011875150975444?s=20\" rel=\"noopener noreferrer nofollow\" target=\"_blank\" data-sentry-component=\"ExternalLink\" data-sentry-source-file=\"ExternalLink.tsx\">X-viestipalvelussa<\/a> julkaisemassaan viestiketjussa tiedottaja totesi, ett\u00e4 Pakistanin edustajat pyrkiv\u00e4t siirt\u00e4m\u00e4\u00e4n vastuun turvallisuuden takaamisesta Afganistanin hallinnolle.<\/p>\n<p>Pakistanin ja Afganistanin v\u00e4lill\u00e4 on viime aikoina n\u00e4hty tuhoisimpia rajaselkkauksia vuosiin. Yhteenotot alkoivat Afganistanin Kabulissa 9. toukokuuta tapahtuneista r\u00e4j\u00e4hdyksist\u00e4, joista Afganistan syytti Pakistania.<\/p>\n<p>Maat neuvottelivat Turkissa aselevon jatkosta tuloksetta my\u00f6s viime viikolla.<\/p>\n<p>Lue lis\u00e4\u00e4: <a class=\"underline\" data-testid=\"internal-link\" role=\"link\" data-sentry-element=\"Link\" data-sentry-component=\"InternalLink\" data-sentry-source-file=\"InternalLink.tsx\" href=\"https:\/\/www.mtvuutiset.fi\/artikkeli\/pakistanin-ja-afganistanin-neuvottelut-epaonnistuneet-tarpeetonta-sota-uhkaa\/9247320\" rel=\"nofollow noopener\" target=\"_blank\">Pakistan: Neuvottelut aselevosta Afganistanin kanssa ep\u00e4onnistuneet<\/a><a class=\"underline\" data-testid=\"internal-link\" role=\"link\" data-sentry-element=\"Link\" data-sentry-component=\"InternalLink\" data-sentry-source-file=\"InternalLink.tsx\" href=\"https:\/\/www.mtvuutiset.fi\/artikkeli\/ainakin-20-kuollut-ja-320-loukkaantunut-afganistanissa-maanjaristys\/9249756\" rel=\"nofollow noopener\" target=\"_blank\">Ainakin 20 kuollut ja yli 500 loukkaantunut: Afganistanissa maanj\u00e4ristys<\/a><\/p>\n","protected":false},"excerpt":{"rendered":"Turkin Istanbulissa torstaina alkaneissa neuvotteluissa oli tarkoitus sopia lokakuussa solmitun aselevon jatkosta.\u00a0 Afganistanin ja Pakistanin v\u00e4liset neuvottelut aselevon&hellip;\n","protected":false},"author":2,"featured_media":85021,"comment_status":"","ping_status":"","sticky":false,"template":"","format":"standard","meta":{"footnotes":""},"categories":[14],"tags":[22,23,26,27,33,31,30,17,24,25,28,29,15,18,21,32,19,20,56,16,59,60,61],"class_list":{"0":"post-85020","1":"post","2":"type-post","3":"status-publish","4":"format-standard","5":"has-post-thumbnail","7":"category-ulkomaat","8":"tag-breaking-news","9":"tag-breakingnews","10":"tag-featured-news","11":"tag-featurednews","12":"tag-fi","13":"tag-finland","14":"tag-finnish","15":"tag-headlines","16":"tag-latest-news","17":"tag-latestnews","18":"tag-main-news","19":"tag-mainnews","20":"tag-news","21":"tag-otsikot","22":"tag-paauutiset","23":"tag-suomi","24":"tag-top-stories","25":"tag-topstories","26":"tag-ulkomaat","27":"tag-uutiset","28":"tag-world","29":"tag-world-news","30":"tag-worldnews"},"share_on_mastodon":{"url":"https:\/\/pubeurope.com\/@fi\/115517042406229478","error":""},"_links":{"self":[{"href":"https:\/\/www.europesays.com\/fi\/wp-json\/wp\/v2\/posts\/85020","targetHints":{"allow":["GET"]}}],"collection":[{"href":"https:\/\/www.europesays.com\/fi\/wp-json\/wp\/v2\/posts"}],"about":[{"href":"https:\/\/www.europesays.com\/fi\/wp-json\/wp\/v2\/types\/post"}],"author":[{"embeddable":true,"href":"https:\/\/www.europesays.com\/fi\/wp-json\/wp\/v2\/users\/2"}],"replies":[{"embeddable":true,"href":"https:\/\/www.europesays.com\/fi\/wp-json\/wp\/v2\/comments?post=85020"}],"version-history":[{"count":0,"href":"https:\/\/www.europesays.com\/fi\/wp-json\/wp\/v2\/posts\/85020\/revisions"}],"wp:featuredmedia":[{"embeddable":true,"href":"https:\/\/www.europesays.com\/fi\/wp-json\/wp\/v2\/media\/85021"}],"wp:attachment":[{"href":"https:\/\/www.europesays.com\/fi\/wp-json\/wp\/v2\/media?parent=85020"}],"wp:term":[{"taxonomy":"category","embeddable":true,"href":"https:\/\/www.europesays.com\/fi\/wp-json\/wp\/v2\/categories?post=85020"},{"taxonomy":"post_tag","embeddable":true,"href":"https:\/\/www.europesays.com\/fi\/wp-json\/wp\/v2\/tags?post=85020"}],"curies":[{"name":"wp","href":"https:\/\/api.w.org\/{rel}","templated":true}]}}