{"id":85024,"date":"2025-11-09T01:03:07","date_gmt":"2025-11-09T01:03:07","guid":{"rendered":"https:\/\/www.europesays.com\/fi\/85024\/"},"modified":"2025-11-09T01:03:07","modified_gmt":"2025-11-09T01:03:07","slug":"suomalaiset-sekosivat-naista-vaatteista-maailman-ensimmainen-myymala-suomeen","status":"publish","type":"post","link":"https:\/\/www.europesays.com\/fi\/85024\/","title":{"rendered":"Suomalaiset sekosivat n\u00e4ist\u00e4 vaatteista \u2013 Maailman ensimm\u00e4inen myym\u00e4l\u00e4 Suomeen"},"content":{"rendered":"<p>Icaniwill astuu ulos digimaailmasta ja avaa myym\u00e4l\u00e4n Helsingin syd\u00e4meen lauantaina.<\/p>\n<p><img decoding=\"async\" class=\"image image-show image-preview\" src=\"https:\/\/www.europesays.com\/fi\/wp-content\/uploads\/2025\/11\/83744b23cc3b8e7758e20968d180392b6b41403e09cf1fae5a2492c89a618188.png\" alt=\"\"\/><img decoding=\"async\" class=\"image image-show\" src=\"https:\/\/www.europesays.com\/fi\/wp-content\/uploads\/2025\/11\/1762650187_781_83744b23cc3b8e7758e20968d180392b6b41403e09cf1fae5a2492c89a618188.png\" alt=\"\"\/><\/p>\n<p>Aleksanterinkadun liike on br\u00e4ndin ensimm\u00e4inen oma myym\u00e4l\u00e4 koko maailmassa. Minna Nord<\/p>\n<p class=\"paragraph\">Ikoninen urheiluvaatebr\u00e4ndi Icaniwill eli ICIW avaa maailman ensimm\u00e4isen myym\u00e4l\u00e4ns\u00e4 Suomeen, Helsingin Aleksanterinkadulle lauantaina.<\/p>\n<p class=\"paragraph\">Ruotsalainen vaatebr\u00e4ndi on yksi alan nopeimmin kasvavista toimijoista Pohjois-Euroopassa. Helsingin myym\u00e4l\u00e4n avaaminen on osa br\u00e4ndin kasvustrategiaa.<\/p>\n<p class=\"paragraph\">Syy, miksi ensimm\u00e4inen kivijalkakauppa avataan juuri Suomeen, on selv\u00e4.<\/p>\n<p class=\"paragraph\">\u2013 Juuri suomalaiset ovat isoin ostajakuntamme ja he ovat osoittaneet sitoutumista br\u00e4ndiin. Kivijalkamyym\u00e4l\u00e4 antaa meille mahdollisuuden tavata asiakkaita henkil\u00f6kohtaisesti ja vahvistaa asemaamme yhdell\u00e4 t\u00e4rkeimmist\u00e4 pohjoismaisista markkinoista, kertoo ICIW:n Head of Expansion <strong>Ebba Lange<\/strong> Iltalehdelle.<\/p>\n<p class=\"paragraph\">\u2013 Meid\u00e4n oli my\u00f6s p\u00e4\u00e4st\u00e4v\u00e4 pois digitaalisesta kuplastamme, jotta voimme kasvaa, kertoi ICIW:n varatoimitusjohtaja <strong>Erik Bj\u00f6rk<\/strong>.<\/p>\n<p>Leggingsit ja urheilutopit ovat urheilubr\u00e4ndin ostetuimpia tuotteita. Minna Nord<\/p>\n<p class=\"paragraph\">Leggingsit ja urheilutopit joogaan, juoksuun ja vapaa-aikaan ovat tuotteita, joita suomalaiset ostavat merkilt\u00e4 eniten.<\/p>\n<p class=\"paragraph\">Helsingin liikkeeseen tulee myyntiin my\u00f6s eksklusiivisia tuotteita, joita ei saa ostettua muualta. Ensimm\u00e4iset vain liikkeest\u00e4 saatavat tuotteet ovat leggingsit, joihin on valittavissa kaksi eri yl\u00e4osaa.<\/p>\n<p class=\"paragraph\">\u2013 Valitsimme setin v\u00e4rin niin, ett\u00e4 uskomme sen miellytt\u00e4v\u00e4n juuri suomalaisia asiakkaita, kertoo Ebba Lange tuotteista.<\/p>\n<p class=\"paragraph\">V\u00e4ri on vaaleanpunainen.<\/p>\n","protected":false},"excerpt":{"rendered":"Icaniwill astuu ulos digimaailmasta ja avaa myym\u00e4l\u00e4n Helsingin syd\u00e4meen lauantaina. Aleksanterinkadun liike on br\u00e4ndin ensimm\u00e4inen oma myym\u00e4l\u00e4 koko&hellip;\n","protected":false},"author":2,"featured_media":85025,"comment_status":"","ping_status":"","sticky":false,"template":"","format":"standard","meta":{"footnotes":""},"categories":[5],"tags":[35,22,23,26,27,33,31,30,17,2351,898,3187,24,25,28,29,2349,15,18,21,32,19,20,16,2350,4113],"class_list":{"0":"post-85024","1":"post","2":"type-post","3":"status-publish","4":"format-standard","5":"has-post-thumbnail","7":"category-otsikot","8":"tag-24h","9":"tag-breaking-news","10":"tag-breakingnews","11":"tag-featured-news","12":"tag-featurednews","13":"tag-fi","14":"tag-finland","15":"tag-finnish","16":"tag-headlines","17":"tag-kengat-ja-asusteet","18":"tag-kulutustavarat","19":"tag-kulutustavarat-ja-palvelut-sektori","20":"tag-latest-news","21":"tag-latestnews","22":"tag-main-news","23":"tag-mainnews","24":"tag-myynti","25":"tag-news","26":"tag-otsikot","27":"tag-paauutiset","28":"tag-suomi","29":"tag-top-stories","30":"tag-topstories","31":"tag-uutiset","32":"tag-vaatekappaleet","33":"tag-vaatteiden-vahittaiskauppa"},"share_on_mastodon":{"url":"https:\/\/pubeurope.com\/@fi\/115517050498300510","error":""},"_links":{"self":[{"href":"https:\/\/www.europesays.com\/fi\/wp-json\/wp\/v2\/posts\/85024","targetHints":{"allow":["GET"]}}],"collection":[{"href":"https:\/\/www.europesays.com\/fi\/wp-json\/wp\/v2\/posts"}],"about":[{"href":"https:\/\/www.europesays.com\/fi\/wp-json\/wp\/v2\/types\/post"}],"author":[{"embeddable":true,"href":"https:\/\/www.europesays.com\/fi\/wp-json\/wp\/v2\/users\/2"}],"replies":[{"embeddable":true,"href":"https:\/\/www.europesays.com\/fi\/wp-json\/wp\/v2\/comments?post=85024"}],"version-history":[{"count":0,"href":"https:\/\/www.europesays.com\/fi\/wp-json\/wp\/v2\/posts\/85024\/revisions"}],"wp:featuredmedia":[{"embeddable":true,"href":"https:\/\/www.europesays.com\/fi\/wp-json\/wp\/v2\/media\/85025"}],"wp:attachment":[{"href":"https:\/\/www.europesays.com\/fi\/wp-json\/wp\/v2\/media?parent=85024"}],"wp:term":[{"taxonomy":"category","embeddable":true,"href":"https:\/\/www.europesays.com\/fi\/wp-json\/wp\/v2\/categories?post=85024"},{"taxonomy":"post_tag","embeddable":true,"href":"https:\/\/www.europesays.com\/fi\/wp-json\/wp\/v2\/tags?post=85024"}],"curies":[{"name":"wp","href":"https:\/\/api.w.org\/{rel}","templated":true}]}}