{"id":85026,"date":"2025-11-09T01:15:15","date_gmt":"2025-11-09T01:15:15","guid":{"rendered":"https:\/\/www.europesays.com\/fi\/85026\/"},"modified":"2025-11-09T01:15:15","modified_gmt":"2025-11-09T01:15:15","slug":"kun-14-vuotias-michal-sersen-muutti-tampereelle-hanta-stressasi-yksi-asia-kauppareissuissa-kului-monta-tuntia","status":"publish","type":"post","link":"https:\/\/www.europesays.com\/fi\/85026\/","title":{"rendered":"Kun 14-vuotias Michal Sersen muutti Tampereelle, h\u00e4nt\u00e4 stressasi yksi asia \u2013 kauppareissuissa kului monta tuntia"},"content":{"rendered":"<p>Entinen huippukiekkoilija Michal Sersen ja h\u00e4nen 14-vuotias Michal-poikansa muuttivat Slovakiasta Tampereelle. Pojalla on suuria unelmia.<\/p>\n<p>7.11. 6:30<\/p>\n<p class=\"article-body mb-nof-24 px-nof-16\">Yksi asia j\u00e4nnitti <a class=\"article-personlink\" href=\"https:\/\/www.aamulehti.fi\/haku\/?query=Michal%20Serseni%C3%A4\" rel=\"nofollow noopener\" target=\"_blank\">Michal Serseni\u00e4<\/a> yli kaiken, kun h\u00e4n muutti is\u00e4ns\u00e4 kanssa Suomeen.<\/p>\n<p class=\"article-body mb-nof-24 px-nof-16\">Puhuvatko muut lapset t\u00e4\u00e4ll\u00e4 englantia?<\/p>\n<p class=\"article-body mb-nof-24 px-nof-16\">Kyll\u00e4 puhuvat. Huh, helpotus.<\/p>\n<p class=\"article-body mb-nof-24 px-nof-16\">14-vuotias Michal muutti Slovakiasta Suomeen ja Tampereelle j\u00e4\u00e4kiekkounelmansa per\u00e4ss\u00e4. H\u00e4n pelaa pakkina Tapparan junioreissa ja k\u00e4y koulua Tampereen seudun ammattiopistossa.<\/p>\n","protected":false},"excerpt":{"rendered":"Entinen huippukiekkoilija Michal Sersen ja h\u00e4nen 14-vuotias Michal-poikansa muuttivat Slovakiasta Tampereelle. Pojalla on suuria unelmia. 7.11. 6:30 Yksi&hellip;\n","protected":false},"author":2,"featured_media":85027,"comment_status":"","ping_status":"","sticky":false,"template":"","format":"standard","meta":{"footnotes":""},"categories":[136],"tags":[157,407,137,33,31,30,408,32,109],"class_list":{"0":"post-85026","1":"post","2":"type-post","3":"status-publish","4":"format-standard","5":"has-post-thumbnail","7":"category-julkkikset","8":"tag-aamulehti","9":"tag-celebrities","10":"tag-entertainment","11":"tag-fi","12":"tag-finland","13":"tag-finnish","14":"tag-julkkikset","15":"tag-suomi","16":"tag-viihde"},"share_on_mastodon":{"url":"https:\/\/pubeurope.com\/@fi\/115517097383234652","error":""},"_links":{"self":[{"href":"https:\/\/www.europesays.com\/fi\/wp-json\/wp\/v2\/posts\/85026","targetHints":{"allow":["GET"]}}],"collection":[{"href":"https:\/\/www.europesays.com\/fi\/wp-json\/wp\/v2\/posts"}],"about":[{"href":"https:\/\/www.europesays.com\/fi\/wp-json\/wp\/v2\/types\/post"}],"author":[{"embeddable":true,"href":"https:\/\/www.europesays.com\/fi\/wp-json\/wp\/v2\/users\/2"}],"replies":[{"embeddable":true,"href":"https:\/\/www.europesays.com\/fi\/wp-json\/wp\/v2\/comments?post=85026"}],"version-history":[{"count":0,"href":"https:\/\/www.europesays.com\/fi\/wp-json\/wp\/v2\/posts\/85026\/revisions"}],"wp:featuredmedia":[{"embeddable":true,"href":"https:\/\/www.europesays.com\/fi\/wp-json\/wp\/v2\/media\/85027"}],"wp:attachment":[{"href":"https:\/\/www.europesays.com\/fi\/wp-json\/wp\/v2\/media?parent=85026"}],"wp:term":[{"taxonomy":"category","embeddable":true,"href":"https:\/\/www.europesays.com\/fi\/wp-json\/wp\/v2\/categories?post=85026"},{"taxonomy":"post_tag","embeddable":true,"href":"https:\/\/www.europesays.com\/fi\/wp-json\/wp\/v2\/tags?post=85026"}],"curies":[{"name":"wp","href":"https:\/\/api.w.org\/{rel}","templated":true}]}}