{"id":8503,"date":"2025-08-17T15:30:08","date_gmt":"2025-08-17T15:30:08","guid":{"rendered":"https:\/\/www.europesays.com\/fi\/8503\/"},"modified":"2025-08-17T15:30:08","modified_gmt":"2025-08-17T15:30:08","slug":"stubb-paasee-eturiviin-kun-eurooppa-taistelee-trumpin-sydamesta-nain-tapaamista-arvioi-tutkija-politiikka","status":"publish","type":"post","link":"https:\/\/www.europesays.com\/fi\/8503\/","title":{"rendered":"Stubb p\u00e4\u00e4see eturiviin, kun Eurooppa taistelee Trumpin syd\u00e4mest\u00e4 \u2013 n\u00e4in tapaamista arvioi tutkija | Politiikka"},"content":{"rendered":"<p class=\"sc-jYczwO sc-dNFkOE bUKqJd eiHPxO yle__article__paragraph\">Volodymyr Zelenskyi tapaa Trumpin huomenna maanantaina. Tutkija Matti Pesu arvioi, ett\u00e4 Suomen presidentti Stubb valikoitui mukaan, koska h\u00e4nell\u00e4 on hyv\u00e4t henkil\u00f6suhteet Trumpin kanssa.<\/p>\n<p><img decoding=\"async\" alt=\"Volodymyr Zelensky ja Alexander Stubb tapaavat Ranskassa.\" src=\"https:\/\/www.europesays.com\/fi\/wp-content\/uploads\/2025\/08\/39-144236267e54c0f88cbf.jpeg\" class=\"sc-dntSTA iywpZY\"\/><\/p>\n<p>Avaa kuvien katselu<\/p>\n<p>Volodymyr Zelenskyi ja Alexander Stubb tapasivat maaliskuussa Pariisissa. Kuva: Ludovic Marin \/ EPA<\/p>\n<p>16:49\u2022P\u00e4ivitetty 16:50<\/p>\n<p class=\"sc-jYczwO sc-ciCoXh bUKqJd cIOueB yle__article__paragraph\">Tulitauko, turvatakuut Ukrainalle ja pakoteuhan palauttaminen Ven\u00e4j\u00e4lle ovat t\u00e4rkeimm\u00e4t neuvoteltavat asiat, kun Ukrainan presidentti <strong class=\"sc-eEHciv gtNhAX yle__article__strong\">Volodymyr Zelenskyi<\/strong> ja <strong class=\"sc-eEHciv gtNhAX yle__article__strong\">Donald<\/strong> <strong class=\"sc-eEHciv gtNhAX yle__article__strong\">Trump<\/strong> tapaavat huomenna maanantaina.<\/p>\n<p class=\"sc-jYczwO sc-ciCoXh bUKqJd cIOueB yle__article__paragraph\">N\u00e4in arvioi vanhempi tutkija <strong class=\"sc-eEHciv gtNhAX yle__article__strong\">Matti Pesu<\/strong> ulkopoliittisesta instituutista.<\/p>\n<p class=\"sc-jYczwO sc-ciCoXh bUKqJd cIOueB yle__article__paragraph\">Zelenskyin on m\u00e4\u00e4r\u00e4 tavata Yhdysvaltain presidentti <strong class=\"sc-eEHciv gtNhAX yle__article__strong\">Donald Trump<\/strong> iltap\u00e4iv\u00e4ll\u00e4 paikallista aikaa. Zeleskyin mukana Washingtoniin matkustaa t\u00e4ll\u00e4 kertaa my\u00f6s joukko eurooppalaisjohtajia, <a class=\"sc-jDJeIs gotUgl yle__article__link\" href=\"https:\/\/yle.fi\/a\/74-20177869\" role=\"link\" rel=\"nofollow noopener\" target=\"_blank\">muun muassa presidentti <strong class=\"sc-eEHciv gtNhAX yle__article__strong\">Alexander Stubb<\/strong><\/a>.<\/p>\n<p class=\"sc-jYczwO sc-ciCoXh bUKqJd cIOueB yle__article__paragraph\"><strong class=\"sc-eEHciv gtNhAX yle__article__strong\">Vladimir<\/strong> <strong class=\"sc-eEHciv gtNhAX yle__article__strong\">Putinin<\/strong> ja Trumpin neuvottelut p\u00e4\u00e4ttyiv\u00e4t perjantaina Alaskassa.<\/p>\n<p class=\"sc-jYczwO sc-ciCoXh bUKqJd cIOueB yle__article__paragraph\">Pesun mukaan k\u00e4ynniss\u00e4 on nyt \u201dkamppailu Trumpin syd\u00e4mest\u00e4 ja mielest\u00e4\u201d.<\/p>\n<p class=\"sc-jYczwO sc-ciCoXh bUKqJd cIOueB yle__article__paragraph\">\u2013 Toisella puolella Ven\u00e4j\u00e4 ja toisella Ukraina ja muu Eurooppa. T\u00e4m\u00e4 on jatkuvaa diplomaattista peli\u00e4 ja k\u00f6ydenvetoa.<\/p>\n<p>Stubb osaa k\u00e4sitell\u00e4 Trumpia<\/p>\n<p class=\"sc-jYczwO sc-ciCoXh bUKqJd cIOueB yle__article__paragraph\">Kun <a class=\"sc-jDJeIs gotUgl yle__article__link\" href=\"https:\/\/yle.fi\/a\/74-20146815\" role=\"link\" rel=\"nofollow noopener\" target=\"_blank\">Zelenskyi viimeksi tapasi Trumpin<\/a> kahden kesken helmikuussa, Trump n\u00f6yryytti h\u00e4nt\u00e4 julkisesti.<\/p>\n<p class=\"sc-jYczwO sc-ciCoXh bUKqJd cIOueB yle__article__paragraph\">Pesu uskoo, ettei vastaavaa ole nyt odotettavissa. Siit\u00e4 kertoo jo joukko mukana matkustavia Euroopan johtajia.<\/p>\n<p class=\"sc-jYczwO sc-ciCoXh bUKqJd cIOueB yle__article__paragraph\">\u2013 Sill\u00e4 haetaan, ett\u00e4 tunnelma pysyisi rakentavana. Mukana on toimijoita, joilla on hyv\u00e4t henkil\u00f6suhteet Trumpiin.<\/p>\n<p class=\"sc-jYczwO sc-ciCoXh bUKqJd cIOueB yle__article__paragraph\">Pesu uskoo, ett\u00e4 Suomen presidentti Stubb on valittu joukkoon juuri henkil\u00f6suhteidensa vuoksi. H\u00e4nell\u00e4 on Trumpin lis\u00e4ksi my\u00f6s Zelenskyin luottamus.<\/p>\n<p class=\"sc-jYczwO sc-ciCoXh bUKqJd cIOueB yle__article__paragraph\">\u2013 Euroopassa ajatellaan, ett\u00e4 Stubb on johtaja, joka pystyy viestim\u00e4\u00e4n asioita Trumpille. Trump ilmeisesti pit\u00e4\u00e4 Stubbia miellytt\u00e4v\u00e4n\u00e4. H\u00e4nell\u00e4 on my\u00f6s aika my\u00f6nteinen kuva Suomesta.<\/p>\n<p class=\"sc-jYczwO sc-ciCoXh bUKqJd cIOueB yle__article__paragraph\">Pesu arvioi, ett\u00e4 Suomen saama huomio Natoon liittymisen yhteydess\u00e4 sek\u00e4 historia ja raja Ven\u00e4j\u00e4n kanssa ovat tuoneet Suomelle Trumpin silmiss\u00e4 turvallisuuspoliittista vakuuttavuutta.<\/p>\n<p><img decoding=\"async\" alt=\"Voloydmyr Zelenskyi, Emmanuel Macron ja Keir Starmer.\" src=\"https:\/\/www.europesays.com\/fi\/wp-content\/uploads\/2025\/08\/39-150840068a1cb5291fb6.jpeg\" loading=\"lazy\" class=\"sc-dntSTA iywpZY\"\/><\/p>\n<p>Avaa kuvien katselu<\/p>\n<p>Volodymyr Zelenskyi, Ranskan presidentti Emmanuel Macron ja Iso-Britannian p\u00e4\u00e4ministeri Keir Starmer tapasivat Kiovassa toukokuussa. Kuva: Christian Liewig \/ AOPAlkaako Trump taas painostaa Ukrainaa?<\/p>\n<p class=\"sc-jYczwO sc-ciCoXh bUKqJd cIOueB yle__article__paragraph\">Pesun mukaan Alaskan neuvottelut p\u00e4\u00e4ttyiv\u00e4t Euroopan ja Ukrainan kannalta tappiollisesti, vaikka katastrofilta v\u00e4ltyttiinkin.<\/p>\n<p class=\"sc-jYczwO sc-ciCoXh bUKqJd cIOueB yle__article__paragraph\">H\u00e4n arvioi, ett\u00e4 Putin sai Alaskassa vedetty\u00e4 Trumpin piirun verran enemm\u00e4n omalle puolelleen.<\/p>\n<p class=\"sc-jYczwO sc-ciCoXh bUKqJd cIOueB yle__article__paragraph\">\u2013 Eurooppa on hinannut Trumpia laajemmalle eurooppalaiselle ja ukrainalaismy\u00f6nteisemm\u00e4lle linjalle. Nyt n\u00e4ytti, ett\u00e4 Trump otti omassa tulkinnassaan ja tavoitteissaan taas muutaman askeleen ven\u00e4l\u00e4isten ja Putinin suuntaan.<\/p>\n<p class=\"sc-jYczwO sc-ciCoXh bUKqJd cIOueB yle__article__paragraph\">Trump sanoi Alaskassa muun muassa, ett\u00e4 h\u00e4n tavoittelee rauhaa suoraan ilman tulitaukoa.<\/p>\n<p class=\"sc-jYczwO sc-ciCoXh bUKqJd cIOueB yle__article__paragraph\">Pesun mukaan vaihtoehto on Ukrainan kannalta huono. H\u00e4n arvioi, ett\u00e4 Zelenskyi tukijoukkoineen pyrkii saamaan Trumpin tulitauon kannalle Washingtonissa.<\/p>\n<p class=\"sc-jYczwO sc-ciCoXh bUKqJd cIOueB yle__article__paragraph\">\u2013 Vaihtoehto, ett\u00e4 neuvoteltaisiin samalla kun luodit lent\u00e4v\u00e4t, on Ukrainalle heikko. Meneill\u00e4\u00e4n oleva sota antaa jatkuvasti Ven\u00e4j\u00e4lle v\u00e4\u00e4nt\u00f6voimaa.<\/p>\n<p class=\"sc-jYczwO sc-ciCoXh bUKqJd cIOueB yle__article__paragraph\">Pesu arvioi, ett\u00e4 p\u00f6yd\u00e4ll\u00e4 ovat my\u00f6s kysymykset Yhdysvaltain turvatakuista Ukrainalle sek\u00e4 pakoteuhan palauttamisesta Ven\u00e4j\u00e4n painostamiseksi rauhaan.<\/p>\n<p class=\"sc-jYczwO sc-ciCoXh bUKqJd cIOueB yle__article__paragraph\">H\u00e4nen mukaansa kohtalonkysymys maanantaina on, alkaako Trump painostaa Ukrainaa Ven\u00e4j\u00e4n mahdollisesti sanelemien ehtojen kannalle vai saako Eurooppa ohjattua keskustelua siten, ett\u00e4 Ukrainan asema paranee.<\/p>\n<p class=\"sc-jYczwO sc-ciCoXh bUKqJd cIOueB yle__article__paragraph\">Pesu ei usko, ett\u00e4 Trump olisi saavuttanut mit\u00e4\u00e4n varsinaista \u201ddiili\u00e4\u201d Putinin kanssa Alaskassa, mutta jotain viitekehyst\u00e4 sille presidentit saattoivat luoda.<\/p>\n<p class=\"sc-jYczwO sc-ciCoXh bUKqJd cIOueB yle__article__paragraph\">\u2013 Huomenna Trumpin asenne paljastaa, alkaako h\u00e4n j\u00e4lleen painostaa Ukrainaa vai ei.<\/p>\n<p class=\"sc-jYczwO sc-ciCoXh bUKqJd cIOueB yle__article__paragraph\">Ukrainaa tukevien maiden liittouma, niin sanottu halukkaiden maiden koalitio, pit\u00e4\u00e4 t\u00e4n\u00e4\u00e4n iltap\u00e4iv\u00e4ll\u00e4 et\u00e4kokouksen, johon Stubb my\u00f6s osallistuu.<\/p>\n<p class=\"sc-jYczwO sc-ciCoXh bUKqJd cIOueB yle__article__paragraph\">Johtajat vaihtavat ajatuksia ennen Zelenskyin ja Trumpin tapaamista.<\/p>\n","protected":false},"excerpt":{"rendered":"Volodymyr Zelenskyi tapaa Trumpin huomenna maanantaina. Tutkija Matti Pesu arvioi, ett\u00e4 Suomen presidentti Stubb valikoitui mukaan, koska h\u00e4nell\u00e4&hellip;\n","protected":false},"author":2,"featured_media":8504,"comment_status":"","ping_status":"","sticky":false,"template":"","format":"standard","meta":{"footnotes":""},"categories":[14],"tags":[3406,22,23,585,26,27,33,31,30,17,24,25,28,29,15,18,21,637,32,19,20,549,56,16,987,3963,59,60,61],"class_list":{"0":"post-8503","1":"post","2":"type-post","3":"status-publish","4":"format-standard","5":"has-post-thumbnail","7":"category-ulkomaat","8":"tag-alexander-stubb","9":"tag-breaking-news","10":"tag-breakingnews","11":"tag-donald-trump","12":"tag-featured-news","13":"tag-featurednews","14":"tag-fi","15":"tag-finland","16":"tag-finnish","17":"tag-headlines","18":"tag-latest-news","19":"tag-latestnews","20":"tag-main-news","21":"tag-mainnews","22":"tag-news","23":"tag-otsikot","24":"tag-paauutiset","25":"tag-politiikka","26":"tag-suomi","27":"tag-top-stories","28":"tag-topstories","29":"tag-ukrainan-sota","30":"tag-ulkomaat","31":"tag-uutiset","32":"tag-venajan-hyokkays","33":"tag-volodymyr-zelenskyi","34":"tag-world","35":"tag-world-news","36":"tag-worldnews"},"share_on_mastodon":{"url":"","error":""},"_links":{"self":[{"href":"https:\/\/www.europesays.com\/fi\/wp-json\/wp\/v2\/posts\/8503","targetHints":{"allow":["GET"]}}],"collection":[{"href":"https:\/\/www.europesays.com\/fi\/wp-json\/wp\/v2\/posts"}],"about":[{"href":"https:\/\/www.europesays.com\/fi\/wp-json\/wp\/v2\/types\/post"}],"author":[{"embeddable":true,"href":"https:\/\/www.europesays.com\/fi\/wp-json\/wp\/v2\/users\/2"}],"replies":[{"embeddable":true,"href":"https:\/\/www.europesays.com\/fi\/wp-json\/wp\/v2\/comments?post=8503"}],"version-history":[{"count":0,"href":"https:\/\/www.europesays.com\/fi\/wp-json\/wp\/v2\/posts\/8503\/revisions"}],"wp:featuredmedia":[{"embeddable":true,"href":"https:\/\/www.europesays.com\/fi\/wp-json\/wp\/v2\/media\/8504"}],"wp:attachment":[{"href":"https:\/\/www.europesays.com\/fi\/wp-json\/wp\/v2\/media?parent=8503"}],"wp:term":[{"taxonomy":"category","embeddable":true,"href":"https:\/\/www.europesays.com\/fi\/wp-json\/wp\/v2\/categories?post=8503"},{"taxonomy":"post_tag","embeddable":true,"href":"https:\/\/www.europesays.com\/fi\/wp-json\/wp\/v2\/tags?post=8503"}],"curies":[{"name":"wp","href":"https:\/\/api.w.org\/{rel}","templated":true}]}}