{"id":85038,"date":"2025-11-09T01:29:11","date_gmt":"2025-11-09T01:29:11","guid":{"rendered":"https:\/\/www.europesays.com\/fi\/85038\/"},"modified":"2025-11-09T01:29:11","modified_gmt":"2025-11-09T01:29:11","slug":"sanna-marin-ei-harkitse-talla-hetkella-ehdokkuutta-missaan-vaaleissa-ikina-ei-pida-sanoa-ei-ikina-uutissuomalainen","status":"publish","type":"post","link":"https:\/\/www.europesays.com\/fi\/85038\/","title":{"rendered":"Sanna Marin ei harkitse t\u00e4ll\u00e4 hetkell\u00e4 ehdokkuutta miss\u00e4\u00e4n vaaleissa \u2013 &#8221;Ikin\u00e4 ei pid\u00e4 sanoa ei ikin\u00e4&#8221; | Uutissuomalainen"},"content":{"rendered":"<p>Ex-p\u00e4\u00e4ministeri Sanna Marin (sd.) ei harkitse t\u00e4ll\u00e4 hetkell\u00e4 ehdokkuutta miss\u00e4\u00e4n vaaleissa, mutta ei sulje mahdollista ehdokkuutta joskus tulevaisuudessa t\u00e4ysin pois.<\/p>\n<p>Marin kommentoi asiaa Helsingin yliopistolla pit\u00e4m\u00e4ss\u00e4\u00e4n tiedotustilaisuudessa, miss\u00e4 h\u00e4nelt\u00e4 kysyttiin ehdokkuudesta esimerkiksi seuraavissa eurovaaleissa vuonna 2029. Marin voisi tuolloin nousta Suomen EU-komissaariksi, jos h\u00e4nen puolueensa SDP olisi Suomessa p\u00e4\u00e4ministeripuolueena.<\/p>\n<p>\u2013\u2009Olen vastannut t\u00e4h\u00e4n kysymykseen politiikkaan paluusta aina samalla tavalla: ikin\u00e4 ei pid\u00e4 sanoa ei ikin\u00e4. Mutta en t\u00e4ll\u00e4 hetkell\u00e4 k\u00e4y pohdintaa vaaliehdokkuudesta miss\u00e4\u00e4n vaaleissa, Marin sanoi tiedotustilaisuudessa.<\/p>\n<p>\u2013\u2009En l\u00e4hde t\u00e4t\u00e4 tyrm\u00e4\u00e4m\u00e4\u00e4n, mutta en kyll\u00e4 t\u00e4ss\u00e4 my\u00f6sk\u00e4\u00e4n ilmoittaudu ehdolle eurovaaleihin enk\u00e4 mihink\u00e4\u00e4n muihinkaan vaaleihin, Marin jatkoi.<\/p>\n<p>Marin esiintyi lauantaina Helsingin yliopistolla j\u00e4rjestetyss\u00e4 yleis\u00f6tilaisuudessa, jossa k\u00e4siteltiin Marinin tuoretta kirjaa Toivo on tekoja. Loppuunmyyty maksullinen tilaisuus ker\u00e4si yli 600 ihmist\u00e4 Helsingin yliopiston juhlasaliin kuulemaan Marinin ajatuksia. Tilaisuuden j\u00e4lkeen Marin piti tiedotustilaisuuden.<\/p>\n<p>\t\t\t\tOnnistunut Nato-prosessi<\/p>\n<p>Marin kommentoi tiedotustilaisuudessa my\u00f6s h\u00e4nen ja presidentti Sauli Niinist\u00f6n Nato-n\u00e4kemyksist\u00e4 syntynytt\u00e4 keskustelua. Marin kertoi alkuviikosta julkaistussa kirjassaan j\u00e4rkyttyneens\u00e4 Niinist\u00f6n reaktiosta, kun p\u00e4\u00e4ministerin\u00e4 kertoi pian Ven\u00e4j\u00e4n Ukrainaan suuntaaman hy\u00f6kk\u00e4yksen alettua uskovansa, ett\u00e4 Suomi joutuisi nyt ratkaisemaan Nato-kantansa. Marinin mukaan Niinist\u00f6 vastasi, ett\u00e4 Nato-keskustelu oli eduskunnan teht\u00e4v\u00e4.<\/p>\n<p>Niinist\u00f6 puolestaan sanoo <a href=\"https:\/\/www.iltalehti.fi\/politiikka\/a\/b735f9ac-1aee-4a05-bb53-423ba7cdc5cf\" rel=\"nofollow noopener\" target=\"_blank\">Iltalehdess\u00e4<\/a> varoittaneensa silloista p\u00e4\u00e4ministeri\u00e4 ja muuta valtiojohtoa jo joulukuussa 2021, ett\u00e4 Suomessa voidaan joutua nopeisiin, koviin ja suurin ratkaisuihin. Niinist\u00f6 arvioi, ett\u00e4 kaikille paikalla olleille piti kyll\u00e4 olla selv\u00e4, ett\u00e4 puhuttiin Nato-j\u00e4senyyden mahdollisuudesta.<\/p>\n<p>Marin sanoi tiedotustilaisuudessa, ettei muista Niinist\u00f6n mainitseman kaltaista keskustelua.<\/p>\n<p>\u2013\u2009Itse en kyll\u00e4 muista vuodelta 2021 sellaista keskustelua valtiojohdossa miss\u00e4\u00e4n formaatissa, miss\u00e4 olisi ik\u00e4\u00e4n kuin kerrottu suoraan tai annettu ymm\u00e4rt\u00e4\u00e4, ett\u00e4 odottakaa vain, pian Suomi hakee Natoon. Kyll\u00e4 se tuli eteen siin\u00e4 vaiheessa kun Ven\u00e4j\u00e4 hy\u00f6kk\u00e4si Ukrainaan ja tuli ymm\u00e4rrys siit\u00e4, ett\u00e4 nyt meid\u00e4n pit\u00e4\u00e4 t\u00e4h\u00e4n prosessiin nopeasti l\u00e4hte\u00e4, Marin sanoi.<\/p>\n<p>\u2013\u2009Totta kai voihan sitten olla, ett\u00e4 h\u00e4n (Niinist\u00f6) on n\u00e4in ajatellut ja siit\u00e4 ik\u00e4\u00e4n kuin t\u00e4ll\u00e4 tavalla jollakin tarkoituksella lausunut, mutta min\u00e4 en tietenk\u00e4\u00e4n h\u00e4nen puolestaan pysty arvioimaan, Marin jatkoi.<\/p>\n<p>\t\t\t\tHuoli Niinist\u00f6n sitoutumisesta<\/p>\n<p>Marinin mukaan h\u00e4nt\u00e4 huolestutti Niinist\u00f6n sitoutuminen Nato-j\u00e4senyysprosessiin.<\/p>\n<p>\u2013\u2009Olen kirjassa kuvannut sen tilanteen ja oman reaktioni siihen ja my\u00f6s huoleni siit\u00e4, jos kaikki eiv\u00e4t t\u00e4h\u00e4n prosessiin t\u00e4ysin alusta asti sitoudu, Marin sanoi.<\/p>\n<p>\u2013\u2009Aika nopeastihan me sitten p\u00e4\u00e4simme t\u00e4h\u00e4n yhteiseen prosessiin, ja se on tietenkin hyv\u00e4 asia, h\u00e4n jatkoi.<\/p>\n<p>Marin korosti, ett\u00e4 kaiken kaikkiaan Suomen Nato-harkinta ja j\u00e4senyysprosessi yhteisty\u00f6ss\u00e4 Ruotsin kanssa oli onnistunut.<\/p>\n<p>\u2013\u2009Se oli my\u00f6s konsensusta hakeva, ja siit\u00e4 kertoo se, ett\u00e4 188 kansanedustajaa kahdestasadasta \u00e4\u00e4nesti Suomen Nato-j\u00e4senyyden puolesta. Se oli historiallinen p\u00e4\u00e4t\u00f6s, Marin painotti.<\/p>\n<p>\u2013\u2009Kokonaisuutena pid\u00e4n t\u00e4t\u00e4 prosessia onnistumisena.<\/p>\n<p>\t\t\t\tS\u00e4\u00e4nt\u00f6pohjaista j\u00e4rjestelm\u00e4\u00e4 puolustettava<\/p>\n<p>Tiedotustilaisuudessa Marinilta kysyttiin my\u00f6s muun muassa Suomen ja Yhdysvaltojen suhteesta. Marin kiitteli presidentti Alexander Stubbin tapaa hoitaa teht\u00e4vi\u00e4\u00e4n.<\/p>\n<p>\u2013\u2009Meill\u00e4 on hyv\u00e4t suhteet Yhdysvaltoihin varmasti pitk\u00e4lti my\u00f6s h\u00e4nen henkil\u00f6kohtaisten kontaktiensa ja h\u00e4nen persoonansa vuoksi, mik\u00e4 on tietenkin pienelle maalle eritt\u00e4in hyv\u00e4 asia ja t\u00e4rke\u00e4 asia, Marin sanoi.<\/p>\n<p>Marin toivoi, ett\u00e4 Stubb pystyy presidenttin\u00e4 edesauttamaan Ukrainan asiaa, koska Yhdysvallat tarvitaan Ukrainan tueksi, jotta Ven\u00e4j\u00e4n presidentti Vladimir Putin voidaan pakottaa neuvottelup\u00f6yt\u00e4\u00e4n.<\/p>\n<p>\u2013\u2009Meid\u00e4n pit\u00e4\u00e4 tasapainoilla sen suhteen, ett\u00e4 me ymm\u00e4rr\u00e4mme kokomme ja vaikutusvaltamme. Se asia mist\u00e4 pit\u00e4\u00e4 aina pit\u00e4\u00e4 kiinni on s\u00e4\u00e4nt\u00f6pohjaisen j\u00e4rjestelm\u00e4n puolustaminen, ja siin\u00e4 ei saa ote lipsua hetkeksik\u00e4\u00e4n, Marin painotti.<\/p>\n","protected":false},"excerpt":{"rendered":"Ex-p\u00e4\u00e4ministeri Sanna Marin (sd.) ei harkitse t\u00e4ll\u00e4 hetkell\u00e4 ehdokkuutta miss\u00e4\u00e4n vaaleissa, mutta ei sulje mahdollista ehdokkuutta joskus tulevaisuudessa&hellip;\n","protected":false},"author":2,"featured_media":85039,"comment_status":"","ping_status":"","sticky":false,"template":"","format":"standard","meta":{"footnotes":""},"categories":[5],"tags":[22,23,26,27,33,31,30,17,466,104,24,25,28,29,2579,15,18,21,142,637,886,32,19,20,549,16],"class_list":{"0":"post-85038","1":"post","2":"type-post","3":"status-publish","4":"format-standard","5":"has-post-thumbnail","7":"category-otsikot","8":"tag-breaking-news","9":"tag-breakingnews","10":"tag-featured-news","11":"tag-featurednews","12":"tag-fi","13":"tag-finland","14":"tag-finnish","15":"tag-headlines","16":"tag-helsingin-yliopisto","17":"tag-helsinki","18":"tag-latest-news","19":"tag-latestnews","20":"tag-main-news","21":"tag-mainnews","22":"tag-nato","23":"tag-news","24":"tag-otsikot","25":"tag-paauutiset","26":"tag-poliitikot","27":"tag-politiikka","28":"tag-puolueet","29":"tag-suomi","30":"tag-top-stories","31":"tag-topstories","32":"tag-ukrainan-sota","33":"tag-uutiset"},"share_on_mastodon":{"url":"https:\/\/pubeurope.com\/@fi\/115517152515353342","error":""},"_links":{"self":[{"href":"https:\/\/www.europesays.com\/fi\/wp-json\/wp\/v2\/posts\/85038","targetHints":{"allow":["GET"]}}],"collection":[{"href":"https:\/\/www.europesays.com\/fi\/wp-json\/wp\/v2\/posts"}],"about":[{"href":"https:\/\/www.europesays.com\/fi\/wp-json\/wp\/v2\/types\/post"}],"author":[{"embeddable":true,"href":"https:\/\/www.europesays.com\/fi\/wp-json\/wp\/v2\/users\/2"}],"replies":[{"embeddable":true,"href":"https:\/\/www.europesays.com\/fi\/wp-json\/wp\/v2\/comments?post=85038"}],"version-history":[{"count":0,"href":"https:\/\/www.europesays.com\/fi\/wp-json\/wp\/v2\/posts\/85038\/revisions"}],"wp:featuredmedia":[{"embeddable":true,"href":"https:\/\/www.europesays.com\/fi\/wp-json\/wp\/v2\/media\/85039"}],"wp:attachment":[{"href":"https:\/\/www.europesays.com\/fi\/wp-json\/wp\/v2\/media?parent=85038"}],"wp:term":[{"taxonomy":"category","embeddable":true,"href":"https:\/\/www.europesays.com\/fi\/wp-json\/wp\/v2\/categories?post=85038"},{"taxonomy":"post_tag","embeddable":true,"href":"https:\/\/www.europesays.com\/fi\/wp-json\/wp\/v2\/tags?post=85038"}],"curies":[{"name":"wp","href":"https:\/\/api.w.org\/{rel}","templated":true}]}}