{"id":85040,"date":"2025-11-09T01:41:11","date_gmt":"2025-11-09T01:41:11","guid":{"rendered":"https:\/\/www.europesays.com\/fi\/85040\/"},"modified":"2025-11-09T01:41:11","modified_gmt":"2025-11-09T01:41:11","slug":"herttuatar-meghan-palaa-nayttelijaksi-katso","status":"publish","type":"post","link":"https:\/\/www.europesays.com\/fi\/85040\/","title":{"rendered":"Herttuatar Meghan palaa n\u00e4yttelij\u00e4ksi | Katso"},"content":{"rendered":"<p>\n            Project Healthy Minds 3rd Annual GalaFeaturing: Meghan Markle, Duchess of SussexWhere: New York, New York, United StatesWhen: 10 Oct 2025Credit: Janet Mayer\/INSTAR\/ddp images<br \/>\n            All Over Press\n        <\/p>\n<p class=\"subtitle \">Los Angelesissa kuvataan parhaillaan elokuvaa, jossa Sussexin herttuatar n\u00e4yttelee itse\u00e4\u00e4n.<\/p>\n<p class=\"article-content article-content-width !bg-background\">Sussexin herttuatar  palaa n\u00e4yttelij\u00e4ksi, kansainv\u00e4liset mediat uutisoivat.\u00a0<\/p>\n<p class=\"font-weight-bold m-font-weight-bold article-content article-content-width !bg-background\">Videolla n\u00e4yttelij\u00e4 Vesa Vierikko avautuu tulevaisuuden suunnitelmistaan.\u00a0<\/p>\n<p class=\"article-content article-content-width !bg-background\">Meghan on saanut roolin Amazon MGM Studiosin elokuvasta Close Personal Friends, jossa h\u00e4n esitt\u00e4\u00e4 itse\u00e4\u00e4n.\u00a0Alustavien tietojen mukaan kyse on pienest\u00e4 sivuroolista.\u00a0<\/p>\n<p class=\"article-content article-content-width !bg-background\">Close Personal Friends on komedia, jota t\u00e4hditt\u00e4v\u00e4t ,  ,  ja .\u00a0Kuvaukset ovat parhaillaan k\u00e4ynniss\u00e4 Los Angelesin ymp\u00e4rist\u00f6ss\u00e4.<\/p>\n<p class=\"article-content article-content-width !bg-background\">Elokuvan juoni keskittyy tavispariskuntaan, joka t\u00f6rm\u00e4\u00e4 Kalifornian Santa Barbarassa julkkisparin. Heist\u00e4 tulee yst\u00e4vi\u00e4, mutta asiat mutkistuvat ja muuttuvatkin kiusallisiksi.<\/p>\n<p>        <a itemprop=\"url\" href=\"https:\/\/www.seiska.fi\/katso\/harryn-ja-meghanin-ero-kiinnostaa-netflixia\/1661770\" rel=\"nofollow noopener\" target=\"_blank\"><\/p>\n<p>\nHarry ja Meghan\n<\/p>\n<p class=\"section-date\">\n        <strong class=\"article-section\" data-section=\"katso\"><br \/>\n            katso<br \/>\n        <\/strong><br \/>\n        1.4. 16:15\n    <\/p>\n<p>Harryn ja Meghanin ero kiinnostaa Netflixi\u00e4\n    <\/p>\n<p itemprop=\"description\" class=\"subtitle \">\n    Onko suoratoistopalveluj\u00e4till\u00e4 taka-ajatuksia Sussexin herttuaparin varalle?\n<\/p>\n<p>        <\/a><\/p>\n<p>Irtisanoutuminen velvotteista<\/p>\n<p class=\"article-content article-content-width !bg-background\">Vaikuttaa silt\u00e4, ett\u00e4 Meghan haluaa her\u00e4tell\u00e4 kahdeksan vuotta sitten p\u00e4\u00e4ttynytt\u00e4 Hollywood-uraansa.\u00a0<\/p>\n<p>                <img decoding=\"async\" src=\"https:\/\/www.europesays.com\/fi\/wp-content\/uploads\/2025\/11\/1985199.webp\" width=\"576\" height=\"322\" alt=\"Pukumiehiss\u00e4 Meghan n\u00e4ytteli juristi Rachel Zanea.\" loading=\"lazy\" \/>            <\/p>\n<p>\n            Pukumiehiss\u00e4 Meghan n\u00e4ytteli juristi Rachel Zanea.<br \/>\n            USA Network\/All Over Press\n        <\/p>\n<p class=\"article-content article-content-width !bg-background\">H\u00e4nen t\u00e4h\u00e4nastisen uransa isoin rooli on ollut\u00a0 luomassa draamasarjassa Pukumiehet, jossa Meghan esiintyi seitsem\u00e4n kautta vuosina 2011-2018.<\/p>\n<p class=\"article-content article-content-width !bg-background\">Kun k\u00e4vi selv\u00e4ksi, ett\u00e4 Meghan aikoisi avioitua brittiprinssi  kanssa, luopui tv-t\u00e4hti ammatistaan n\u00e4yttelij\u00e4n\u00e4.<\/p>\n<p class=\"article-content article-content-width !bg-background\">Meghanin oli tarkoitus keskitty\u00e4 puolisonsa rinnalla rooliinsa brittihovin niin sanottuna seniorij\u00e4senen\u00e4, joilla on kuninkaallisessa perheess\u00e4 eniten edustusvelvollisuuksia.<\/p>\n<p class=\"article-content article-content-width !bg-background\">Herttuattaren velvollisuudet kuningasperheen j\u00e4senen\u00e4 p\u00e4\u00e4ttyiv\u00e4t kahden vuoden j\u00e4lkeen, kun Harry ja Meghan irtisanoutuivat hovin seniorij\u00e4senyydest\u00e4 ja muuttivat Yhdysvaltoihin.<\/p>\n<p>        <a itemprop=\"url\" href=\"https:\/\/www.seiska.fi\/katso\/brittilehti-prinssi-william-paastaa-tv-kamerat-seuraamaan-elamaansa-luvassa-intiimi-dokumentti\/116299\" rel=\"nofollow noopener\" target=\"_blank\"><\/p>\n<p>\nUutiset\n<\/p>\n<p class=\"section-date\">\n        <strong class=\"article-section\" data-section=\"katso\"><br \/>\n            katso<br \/>\n        <\/strong><br \/>\n        2.5.2023 15:15\n    <\/p>\n<p>Brittilehti: Prinssi William p\u00e4\u00e4st\u00e4\u00e4 tv-kamerat seuraamaan el\u00e4m\u00e4\u00e4ns\u00e4 \u2013 luvassa intiimi dokumentti\n    <\/p>\n<p>        <\/a><\/p>\n","protected":false},"excerpt":{"rendered":"Project Healthy Minds 3rd Annual GalaFeaturing: Meghan Markle, Duchess of SussexWhere: New York, New York, United StatesWhen: 10&hellip;\n","protected":false},"author":2,"featured_media":85041,"comment_status":"","ping_status":"","sticky":false,"template":"","format":"standard","meta":{"footnotes":""},"categories":[136],"tags":[17461,17456,407,17460,623,137,33,31,30,17459,4169,17458,408,9003,1384,1342,17457,32,6657,109],"class_list":{"0":"post-85040","1":"post","2":"type-post","3":"status-publish","4":"format-standard","5":"has-post-thumbnail","7":"category-julkkikset","8":"tag-aaron-korsch","9":"tag-brie-larson","10":"tag-celebrities","11":"tag-close-personal-friends","12":"tag-elokuva","13":"tag-entertainment","14":"tag-fi","15":"tag-finland","16":"tag-finnish","17":"tag-henry-golding","18":"tag-hollywood","19":"tag-jack-quaid","20":"tag-julkkikset","21":"tag-lily-collins","22":"tag-meghan-markle","23":"tag-nayttelija","24":"tag-pukumiehet","25":"tag-suomi","26":"tag-sussexin-herttuatar-meghan","27":"tag-viihde"},"share_on_mastodon":{"url":"https:\/\/pubeurope.com\/@fi\/115517199790955865","error":""},"_links":{"self":[{"href":"https:\/\/www.europesays.com\/fi\/wp-json\/wp\/v2\/posts\/85040","targetHints":{"allow":["GET"]}}],"collection":[{"href":"https:\/\/www.europesays.com\/fi\/wp-json\/wp\/v2\/posts"}],"about":[{"href":"https:\/\/www.europesays.com\/fi\/wp-json\/wp\/v2\/types\/post"}],"author":[{"embeddable":true,"href":"https:\/\/www.europesays.com\/fi\/wp-json\/wp\/v2\/users\/2"}],"replies":[{"embeddable":true,"href":"https:\/\/www.europesays.com\/fi\/wp-json\/wp\/v2\/comments?post=85040"}],"version-history":[{"count":0,"href":"https:\/\/www.europesays.com\/fi\/wp-json\/wp\/v2\/posts\/85040\/revisions"}],"wp:featuredmedia":[{"embeddable":true,"href":"https:\/\/www.europesays.com\/fi\/wp-json\/wp\/v2\/media\/85041"}],"wp:attachment":[{"href":"https:\/\/www.europesays.com\/fi\/wp-json\/wp\/v2\/media?parent=85040"}],"wp:term":[{"taxonomy":"category","embeddable":true,"href":"https:\/\/www.europesays.com\/fi\/wp-json\/wp\/v2\/categories?post=85040"},{"taxonomy":"post_tag","embeddable":true,"href":"https:\/\/www.europesays.com\/fi\/wp-json\/wp\/v2\/tags?post=85040"}],"curies":[{"name":"wp","href":"https:\/\/api.w.org\/{rel}","templated":true}]}}