{"id":85042,"date":"2025-11-09T01:48:11","date_gmt":"2025-11-09T01:48:11","guid":{"rendered":"https:\/\/www.europesays.com\/fi\/85042\/"},"modified":"2025-11-09T01:48:11","modified_gmt":"2025-11-09T01:48:11","slug":"ristomatti-hakola-yllatyshavio-satakunnan-kansa","status":"publish","type":"post","link":"https:\/\/www.europesays.com\/fi\/85042\/","title":{"rendered":"Ristomatti Hakola: yll\u00e4tysh\u00e4vi\u00f6 &#8211; Satakunnan Kansa"},"content":{"rendered":"<p>Ristomatti Hakola koki tappion 22-vuotiaalle suomalaiselle. Satakuntaan saatiin silti yksi voitto Vuokatin laduilta: 20-vuotiaiden naisten sarjassa.<\/p>\n<p>8.11. 18:21<\/p>\n<p class=\"article-body mb-nof-24 px-nof-16\">Satakunnan hiihtotykki <a class=\"article-personlink\" href=\"https:\/\/www.satakunnankansa.fi\/haku\/?query=Ristomatti%20Hakola\" rel=\"nofollow noopener\" target=\"_blank\">Ristomatti Hakola<\/a> oli arvioiden mukaan selv\u00e4 suosikki, kun Vuokatissa hiihdettiin perinteikk\u00e4\u00e4t Kainuun Talvikisat lauantaina.<\/p>\n<p class=\"article-body mb-nof-24 px-nof-16\">34-vuotias kolmin\u00adkertainen MM-mitalisti koki kuitenkin yll\u00e4tys\u00adh\u00e4vi\u00f6n.<\/p>\n<p class=\"article-body mb-nof-24 px-nof-16\">J\u00e4min J\u00e4nteen hiiht\u00e4j\u00e4 sijoittui 12 kilometrin perinteisen tavan v\u00e4liaika\u00adl\u00e4ht\u00f6\u00adkilpailussa toiseksi, sill\u00e4 voiton nappasi 22-vuotias <a class=\"article-personlink\" href=\"https:\/\/www.satakunnankansa.fi\/haku\/?query=Eero%20Rantala\" rel=\"nofollow noopener\" target=\"_blank\">Eero Rantala<\/a> (30.26,6).<\/p>\n<p class=\"article-body mb-nof-24 px-nof-16\">Vuokatti Ski Teamia edustava Rantala p\u00e4ihitti Hakolan 6,7 sekunnilla. Kolmas oli Kuusamon Er\u00e4-Veikkojen <a class=\"article-personlink\" href=\"https:\/\/www.satakunnankansa.fi\/haku\/?query=Kalle%20Parantainen\" rel=\"nofollow noopener\" target=\"_blank\">Kalle Parantainen<\/a> (\u201310,9 sekuntia).<\/p>\n<p class=\"article-body mb-nof-24 px-nof-16\">J\u00e4min J\u00e4nteen <a class=\"article-personlink\" href=\"https:\/\/www.satakunnankansa.fi\/haku\/?query=Niko%20Husu\" rel=\"nofollow noopener\" target=\"_blank\">Niko Husu<\/a> oli seitsem\u00e4s (\u201356,4).<\/p>\n<p class=\"article-body mb-nof-24 px-nof-16\">Satakuntalaisittain positiivista oli, ett\u00e4 Pomarkusta kotoisin oleva ja Noormarkun Nopsaa aiemmin edustanut <a class=\"article-personlink\" href=\"https:\/\/www.satakunnankansa.fi\/haku\/?query=Emilia%20Helmi\" rel=\"nofollow noopener\" target=\"_blank\">Emilia Helmi<\/a> hiihti 20-vuotiaiden naisten sarjassa voittoon.<\/p>\n<p class=\"article-body mb-nof-24 px-nof-16\">Tampereen Pyrint\u00f6\u00e4 nyky\u00e4\u00e4n edustava Helmi, 18, sel\u00e4tti Vuokatin laduilla saman matkan eli 12 kilo\u00admetri\u00e4 perinteisell\u00e4 tavalla ajassa 37.33,6 lauantaina.<\/p>\n<p class=\"article-body mb-nof-24 px-nof-16\">Toiseksi tuli <a class=\"article-personlink\" href=\"https:\/\/www.satakunnankansa.fi\/haku\/?query=Miina%20M%C3%A4ki-Korte\" rel=\"nofollow noopener\" target=\"_blank\">Miina M\u00e4ki-Korte<\/a> (\u20137,7) samasta seurasta.<\/p>\n","protected":false},"excerpt":{"rendered":"Ristomatti Hakola koki tappion 22-vuotiaalle suomalaiselle. Satakuntaan saatiin silti yksi voitto Vuokatin laduilta: 20-vuotiaiden naisten sarjassa. 8.11. 18:21&hellip;\n","protected":false},"author":2,"featured_media":85043,"comment_status":"","ping_status":"","sticky":false,"template":"","format":"standard","meta":{"footnotes":""},"categories":[158],"tags":[33,31,30,80,159,32,160],"class_list":{"0":"post-85042","1":"post","2":"type-post","3":"status-publish","4":"format-standard","5":"has-post-thumbnail","7":"category-urheilu","8":"tag-fi","9":"tag-finland","10":"tag-finnish","11":"tag-satakunnan-kansa","12":"tag-sports","13":"tag-suomi","14":"tag-urheilu"},"share_on_mastodon":{"url":"https:\/\/pubeurope.com\/@fi\/115517227321857161","error":""},"_links":{"self":[{"href":"https:\/\/www.europesays.com\/fi\/wp-json\/wp\/v2\/posts\/85042","targetHints":{"allow":["GET"]}}],"collection":[{"href":"https:\/\/www.europesays.com\/fi\/wp-json\/wp\/v2\/posts"}],"about":[{"href":"https:\/\/www.europesays.com\/fi\/wp-json\/wp\/v2\/types\/post"}],"author":[{"embeddable":true,"href":"https:\/\/www.europesays.com\/fi\/wp-json\/wp\/v2\/users\/2"}],"replies":[{"embeddable":true,"href":"https:\/\/www.europesays.com\/fi\/wp-json\/wp\/v2\/comments?post=85042"}],"version-history":[{"count":0,"href":"https:\/\/www.europesays.com\/fi\/wp-json\/wp\/v2\/posts\/85042\/revisions"}],"wp:featuredmedia":[{"embeddable":true,"href":"https:\/\/www.europesays.com\/fi\/wp-json\/wp\/v2\/media\/85043"}],"wp:attachment":[{"href":"https:\/\/www.europesays.com\/fi\/wp-json\/wp\/v2\/media?parent=85042"}],"wp:term":[{"taxonomy":"category","embeddable":true,"href":"https:\/\/www.europesays.com\/fi\/wp-json\/wp\/v2\/categories?post=85042"},{"taxonomy":"post_tag","embeddable":true,"href":"https:\/\/www.europesays.com\/fi\/wp-json\/wp\/v2\/tags?post=85042"}],"curies":[{"name":"wp","href":"https:\/\/api.w.org\/{rel}","templated":true}]}}