{"id":85048,"date":"2025-11-09T01:54:18","date_gmt":"2025-11-09T01:54:18","guid":{"rendered":"https:\/\/www.europesays.com\/fi\/85048\/"},"modified":"2025-11-09T01:54:18","modified_gmt":"2025-11-09T01:54:18","slug":"stubbilta-koskettavia-sanoja-edesmenneesta-ystavastaan-helsingin-sanomissa","status":"publish","type":"post","link":"https:\/\/www.europesays.com\/fi\/85048\/","title":{"rendered":"Stubbilta koskettavia sanoja edesmenneest\u00e4 yst\u00e4v\u00e4st\u00e4\u00e4n Helsingin Sanomissa"},"content":{"rendered":"<p>Helsingin Sanomissa julkaistiin tasavallan presidentin Alexander Stubbin muistokirjoitus h\u00e4nen pitk\u00e4aikaisesta yst\u00e4v\u00e4st\u00e4\u00e4n Pauli J\u00e4rvenp\u00e4\u00e4st\u00e4. <\/p>\n<p><img decoding=\"async\" class=\"image image-show image-preview\" src=\"https:\/\/www.europesays.com\/fi\/wp-content\/uploads\/2025\/11\/53b621e9531aa1ac32437360aea22146cad3c620cca25765793d17eadd7733b1.jpg\" alt=\"\"\/><img decoding=\"async\" class=\"image image-show\" src=\"https:\/\/www.europesays.com\/fi\/wp-content\/uploads\/2025\/11\/1762653258_299_53b621e9531aa1ac32437360aea22146cad3c620cca25765793d17eadd7733b1.jpg\" alt=\"\"\/><\/p>\n<p>Arkistokuva Pauli J\u00e4rvenp\u00e4\u00e4st\u00e4 vuodelta 2012.  Kari Pekonen<\/p>\n<p class=\"paragraph\">Tasavallan presidentti <a href=\"https:\/\/www.iltalehti.fi\/henkilot\/Alexander Stubb\" class=\"article-link-person-page\" rel=\"nofollow noopener\" target=\"_blank\">Alexander Stubb<\/a> muistelee <a href=\"https:\/\/www.hs.fi\/politiikka\/art-2000011613470.html?utm_source=ampparit\" target=\"_blank\" rel=\"noopener nofollow\">Helsingin Sanomissa<\/a> edesmennytt\u00e4 yst\u00e4v\u00e4\u00e4ns\u00e4 diplomaatti <a href=\"https:\/\/www.iltalehti.fi\/henkilot\/Pauli J\u00e4rvenp\u00e4\u00e4\" class=\"article-link-person-page\" rel=\"nofollow noopener\" target=\"_blank\">Pauli J\u00e4rvenp\u00e4\u00e4t\u00e4<\/a>, 77.<\/p>\n<p class=\"paragraph\">J\u00e4rvenp\u00e4\u00e4 kuoli lokakuun lopussa sairauden uuvuttamana. Lauantain Helsingin Sanomissa julkaistiin Stubbin muistokirjoitus J\u00e4rvenp\u00e4\u00e4st\u00e4.<\/p>\n<p class=\"paragraph\">Diplomaatti Pauli J\u00e4rvenp\u00e4\u00e4 oli puolustuksen tienraivaaja, kirjoittaa Stubb.<\/p>\n<p class=\"paragraph\">Stubb tutustui harjoittelunsa aikana Yhdysvalloissa Washingtonin suurl\u00e4hetyst\u00f6ss\u00e4 J\u00e4rvenp\u00e4\u00e4h\u00e4n 90-luvun alussa. Stubb kertoo, ett\u00e4 he yst\u00e4vystyiv\u00e4t heti.<\/p>\n<p class=\"paragraph\">\u2013 Muistan sen kuin eilisen. Sain l\u00e4hetyst\u00f6ss\u00e4 Paulin viereisen huoneen. H\u00e4n otti minut siipiens\u00e4 suojaan alusta saakka. Auttoi. Neuvoi. Ohjasi. Kommentoi. Viikonloppuisin Pauli is\u00e4nn\u00f6i diplomaatteja asunnollaan. Illat p\u00e4\u00e4tyiv\u00e4t v\u00e4\u00e4j\u00e4\u00e4m\u00e4tt\u00e4 J\u00e4\u00e4k\u00e4rimarssiin, eik\u00e4 ihan pienell\u00e4 volyymilla, Stubb kirjoittaa.<\/p>\n<p>\u201dH\u00e4nen perint\u00f6ns\u00e4 el\u00e4\u00e4\u201d<\/p>\n<p class=\"paragraph\">Stubb kuvailee J\u00e4rvenp\u00e4\u00e4t\u00e4 urheilullisesti lahjakkaaksi, kilpailulliseksi ja \u00e4lykk\u00e4\u00e4ksi. Stubb korostaa erityisesti J\u00e4rvenp\u00e4\u00e4n vaikutusta Suomen puolustuspolitiikkaan.<\/p>\n<p class=\"paragraph\">Stubb nostaa esiin esimerkiksi J\u00e4rvenp\u00e4\u00e4n roolin Neuvostoliiton hajoamisprosessin vaikutuksissa Suomeen.<\/p>\n<p class=\"paragraph\">\u2013 Yhdess\u00e4 ulkoministeri\u00f6n ja p\u00e4\u00e4esikunnan kollegoiden kanssa h\u00e4n oli mukana valmistelemassa Pariisin rauhansopimuksen sotilaallisista rajoituksista luopumista ja symbolisesti merkitt\u00e4v\u00e4\u00e4 askelta pois Neuvostoliiton vaikutuksen alta, Stubb kirjoittaa.<\/p>\n<p class=\"paragraph\">Stubb my\u00f6s muistuttaa, ett\u00e4 J\u00e4rvenp\u00e4\u00e4 oli ehdoton Nato-j\u00e4senyyden kannattaja.<\/p>\n<p class=\"paragraph\">\u2013 Samaan aikaan J\u00e4rvenp\u00e4<\/p>\n","protected":false},"excerpt":{"rendered":"Helsingin Sanomissa julkaistiin tasavallan presidentin Alexander Stubbin muistokirjoitus h\u00e4nen pitk\u00e4aikaisesta yst\u00e4v\u00e4st\u00e4\u00e4n Pauli J\u00e4rvenp\u00e4\u00e4st\u00e4. Arkistokuva Pauli J\u00e4rvenp\u00e4\u00e4st\u00e4 vuodelta 2012.&hellip;\n","protected":false},"author":2,"featured_media":85049,"comment_status":"","ping_status":"","sticky":false,"template":"","format":"standard","meta":{"footnotes":""},"categories":[12],"tags":[35,22,23,26,27,33,31,30,17,24,25,28,29,15,18,21,142,637,886,2535,888,32,19,20,16],"class_list":{"0":"post-85048","1":"post","2":"type-post","3":"status-publish","4":"format-standard","5":"has-post-thumbnail","7":"category-suomi","8":"tag-24h","9":"tag-breaking-news","10":"tag-breakingnews","11":"tag-featured-news","12":"tag-featurednews","13":"tag-fi","14":"tag-finland","15":"tag-finnish","16":"tag-headlines","17":"tag-latest-news","18":"tag-latestnews","19":"tag-main-news","20":"tag-mainnews","21":"tag-news","22":"tag-otsikot","23":"tag-paauutiset","24":"tag-poliitikot","25":"tag-politiikka","26":"tag-puolueet","27":"tag-puolustuspolitiikka","28":"tag-suomalaiset-poliitikot","29":"tag-suomi","30":"tag-top-stories","31":"tag-topstories","32":"tag-uutiset"},"share_on_mastodon":{"url":"https:\/\/pubeurope.com\/@fi\/115517251028522561","error":""},"_links":{"self":[{"href":"https:\/\/www.europesays.com\/fi\/wp-json\/wp\/v2\/posts\/85048","targetHints":{"allow":["GET"]}}],"collection":[{"href":"https:\/\/www.europesays.com\/fi\/wp-json\/wp\/v2\/posts"}],"about":[{"href":"https:\/\/www.europesays.com\/fi\/wp-json\/wp\/v2\/types\/post"}],"author":[{"embeddable":true,"href":"https:\/\/www.europesays.com\/fi\/wp-json\/wp\/v2\/users\/2"}],"replies":[{"embeddable":true,"href":"https:\/\/www.europesays.com\/fi\/wp-json\/wp\/v2\/comments?post=85048"}],"version-history":[{"count":0,"href":"https:\/\/www.europesays.com\/fi\/wp-json\/wp\/v2\/posts\/85048\/revisions"}],"wp:featuredmedia":[{"embeddable":true,"href":"https:\/\/www.europesays.com\/fi\/wp-json\/wp\/v2\/media\/85049"}],"wp:attachment":[{"href":"https:\/\/www.europesays.com\/fi\/wp-json\/wp\/v2\/media?parent=85048"}],"wp:term":[{"taxonomy":"category","embeddable":true,"href":"https:\/\/www.europesays.com\/fi\/wp-json\/wp\/v2\/categories?post=85048"},{"taxonomy":"post_tag","embeddable":true,"href":"https:\/\/www.europesays.com\/fi\/wp-json\/wp\/v2\/tags?post=85048"}],"curies":[{"name":"wp","href":"https:\/\/api.w.org\/{rel}","templated":true}]}}