{"id":85050,"date":"2025-11-09T01:55:12","date_gmt":"2025-11-09T01:55:12","guid":{"rendered":"https:\/\/www.europesays.com\/fi\/85050\/"},"modified":"2025-11-09T01:55:12","modified_gmt":"2025-11-09T01:55:12","slug":"valioliigassa-nahtiin-todella-dramaattinen-huippuottelu","status":"publish","type":"post","link":"https:\/\/www.europesays.com\/fi\/85050\/","title":{"rendered":"Valioliigassa n\u00e4htiin todella dramaattinen huippuottelu"},"content":{"rendered":"<p>Englannin Valioliigan lauantai k\u00e4ynnistyi todella dramaattisella ottelulla, kun Manchester United ja Tottenham kohtasivat toisensa.<\/p>\n<p>Ottelun lopussa n\u00e4htiin monta k\u00e4\u00e4nnett\u00e4 ja peli p\u00e4\u00e4ttyi lopulta 2-2-tasapeliin.<\/p>\n<p>Spurs luuli jo varmasti hoitaneensa homman, kun vasta pelin 91. minuutilla brassit\u00e4hti <strong>Richarlison<\/strong> ohjasi lontoolaiset 2-1-johtoon.<\/p>\n<p>Mutta homma ei ratkennut siihen. ManU tuli nimitt\u00e4in rinnalle pelin 96. minuutilla. <strong>Matthijs de Ligt<\/strong> k\u00e4vi puskemassa <strong>Bruno Fernandesin<\/strong> keskityksen tuolloin verkkoon.<\/p>\n<p>ManU:n kes\u00e4hankinta <strong>Bryan Mbeumo<\/strong> oli vienyt ManU:n avausjaksolla johtoon, mutta <strong>Mathys Tel <\/strong>iski tasoitusmaalin vasta 84. minuutilla.<\/p>\n<p>Tottenham on nyt Valioliigassa kolmantena ja ManU vasta seitsem\u00e4nten\u00e4.<\/p>\n<p><strong>LUE MY\u00d6S:\u00a0<a href=\"https:\/\/atleetti.fi\/yllattava-tilasto-koska-sosiaalisen-median-porropaa-paasee-parturiin\/\" target=\"_blank\" rel=\"nofollow noopener\">Yll\u00e4tt\u00e4v\u00e4 tilasto \u2013 koska sosiaalisen median p\u00f6rr\u00f6p\u00e4\u00e4 p\u00e4\u00e4see parturiin? (Atleetti.fi) <\/a><\/strong><\/p>\n","protected":false},"excerpt":{"rendered":"Englannin Valioliigan lauantai k\u00e4ynnistyi todella dramaattisella ottelulla, kun Manchester United ja Tottenham kohtasivat toisensa. Ottelun lopussa n\u00e4htiin monta&hellip;\n","protected":false},"author":2,"featured_media":85051,"comment_status":"","ping_status":"","sticky":false,"template":"","format":"standard","meta":{"footnotes":""},"categories":[5],"tags":[22,23,26,27,33,31,30,17,24,25,28,29,15,18,21,32,19,20,16],"class_list":{"0":"post-85050","1":"post","2":"type-post","3":"status-publish","4":"format-standard","5":"has-post-thumbnail","7":"category-otsikot","8":"tag-breaking-news","9":"tag-breakingnews","10":"tag-featured-news","11":"tag-featurednews","12":"tag-fi","13":"tag-finland","14":"tag-finnish","15":"tag-headlines","16":"tag-latest-news","17":"tag-latestnews","18":"tag-main-news","19":"tag-mainnews","20":"tag-news","21":"tag-otsikot","22":"tag-paauutiset","23":"tag-suomi","24":"tag-top-stories","25":"tag-topstories","26":"tag-uutiset"},"share_on_mastodon":{"url":"https:\/\/pubeurope.com\/@fi\/115517254729595280","error":""},"_links":{"self":[{"href":"https:\/\/www.europesays.com\/fi\/wp-json\/wp\/v2\/posts\/85050","targetHints":{"allow":["GET"]}}],"collection":[{"href":"https:\/\/www.europesays.com\/fi\/wp-json\/wp\/v2\/posts"}],"about":[{"href":"https:\/\/www.europesays.com\/fi\/wp-json\/wp\/v2\/types\/post"}],"author":[{"embeddable":true,"href":"https:\/\/www.europesays.com\/fi\/wp-json\/wp\/v2\/users\/2"}],"replies":[{"embeddable":true,"href":"https:\/\/www.europesays.com\/fi\/wp-json\/wp\/v2\/comments?post=85050"}],"version-history":[{"count":0,"href":"https:\/\/www.europesays.com\/fi\/wp-json\/wp\/v2\/posts\/85050\/revisions"}],"wp:featuredmedia":[{"embeddable":true,"href":"https:\/\/www.europesays.com\/fi\/wp-json\/wp\/v2\/media\/85051"}],"wp:attachment":[{"href":"https:\/\/www.europesays.com\/fi\/wp-json\/wp\/v2\/media?parent=85050"}],"wp:term":[{"taxonomy":"category","embeddable":true,"href":"https:\/\/www.europesays.com\/fi\/wp-json\/wp\/v2\/categories?post=85050"},{"taxonomy":"post_tag","embeddable":true,"href":"https:\/\/www.europesays.com\/fi\/wp-json\/wp\/v2\/tags?post=85050"}],"curies":[{"name":"wp","href":"https:\/\/api.w.org\/{rel}","templated":true}]}}