{"id":85062,"date":"2025-11-09T02:40:07","date_gmt":"2025-11-09T02:40:07","guid":{"rendered":"https:\/\/www.europesays.com\/fi\/85062\/"},"modified":"2025-11-09T02:40:07","modified_gmt":"2025-11-09T02:40:07","slug":"mita-ihmetta-suomalaispakista-hakellyttava-tilasto-nhlssa-ilta-sanomat","status":"publish","type":"post","link":"https:\/\/www.europesays.com\/fi\/85062\/","title":{"rendered":"Mit\u00e4 ihmett\u00e4? Suomalaispakista h\u00e4kellytt\u00e4v\u00e4 tilasto NHL:ss\u00e4 &#8211; Ilta-Sanomat"},"content":{"rendered":"<ol>\n<li><a href=\"https:\/\/news.google.com\/rss\/articles\/CBMiV0FVX3lxTE1hTmxXNlZUX2hkckVxUl9BdDB5SmV2TXQ2V1NHRDExb0ZTVktlODl6RzNzN3ZjazkzcHJGVGVEdHRXaUhYZy1ucUxJbjRUcW85ZWF2dEFXYw?oc=5\" target=\"_blank\" rel=\"nofollow noopener\">Mit\u00e4 ihmett\u00e4? Suomalaispakista h\u00e4kellytt\u00e4v\u00e4 tilasto NHL:ss\u00e4<\/a>&nbsp;&nbsp;Ilta-Sanomat<\/li>\n<li><a href=\"https:\/\/news.google.com\/rss\/articles\/CBMiQkFVX3lxTE5mVGJSYnZQV2xIbk5rTkJ5eHBjcW1uUUVYWkR2MDY4Rmw1SDhvcEt2dEJtTDcwdm1PWlc1RElFWWN3Zw?oc=5\" target=\"_blank\" rel=\"nofollow noopener\">Dallas Stars h\u00e4visi Anaheimille suomalaisten tehoillasta huolimatta \u2013 Mikko Rantanen nousi pistep\u00f6rssin kolmanneksi<\/a>&nbsp;&nbsp;Yle<\/li>\n<li><a href=\"https:\/\/news.google.com\/rss\/articles\/CBMiSkFVX3lxTFA2WS1hQlhPNXQ4VWI5Y3BySzhsMElEd0V1TkhndUhKbjBTY0g0TTdSM2Q4akVJSUlNYmMyeGxaS3l3S2NneU9TYzFn?oc=5\" target=\"_blank\" rel=\"nofollow noopener\">Dallasin suomalaiset tehoilivat, Nashville kaatui vieraissa<\/a>&nbsp;&nbsp;Etel\u00e4-Suomen Sanomat<\/li>\n<li><a href=\"https:\/\/news.google.com\/rss\/articles\/CBMidkFVX3lxTE5DSkd0Y0ZuNXh3QjdtVmtHcDhaWkV4U1cxTk9pUXBCTUNzeGRpY3hzdkVXdjgtWVNNTTFGY1NfQU11Vy11eFBlanZmZTVxVVFfV0xSVXd6Zm5fRlFHT1gzb3NYWjJEZjl2VDZyZkRSVC04UlA2Snc?oc=5\" target=\"_blank\" rel=\"nofollow noopener\">Miro Heiskanen ja Mikko Rantanen yltyiv\u00e4t hurjaan pistetehtailuun<\/a>&nbsp;&nbsp;Iltalehti<\/li>\n<li><a href=\"https:\/\/news.google.com\/rss\/articles\/CBMiqgFBVV95cUxNaHRsWi1mNWtOaVVtZGl4RGZCeXRxenRrWDFyZmlMbFRQVHlRT2J5MmhqaExNZlRPcDZtOU5rRzhtS295bnBYNFBHVW5YNWhKTkhjSFlPaFByQ1R2ajhrczl0UVdxYWlnYnhQX3ZvVER2WUNhWEFLVjZMSFVuRmdHQUJlcnp3ZTdzSXJVYTZCOGVnZ1d3SnJjbExHZGVvemE1ZmR1YXRGcWxQUQ?oc=5\" target=\"_blank\" rel=\"nofollow noopener\">Nashville Predators \u2013 Dallas Stars 8.11.2025 | Katso vetovihje &amp; kertoimet<\/a>&nbsp;&nbsp;Uhmapelaajat<\/li>\n<\/ol>\n","protected":false},"excerpt":{"rendered":"Mit\u00e4 ihmett\u00e4? Suomalaispakista h\u00e4kellytt\u00e4v\u00e4 tilasto NHL:ss\u00e4&nbsp;&nbsp;Ilta-Sanomat Dallas Stars h\u00e4visi Anaheimille suomalaisten tehoillasta huolimatta \u2013 Mikko Rantanen nousi pistep\u00f6rssin&hellip;\n","protected":false},"author":2,"featured_media":85063,"comment_status":"","ping_status":"","sticky":false,"template":"","format":"standard","meta":{"footnotes":""},"categories":[158],"tags":[33,31,30,34,159,32,160],"class_list":{"0":"post-85062","1":"post","2":"type-post","3":"status-publish","4":"format-standard","5":"has-post-thumbnail","7":"category-urheilu","8":"tag-fi","9":"tag-finland","10":"tag-finnish","11":"tag-ilta-sanomat","12":"tag-sports","13":"tag-suomi","14":"tag-urheilu"},"share_on_mastodon":{"url":"https:\/\/pubeurope.com\/@fi\/115517431758045092","error":""},"_links":{"self":[{"href":"https:\/\/www.europesays.com\/fi\/wp-json\/wp\/v2\/posts\/85062","targetHints":{"allow":["GET"]}}],"collection":[{"href":"https:\/\/www.europesays.com\/fi\/wp-json\/wp\/v2\/posts"}],"about":[{"href":"https:\/\/www.europesays.com\/fi\/wp-json\/wp\/v2\/types\/post"}],"author":[{"embeddable":true,"href":"https:\/\/www.europesays.com\/fi\/wp-json\/wp\/v2\/users\/2"}],"replies":[{"embeddable":true,"href":"https:\/\/www.europesays.com\/fi\/wp-json\/wp\/v2\/comments?post=85062"}],"version-history":[{"count":0,"href":"https:\/\/www.europesays.com\/fi\/wp-json\/wp\/v2\/posts\/85062\/revisions"}],"wp:featuredmedia":[{"embeddable":true,"href":"https:\/\/www.europesays.com\/fi\/wp-json\/wp\/v2\/media\/85063"}],"wp:attachment":[{"href":"https:\/\/www.europesays.com\/fi\/wp-json\/wp\/v2\/media?parent=85062"}],"wp:term":[{"taxonomy":"category","embeddable":true,"href":"https:\/\/www.europesays.com\/fi\/wp-json\/wp\/v2\/categories?post=85062"},{"taxonomy":"post_tag","embeddable":true,"href":"https:\/\/www.europesays.com\/fi\/wp-json\/wp\/v2\/tags?post=85062"}],"curies":[{"name":"wp","href":"https:\/\/api.w.org\/{rel}","templated":true}]}}