{"id":85073,"date":"2025-11-09T03:06:12","date_gmt":"2025-11-09T03:06:12","guid":{"rendered":"https:\/\/www.europesays.com\/fi\/85073\/"},"modified":"2025-11-09T03:06:12","modified_gmt":"2025-11-09T03:06:12","slug":"jari-matti-latvala-ajoi-euroopan-mestariksi-janni-hussi-jai-tyhjin-kasin","status":"publish","type":"post","link":"https:\/\/www.europesays.com\/fi\/85073\/","title":{"rendered":"Jari-Matti Latvala ajoi Euroopan mestariksi \u2013\u2009Janni Hussi j\u00e4i tyhjin k\u00e4sin"},"content":{"rendered":"<p>Jari-Matti Latvala voitti Euroopan mestaruuden mestarillisin ottein.<\/p>\n<p><img decoding=\"async\" class=\"image image-show image-preview\" src=\"https:\/\/www.europesays.com\/fi\/wp-content\/uploads\/2025\/11\/fba60ec078c6a5dc0d3bb5e05ac234c44d282f0b21c83f000c42aba93ea74fc4.jpg\" alt=\"\"\/><img decoding=\"async\" class=\"image image-show\" src=\"https:\/\/www.europesays.com\/fi\/wp-content\/uploads\/2025\/11\/1762657572_890_fba60ec078c6a5dc0d3bb5e05ac234c44d282f0b21c83f000c42aba93ea74fc4.jpg\" alt=\"\"\/><\/p>\n<p>Jari-Matti Latvala varmisti lauantaina Euroopan mestaruuden. Vesa P\u00f6pp\u00f6nen \/ AOP<\/p>\n<p class=\"paragraph\">Rallilegenda ja Toyotan WRC-tallip\u00e4\u00e4llikk\u00f6 <strong>Jari-Matti Latvala<\/strong> on voittanut Euroopan mestaruuden European Historic Rally Championship -luokassa.<\/p>\n<p class=\"paragraph\">40-vuotias Latvala varmisti tittelin lauantaina voittamalla kauden p\u00e4\u00e4t\u00f6sosakilpailun Portugalin Fafessa t\u00e4ysin ylivoimaisesti. Toyota Celicalla kilpaillut Latvala ajoi pohja-ajan kaikille 12 erikoiskokeelle ja j\u00e4tti toiseksi tulleen italialaisen <strong>Valter Pierangiolin<\/strong> yli 4 minuutin ja 43 sekunnin p\u00e4\u00e4h\u00e4n.<\/p>\n<p class=\"paragraph\">Latvala tarvitsi mestaruuden sinet\u00f6imiseen ainoastaan sen, ett\u00e4 h\u00e4n p\u00e4ihitti Portugalissa muut historic-luokan EM-sarjan kuljettajat.<\/p>\n<p class=\"paragraph\">Historic-sarjan kausi sis\u00e4lsi kymmenen osakilpailua eri puolilla Eurooppaa. Latvala voitti niist\u00e4 viisi, keskeytti kolmesti ja j\u00e4tti kaksi kilpailua v\u00e4liin.<\/p>\n<p class=\"paragraph\">Portugalissa Latvalan kartturina toimi <strong>Topi Luhtinen<\/strong>, sill\u00e4 vakituinen kartanlukija <strong>Janni Hussi <\/strong>on <a href=\"https:\/\/www.iltalehti.fi\/ralli\/a49dc773-3242-44bc-b1a8-db1fd8d9ac41\" rel=\"nofollow noopener\" target=\"_blank\">samaan aikaan Japanin MM-rallissa Toyotan etuautoteht\u00e4viss\u00e4.<\/a><\/p>\n<p class=\"paragraph\">Hussi on toiminut Latvalan parina useimmissa kauden kilpailuissa, mutta j\u00e4i nyt ilman mestaruutta, koska kartanlukijoiden pisteet lasketaan erill\u00e4\u00e4n kuljettajien sarjasta. Hussilta j\u00e4iv\u00e4t kauden aikana v\u00e4liin osakilpailut T\u0161ekiss\u00e4 ja Portugalissa.<\/p>\n<p class=\"paragraph\">Latvalan mestaruus sai erityist\u00e4 s\u00e4vy\u00e4, sill\u00e4 suomalaisen ei alun perin ollut edes tarkoitus osallistua Portugalin p\u00e4\u00e4t\u00f6skisaan. Lopulta h\u00e4n p\u00e4\u00e4tti l\u00e4hte\u00e4 mukaan tavoittelemaan titteli\u00e4 ja teki sen tyylill\u00e4.<\/p>\n","protected":false},"excerpt":{"rendered":"Jari-Matti Latvala voitti Euroopan mestaruuden mestarillisin ottein. Jari-Matti Latvala varmisti lauantaina Euroopan mestaruuden. Vesa P\u00f6pp\u00f6nen \/ AOP Rallilegenda&hellip;\n","protected":false},"author":2,"featured_media":85074,"comment_status":"","ping_status":"","sticky":false,"template":"","format":"standard","meta":{"footnotes":""},"categories":[158],"tags":[35,648,33,31,30,2763,121,83,159,32,128,160],"class_list":{"0":"post-85073","1":"post","2":"type-post","3":"status-publish","4":"format-standard","5":"has-post-thumbnail","7":"category-urheilu","8":"tag-24h","9":"tag-autot","10":"tag-fi","11":"tag-finland","12":"tag-finnish","13":"tag-kulkuneuvojen-valmistus","14":"tag-liikenne-ja-kuljetus","15":"tag-moottoriurheilu","16":"tag-sports","17":"tag-suomi","18":"tag-tieliikenne","19":"tag-urheilu"},"share_on_mastodon":{"url":"https:\/\/pubeurope.com\/@fi\/115517534107341373","error":""},"_links":{"self":[{"href":"https:\/\/www.europesays.com\/fi\/wp-json\/wp\/v2\/posts\/85073","targetHints":{"allow":["GET"]}}],"collection":[{"href":"https:\/\/www.europesays.com\/fi\/wp-json\/wp\/v2\/posts"}],"about":[{"href":"https:\/\/www.europesays.com\/fi\/wp-json\/wp\/v2\/types\/post"}],"author":[{"embeddable":true,"href":"https:\/\/www.europesays.com\/fi\/wp-json\/wp\/v2\/users\/2"}],"replies":[{"embeddable":true,"href":"https:\/\/www.europesays.com\/fi\/wp-json\/wp\/v2\/comments?post=85073"}],"version-history":[{"count":0,"href":"https:\/\/www.europesays.com\/fi\/wp-json\/wp\/v2\/posts\/85073\/revisions"}],"wp:featuredmedia":[{"embeddable":true,"href":"https:\/\/www.europesays.com\/fi\/wp-json\/wp\/v2\/media\/85074"}],"wp:attachment":[{"href":"https:\/\/www.europesays.com\/fi\/wp-json\/wp\/v2\/media?parent=85073"}],"wp:term":[{"taxonomy":"category","embeddable":true,"href":"https:\/\/www.europesays.com\/fi\/wp-json\/wp\/v2\/categories?post=85073"},{"taxonomy":"post_tag","embeddable":true,"href":"https:\/\/www.europesays.com\/fi\/wp-json\/wp\/v2\/tags?post=85073"}],"curies":[{"name":"wp","href":"https:\/\/api.w.org\/{rel}","templated":true}]}}