{"id":85090,"date":"2025-11-09T03:38:10","date_gmt":"2025-11-09T03:38:10","guid":{"rendered":"https:\/\/www.europesays.com\/fi\/85090\/"},"modified":"2025-11-09T03:38:10","modified_gmt":"2025-11-09T03:38:10","slug":"poliisi-jahtasi-pakettiautoa-noin-40-kilometrin-matkan-perjantai-iltana-autosta-loytyi-anastetuksi-epailtya-omaisuutta-uutissuomalainen","status":"publish","type":"post","link":"https:\/\/www.europesays.com\/fi\/85090\/","title":{"rendered":"Poliisi jahtasi pakettiautoa noin 40 kilometrin matkan perjantai-iltana \u2013 autosta l\u00f6ytyi anastetuksi ep\u00e4ilty\u00e4 omaisuutta | Uutissuomalainen"},"content":{"rendered":"<p>Poliisilla oli pitk\u00e4 takaa-ajo Pohjois-Pohjanmaan ja Lapin maakuntien v\u00e4lill\u00e4 perjantai-iltana.<\/p>\n<p>Kemiin matkalla ollut Oulun poliisilaitoksen partio kiinnitti illalla huomiota Kuivaniemen kohdilla olleeseen isoon pakettiautoon, joka oli t\u00f6rm\u00e4t\u00e4 liikenteenjakajaan, Lapin poliisilaitos kertoo tiedotteessaan.<\/p>\n<p>Partio laittoi pys\u00e4ytysvalon p\u00e4\u00e4lle, mutta auton kuljettaja ei noudattanut pys\u00e4ytysk\u00e4sky\u00e4. Kuski l\u00e4hti pakenemaan kohti Kemi\u00e4. Takaa-ajoon liittyi lis\u00e4\u00e4 partioita ja auto pys\u00e4ytettiin lopulta piikkimattoon Kemiss\u00e4 Ajoksen liittym\u00e4n kohdilla. Kemin ja Kuivaniemen v\u00e4linen matka on vajaa 40 kilometri\u00e4.<\/p>\n<p><strong class=\"diks-storyline__impact\">Ajoneuvoa kuljettanut mies<\/strong> vastusti kiinniottoa. Poliisi taltutti h\u00e4net tarpeellisilla voimakeinoilla. Autossa oli h\u00e4nen lis\u00e4kseen toinen mies ja nainen. Lis\u00e4ksi autosta l\u00f6ytyi anastetuksi ep\u00e4iltyj\u00e4 s\u00e4hk\u00f6polkupy\u00f6ri\u00e4, s\u00e4hk\u00f6potkulauta ja muuta omaisuutta.<\/p>\n<p>Kuljettaja sek\u00e4 kyydiss\u00e4 olleet otettiin kiinni ja toimitettiin Kemin poliisivankilaan. Asiaa tutkitaan muun muassa t\u00f6rke\u00e4n\u00e4 liikenneturvallisuuden vaarantamisena ja rahanpesurikoksena.<\/p>\n<p>Kartta n\u00e4ytt\u00e4\u00e4 Kuivaniemen ja Kemin v\u00e4lisen reitin.<\/p>\n","protected":false},"excerpt":{"rendered":"Poliisilla oli pitk\u00e4 takaa-ajo Pohjois-Pohjanmaan ja Lapin maakuntien v\u00e4lill\u00e4 perjantai-iltana. Kemiin matkalla ollut Oulun poliisilaitoksen partio kiinnitti illalla&hellip;\n","protected":false},"author":2,"featured_media":85091,"comment_status":"","ping_status":"","sticky":false,"template":"","format":"standard","meta":{"footnotes":""},"categories":[12],"tags":[22,23,26,27,33,31,30,17,3237,55,667,24,25,121,28,29,15,18,952,14649,21,32,128,19,20,16],"class_list":{"0":"post-85090","1":"post","2":"type-post","3":"status-publish","4":"format-standard","5":"has-post-thumbnail","7":"category-suomi","8":"tag-breaking-news","9":"tag-breakingnews","10":"tag-featured-news","11":"tag-featurednews","12":"tag-fi","13":"tag-finland","14":"tag-finnish","15":"tag-headlines","16":"tag-kemi-tornion-seutukunta","17":"tag-lainvalvonta","18":"tag-lappi","19":"tag-latest-news","20":"tag-latestnews","21":"tag-liikenne-ja-kuljetus","22":"tag-main-news","23":"tag-mainnews","24":"tag-news","25":"tag-otsikot","26":"tag-oulu","27":"tag-oulun-poliisilaitos","28":"tag-paauutiset","29":"tag-suomi","30":"tag-tieliikenne","31":"tag-top-stories","32":"tag-topstories","33":"tag-uutiset"},"share_on_mastodon":{"url":"https:\/\/pubeurope.com\/@fi\/115517659701503615","error":""},"_links":{"self":[{"href":"https:\/\/www.europesays.com\/fi\/wp-json\/wp\/v2\/posts\/85090","targetHints":{"allow":["GET"]}}],"collection":[{"href":"https:\/\/www.europesays.com\/fi\/wp-json\/wp\/v2\/posts"}],"about":[{"href":"https:\/\/www.europesays.com\/fi\/wp-json\/wp\/v2\/types\/post"}],"author":[{"embeddable":true,"href":"https:\/\/www.europesays.com\/fi\/wp-json\/wp\/v2\/users\/2"}],"replies":[{"embeddable":true,"href":"https:\/\/www.europesays.com\/fi\/wp-json\/wp\/v2\/comments?post=85090"}],"version-history":[{"count":0,"href":"https:\/\/www.europesays.com\/fi\/wp-json\/wp\/v2\/posts\/85090\/revisions"}],"wp:featuredmedia":[{"embeddable":true,"href":"https:\/\/www.europesays.com\/fi\/wp-json\/wp\/v2\/media\/85091"}],"wp:attachment":[{"href":"https:\/\/www.europesays.com\/fi\/wp-json\/wp\/v2\/media?parent=85090"}],"wp:term":[{"taxonomy":"category","embeddable":true,"href":"https:\/\/www.europesays.com\/fi\/wp-json\/wp\/v2\/categories?post=85090"},{"taxonomy":"post_tag","embeddable":true,"href":"https:\/\/www.europesays.com\/fi\/wp-json\/wp\/v2\/tags?post=85090"}],"curies":[{"name":"wp","href":"https:\/\/api.w.org\/{rel}","templated":true}]}}