{"id":85092,"date":"2025-11-09T03:39:08","date_gmt":"2025-11-09T03:39:08","guid":{"rendered":"https:\/\/www.europesays.com\/fi\/85092\/"},"modified":"2025-11-09T03:39:08","modified_gmt":"2025-11-09T03:39:08","slug":"supertaifuuni-lahestyy-filippiineja-uutisia-lyhyesti","status":"publish","type":"post","link":"https:\/\/www.europesays.com\/fi\/85092\/","title":{"rendered":"Supertaifuuni l\u00e4hestyy Filippiinej\u00e4 | Uutisia lyhyesti"},"content":{"rendered":"<p class=\"aw-1gybjub aw-5vja16 kEtdKx kmuxyA yle__article__paragraph\">Supertaifuunnin odotetaan iskev\u00e4n maihin aikaisintaan sunnuntai-iltana.<\/p>\n<p><img decoding=\"async\" alt=\"Ihmiset liiikkuvat veden valtaamalla tiell\u00e4 pelastusveneen kanssa.\" src=\"https:\/\/www.europesays.com\/fi\/wp-content\/uploads\/2025\/11\/39-1550881690ff63ca8f50.jpeg\" class=\"aw-1l9m598 hKVVvP\"\/><\/p>\n<p>Avaa kuvien katselu<\/p>\n<p>L\u00e4hestyv\u00e4 taifuuni on aiheuttanut jo tulvia Mindanaon saarella, miss\u00e4 pelastusty\u00f6ntekij\u00e4t evakuoivat lauantaina asukkaita kodeistaan. Kuva: Erwin Mascarinas\/ AFP <\/p>\n<p class=\"aw-1gybjub aw-1p7kakr kEtdKx cEmitX yle__article__paragraph\">Filippiinien it\u00e4- ja pohjoisosissa on evakuoitu yli 100 000 ihmist\u00e4 saaristovaltiota l\u00e4hestyv\u00e4n Fung-wong -supertaifuunin tielt\u00e4. Taifuunin ennustetaan tuovan mukanaan rankkasateita, voimakkaita tuulia ja myrskyaaltoja.<\/p>\n<p class=\"aw-1gybjub aw-1p7kakr kEtdKx cEmitX yle__article__paragraph\">Supertaifuuni Fung-wongin tuulet puhaltavat yli 50 metri\u00e4 sekunnissa ja puuskissa jopa 64 metri\u00e4 sekunnissa. Taifuunin odotetaan iskev\u00e4n maihin Keski-Luzonissa aikaisintaan sunnuntai-iltana.<\/p>\n<p class=\"aw-1gybjub aw-1p7kakr kEtdKx cEmitX yle__article__paragraph\">Maassa on peruttu l\u00e4hestyv\u00e4n myrskyn vuoksi yli 300 lentoa.<\/p>\n<p class=\"aw-1gybjub aw-1p7kakr kEtdKx cEmitX yle__article__paragraph\">Fung-wong l\u00e4hestyy Filippiinej\u00e4 vain muutama p\u00e4iv\u00e4 sen j\u00e4lkeen, kun taifuuni Kalmaeg iski maahan surmaten yli 200 ihmist\u00e4.<\/p>\n<p class=\"aw-1gybjub aw-1p7kakr kEtdKx cEmitX yle__article__paragraph\">Filippiineille iskee vuosittain keskim\u00e4\u00e4rin 20 myrsky\u00e4 ja taifuunia. Ilmastonmuutoksen vuoksi myrskyt ovat nykyisin aiempaa voimakkaampia.<\/p>\n<p class=\"aw-1gybjub aw-1p7kakr kEtdKx cEmitX yle__article__paragraph\">L\u00e4hteet: Reuters, AFP<\/p>\n","protected":false},"excerpt":{"rendered":"Supertaifuunnin odotetaan iskev\u00e4n maihin aikaisintaan sunnuntai-iltana. Avaa kuvien katselu L\u00e4hestyv\u00e4 taifuuni on aiheuttanut jo tulvia Mindanaon saarella, miss\u00e4&hellip;\n","protected":false},"author":2,"featured_media":85093,"comment_status":"","ping_status":"","sticky":false,"template":"","format":"standard","meta":{"footnotes":""},"categories":[5],"tags":[22,23,26,27,33,927,31,30,17,24,25,28,29,15,18,21,710,32,19,20,56,16],"class_list":{"0":"post-85092","1":"post","2":"type-post","3":"status-publish","4":"format-standard","5":"has-post-thumbnail","7":"category-otsikot","8":"tag-breaking-news","9":"tag-breakingnews","10":"tag-featured-news","11":"tag-featurednews","12":"tag-fi","13":"tag-filippiinit","14":"tag-finland","15":"tag-finnish","16":"tag-headlines","17":"tag-latest-news","18":"tag-latestnews","19":"tag-main-news","20":"tag-mainnews","21":"tag-news","22":"tag-otsikot","23":"tag-paauutiset","24":"tag-saa","25":"tag-suomi","26":"tag-top-stories","27":"tag-topstories","28":"tag-ulkomaat","29":"tag-uutiset"},"share_on_mastodon":{"url":"https:\/\/pubeurope.com\/@fi\/115517663828051822","error":""},"_links":{"self":[{"href":"https:\/\/www.europesays.com\/fi\/wp-json\/wp\/v2\/posts\/85092","targetHints":{"allow":["GET"]}}],"collection":[{"href":"https:\/\/www.europesays.com\/fi\/wp-json\/wp\/v2\/posts"}],"about":[{"href":"https:\/\/www.europesays.com\/fi\/wp-json\/wp\/v2\/types\/post"}],"author":[{"embeddable":true,"href":"https:\/\/www.europesays.com\/fi\/wp-json\/wp\/v2\/users\/2"}],"replies":[{"embeddable":true,"href":"https:\/\/www.europesays.com\/fi\/wp-json\/wp\/v2\/comments?post=85092"}],"version-history":[{"count":0,"href":"https:\/\/www.europesays.com\/fi\/wp-json\/wp\/v2\/posts\/85092\/revisions"}],"wp:featuredmedia":[{"embeddable":true,"href":"https:\/\/www.europesays.com\/fi\/wp-json\/wp\/v2\/media\/85093"}],"wp:attachment":[{"href":"https:\/\/www.europesays.com\/fi\/wp-json\/wp\/v2\/media?parent=85092"}],"wp:term":[{"taxonomy":"category","embeddable":true,"href":"https:\/\/www.europesays.com\/fi\/wp-json\/wp\/v2\/categories?post=85092"},{"taxonomy":"post_tag","embeddable":true,"href":"https:\/\/www.europesays.com\/fi\/wp-json\/wp\/v2\/tags?post=85092"}],"curies":[{"name":"wp","href":"https:\/\/api.w.org\/{rel}","templated":true}]}}