{"id":85094,"date":"2025-11-09T03:58:13","date_gmt":"2025-11-09T03:58:13","guid":{"rendered":"https:\/\/www.europesays.com\/fi\/85094\/"},"modified":"2025-11-09T03:58:13","modified_gmt":"2025-11-09T03:58:13","slug":"kanadan-uudet-pelipaidat-saavat-murskakritiikkia-torkean-rumia","status":"publish","type":"post","link":"https:\/\/www.europesays.com\/fi\/85094\/","title":{"rendered":"Kanadan uudet pelipaidat saavat murskakritiikki\u00e4: \u201dT\u00f6rke\u00e4n rumia\u201d"},"content":{"rendered":"<p>Kanada julkaisi peliasunsa tulevan talven olympialaisiin.<\/p>\n<p><img decoding=\"async\" class=\"image image-show image-preview\" src=\"https:\/\/www.europesays.com\/fi\/wp-content\/uploads\/2025\/11\/4b5bdd495612005131e68aa44663dce0e9e594b9edced3d88036c066def1f0fe.jpg\" alt=\"\"\/><img decoding=\"async\" class=\"image image-show\" src=\"https:\/\/www.europesays.com\/fi\/wp-content\/uploads\/2025\/11\/1762660691_516_4b5bdd495612005131e68aa44663dce0e9e594b9edced3d88036c066def1f0fe.jpg\" alt=\"\"\/><\/p>\n<p>Kanada julkaisi perjantaina peliasunsa olympialaisiin. Arkistokuva. AOP<\/p>\n<p class=\"paragraph\">Kanadan j\u00e4\u00e4kiekkomaajoukkue paljasti Milano\u2013Cortina 2026 -talviolympialaisten pelipaitansa Suomen aikaa varhain perjantaiaamuna.<\/p>\n<p class=\"paragraph\">Kanadan valkoinen pelipaita on perinteisimm\u00e4n n\u00e4k\u00f6inen. Siin\u00e4 on punainen vaahteranlehti rinnassa, punaiset raidat hihoissa ja helmoissa sek\u00e4 punaiset numerot.<\/p>\n<p class=\"paragraph\">Toinen paita on punamusta: p\u00e4\u00e4v\u00e4rin\u00e4 punainen, musta vaahteranlehti rinnassa, mustat raidat ja valkoiset numerot. Kolmas paita on puolestaan kokonaan musta: rinnassa on musta vaahteranlehti ja yksityiskohdat ovat punaisia.<\/p>\n<p class=\"paragraph\">Hockey Canada kertoi lehdist\u00f6tiedotteessa, ett\u00e4 vaahteranlehti on suunniteltu \u201dluomaan vaikutelma murtumattomasta timantista\u201d symboloiden kanadalaisten j\u00e4\u00e4kiekkolegendojen kyky\u00e4 kest\u00e4\u00e4 valtavaa painetta.<\/p>\n<p class=\"paragraph\">Erityisesti musta vaahteranlehti on saanut somessa runsaasti kritiikki\u00e4. Monet k\u00e4ytt\u00e4j\u00e4t ovat ihmetelleet etenkin vaahteranlehden n\u00e4kyvyytt\u00e4 mustassa pelipaidassa.<\/p>\n<p class=\"paragraph\">\u2013\u2009Valkoinen on hyv\u00e4. Punainen ja musta ovat t\u00f6rke\u00e4n rumia, er\u00e4s kirjoitti.<\/p>\n<p class=\"paragraph\">\u2013\u2009Musta\/punainen ja punainen\/musta ovat surkeita. Niin yksinkertaista se on, toinen kirjoitti.<\/p>\n<p class=\"paragraph\">\u2013\u2009Musta pelipaita on kamala. Ja musta vaahteranlehti mustalla taustalla? Sit\u00e4 ei n\u00e4e koskaan televisiossa. Ovatko numerotkin mustia? Anteeksiantamatonta, jos ovat.<\/p>\n<p class=\"paragraph\">My\u00f6s peliasun takapuoli on yll\u00e4tt\u00e4nyt: etupuolella n\u00e4kyv\u00e4t raidat eiv\u00e4t jatku taakse, mik\u00e4 on monien mielest\u00e4 erikoinen ratkaisu.<\/p>\n<p class=\"paragraph\"><a href=\"https:\/\/www.iltalehti.fi\/jaakiekko\/78a24ba5-fab7-4578-b3ee-6ac938532097\" rel=\"nofollow noopener\" target=\"_blank\">Suomi julkaisi omat olympiapelipaitansa torstaina<\/a>, osana EHT-ottelua Nokia-areenalla.<\/p>\n<p class=\"paragraph\">Milano\u2013Cortinan talvikisat k\u00e4yd\u00e4\u00e4n 6.\u201322. helmikuuta 2026. Miesten j\u00e4\u00e4kiekkoturnaus alkaa 11. helmikuuta, kun Slovakia kohtaa Suomen ja Ruotsi is\u00e4nt\u00e4maa Italian.<\/p>\n<p><a href=\"https:\/\/www.iltalehti.fi\/telkku\/?utm_source=iltalehti.fi&amp;utm_medium=almainternal&amp;utm_campaign=urheilu_artikkelibanneri&amp;utm_content=banner_612_a\" rel=\"nofollow noopener\" target=\"_blank\"><img decoding=\"async\" src=\"https:\/\/www.europesays.com\/fi\/wp-content\/uploads\/2025\/08\/7ef604e47d46ca174b7df4149bd3557dbde56a86d520f8e1b2125548b0a2e03a.png\" alt=\"TV-ohjelmat t\u00e4n\u00e4\u00e4n, TV-opas\"\/><\/a><\/p>\n","protected":false},"excerpt":{"rendered":"Kanada julkaisi peliasunsa tulevan talven olympialaisiin. Kanada julkaisi perjantaina peliasunsa olympialaisiin. Arkistokuva. AOP Kanadan j\u00e4\u00e4kiekkomaajoukkue paljasti Milano\u2013Cortina 2026&hellip;\n","protected":false},"author":2,"featured_media":85095,"comment_status":"","ping_status":"","sticky":false,"template":"","format":"standard","meta":{"footnotes":""},"categories":[158],"tags":[35,1144,33,31,30,1143,41,159,32,1145,160,161],"class_list":{"0":"post-85094","1":"post","2":"type-post","3":"status-publish","4":"format-standard","5":"has-post-thumbnail","7":"category-urheilu","8":"tag-24h","9":"tag-ammattilaisjaakiekko","10":"tag-fi","11":"tag-finland","12":"tag-finnish","13":"tag-jaakiekko","14":"tag-liikunta-ja-urheilu","15":"tag-sports","16":"tag-suomi","17":"tag-talviurheilu","18":"tag-urheilu","19":"tag-urheilutapahtumat"},"share_on_mastodon":{"url":"https:\/\/pubeurope.com\/@fi\/115517738564663769","error":""},"_links":{"self":[{"href":"https:\/\/www.europesays.com\/fi\/wp-json\/wp\/v2\/posts\/85094","targetHints":{"allow":["GET"]}}],"collection":[{"href":"https:\/\/www.europesays.com\/fi\/wp-json\/wp\/v2\/posts"}],"about":[{"href":"https:\/\/www.europesays.com\/fi\/wp-json\/wp\/v2\/types\/post"}],"author":[{"embeddable":true,"href":"https:\/\/www.europesays.com\/fi\/wp-json\/wp\/v2\/users\/2"}],"replies":[{"embeddable":true,"href":"https:\/\/www.europesays.com\/fi\/wp-json\/wp\/v2\/comments?post=85094"}],"version-history":[{"count":0,"href":"https:\/\/www.europesays.com\/fi\/wp-json\/wp\/v2\/posts\/85094\/revisions"}],"wp:featuredmedia":[{"embeddable":true,"href":"https:\/\/www.europesays.com\/fi\/wp-json\/wp\/v2\/media\/85095"}],"wp:attachment":[{"href":"https:\/\/www.europesays.com\/fi\/wp-json\/wp\/v2\/media?parent=85094"}],"wp:term":[{"taxonomy":"category","embeddable":true,"href":"https:\/\/www.europesays.com\/fi\/wp-json\/wp\/v2\/categories?post=85094"},{"taxonomy":"post_tag","embeddable":true,"href":"https:\/\/www.europesays.com\/fi\/wp-json\/wp\/v2\/tags?post=85094"}],"curies":[{"name":"wp","href":"https:\/\/api.w.org\/{rel}","templated":true}]}}