{"id":85211,"date":"2025-11-09T07:27:11","date_gmt":"2025-11-09T07:27:11","guid":{"rendered":"https:\/\/www.europesays.com\/fi\/85211\/"},"modified":"2025-11-09T07:27:11","modified_gmt":"2025-11-09T07:27:11","slug":"esa-pekka-salonen-on-maailman-arvostetuimpia-kapellimestareja-mutta-isana-han-tuntee-syyllisyytta-kulttuuri","status":"publish","type":"post","link":"https:\/\/www.europesays.com\/fi\/85211\/","title":{"rendered":"Esa-Pekka Salonen on maailman arvostetuimpia kapelli\u00admestareja, mutta is\u00e4n\u00e4 h\u00e4n tuntee syyllisyytt\u00e4 | Kulttuuri"},"content":{"rendered":"<p class=\"aw-1gybjub aw-1p7kakr kEtdKx cEmitX yle__article__paragraph\">Kapellimestari <strong class=\"aw-ak79eh KyCXm yle__article__strong\">Esa-Pekka Salonen<\/strong> n\u00e4kee usein unta omista lapsistaan. Unissa lapset ovat viel\u00e4 pieni\u00e4, ja he viett\u00e4v\u00e4t aikaa is\u00e4ns\u00e4 kanssa.<\/p>\n<p class=\"aw-1gybjub aw-1p7kakr kEtdKx cEmitX yle__article__paragraph\">Toisinaan perhe puuhaa yhdess\u00e4 asioita, jotka ovat j\u00e4\u00e4neet oikeassa el\u00e4m\u00e4ss\u00e4 tekem\u00e4tt\u00e4.<\/p>\n<p class=\"aw-1gybjub aw-1p7kakr kEtdKx cEmitX yle__article__paragraph\">Salonen on johtanut 1980-luvulla alkaneen kapellimestarinuransa aikana k\u00e4yt\u00e4nn\u00f6ss\u00e4 kaikkia maailman huippuorkestereita.<\/p>\n<p class=\"aw-1gybjub aw-1p7kakr kEtdKx cEmitX yle__article__paragraph\">Matkap\u00e4ivi\u00e4 Saloselle on kertynyt vuodessa pahimmillaan yli 200, mik\u00e4 on h\u00e4nen mielest\u00e4\u00e4n liikaa.<\/p>\n<p class=\"aw-1gybjub aw-1p7kakr kEtdKx cEmitX yle__article__paragraph\">Aika perheen ja lasten kanssa on j\u00e4\u00e4nyt v\u00e4hiin ty\u00f6kiireiden takia. H\u00e4n tuntee siit\u00e4 syyllisyytt\u00e4.<\/p>\n<p class=\"aw-1gybjub aw-1p7kakr kEtdKx cEmitX yle__article__paragraph\">\u2013 Se on jotakin, mit\u00e4 en voi en\u00e4\u00e4 korjata, h\u00e4n sanoo.<\/p>\n<p class=\"aw-1gybjub aw-1p7kakr kEtdKx cEmitX yle__article__paragraph\">Lapsille j\u00e4i kapellimestarin mukaan hankala suhde musiikkiin.<\/p>\n<p class=\"aw-1gybjub aw-1p7kakr kEtdKx cEmitX yle__article__paragraph\">\u2013 Juuri musiikin takia faija oli milloin miss\u00e4kin. Kotona se oli hautautunut ty\u00f6huoneeseen. Iltap\u00e4ivisin ei saanut h\u00e4irit\u00e4, kun se otti nokoset ennen konserttia.<\/p>\n<p class=\"aw-1gybjub aw-1p7kakr kEtdKx cEmitX yle__article__paragraph\">Alla olevalla videolla Esa-Pekka Salonen kertoo, ett\u00e4 syyllisyyden tunteen jakavat my\u00f6s muut maailmaa kiert\u00e4v\u00e4t kapellimestarit.<\/p>\n<p>Matkustaminen on Saloselle perusarkea<\/p>\n<p class=\"aw-1gybjub aw-1p7kakr kEtdKx cEmitX yle__article__paragraph\">Henkil\u00f6kohtaisessa el\u00e4m\u00e4ss\u00e4 Salonen taistelee aikaa vastaan. S\u00e4velt\u00e4j\u00e4n\u00e4 ja kapellimestarina h\u00e4n hallitsee sit\u00e4.<\/p>\n<p class=\"aw-1gybjub aw-1p7kakr kEtdKx cEmitX yle__article__paragraph\">Kun kapellimestari ly\u00f6 oikean k\u00e4tens\u00e4 alas, orkesteri alkaa soittaa ja musiikki soi vasta pienen hetken kuluttua.<\/p>\n<p class=\"aw-1gybjub aw-1p7kakr kEtdKx cEmitX yle__article__paragraph\">Tuota pient\u00e4 hetke\u00e4 voi kutsua viiveeksi, ja se on jokaisella sinfoniaorkesterilla eri mittainen.<\/p>\n<p class=\"aw-1gybjub aw-1p7kakr kEtdKx cEmitX yle__article__paragraph\">Kymmenen vuotta sitten Salonen j\u00e4tti yhteisty\u00f6n kuuluisan orkesterin kanssa yhden keikan mittaiseksi. Viivett\u00e4 oli liikaa.<\/p>\n<p class=\"aw-1gybjub aw-1p7kakr kEtdKx cEmitX yle__article__paragraph\">Aika on ainoa resurssi, jota Salosella on liian v\u00e4h\u00e4n.<\/p>\n<p class=\"aw-1gybjub aw-1p7kakr kEtdKx cEmitX yle__article__paragraph\">Salonen saapuu t\u00e4h\u00e4n haastatteluun vartin my\u00f6h\u00e4ss\u00e4. H\u00e4n on lent\u00e4nyt New Yorkista Suomeen h\u00e4nest\u00e4 kertovan uuden kirjan julkistamistilaisuuteen.<\/p>\n<p class=\"aw-1gybjub aw-1p7kakr kEtdKx cEmitX yle__article__paragraph\">Toimittaja <strong class=\"aw-ak79eh KyCXm yle__article__strong\">Suna Vuoren<\/strong> kirjoittama Esa-Pekka Salonen. Teemat -teos on yli 600-sivuinen taiteilijamuotokuva.<\/p>\n<p><img decoding=\"async\" alt=\"Mies istuu kahden naisen v\u00e4liss\u00e4 p\u00f6yd\u00e4n \u00e4\u00e4ress\u00e4. P\u00f6yd\u00e4ll\u00e4 laseja.\" src=\"https:\/\/www.europesays.com\/fi\/wp-content\/uploads\/2025\/11\/39-1549790690c8e10308e4.jpeg\" loading=\"lazy\" class=\"aw-1l9m598 hKVVvP\"\/><\/p>\n<p>Avaa kuvien katselu<\/p>\n<p>Salonen osallistui h\u00e4nest\u00e4 kertovan kirjan julkistamistilaisuuteen Helsingiss\u00e4 22. lokakuuta. Vieress\u00e4 oikealla kirjan kirjoittaja, toimittaja Suna Vuori. Kuva: Sasha Silvala \/ Yle<\/p>\n<p class=\"aw-1gybjub aw-1p7kakr kEtdKx cEmitX yle__article__paragraph\">Kun kyse on maailmankuulusta kapellimestarista, perusarkea on matkustaminen.<\/p>\n<p class=\"aw-1gybjub aw-1p7kakr kEtdKx cEmitX yle__article__paragraph\">\u2013 Lasken matkap\u00e4iviksi sellaiset, jolloin en ole miss\u00e4\u00e4n, mit\u00e4 voisin edes hyv\u00e4ll\u00e4 tahdolla kutsua kodiksi.<\/p>\n<p class=\"aw-1gybjub aw-1p7kakr kEtdKx cEmitX yle__article__paragraph\">Miten Salonen sitten k\u00e4ytt\u00e4\u00e4 aikaansa esimerkiksi lentokentill\u00e4?<\/p>\n<p class=\"aw-1gybjub aw-1p7kakr kEtdKx cEmitX yle__article__paragraph\">\u2013 Usein minun t\u00e4ytyy tehd\u00e4 duunia. Luen partituuria tai kuten viime kev\u00e4\u00e4n\u00e4, heti kun minulla oli kymmenen minuuttia aikaa, s\u00e4velsin k\u00e4yr\u00e4torvikonserttoa l\u00e4pp\u00e4rill\u00e4.<\/p>\n<p class=\"aw-1gybjub aw-1p7kakr kEtdKx cEmitX yle__article__paragraph\">Joskus on aikaa juoda olutta, mutta alkoholia ja ty\u00f6ntekoa Salonen ei sotke kesken\u00e4\u00e4n.<\/p>\n<p class=\"aw-1gybjub aw-1p7kakr kEtdKx cEmitX yle__article__paragraph\">\u2013 Koskelako sen sanoi, ett\u00e4 asialliset hommat hoidetaan, mutta muuten ollaan kuin Ellun kanat, Salonen lainaa Tuntematonta sotilasta.<\/p>\n<p>San Francisco \u2013 suuri pettymys ja istutettuja taimia<\/p>\n<p class=\"aw-1gybjub aw-1p7kakr kEtdKx cEmitX yle__article__paragraph\">Salonen tiedostaa, ett\u00e4 67-vuotiaana h\u00e4nell\u00e4 on aikaa enemm\u00e4n takana kuin edess\u00e4. Se on tuonut perspektiivi\u00e4.<\/p>\n<p class=\"aw-1gybjub aw-1p7kakr kEtdKx cEmitX yle__article__paragraph\">\u2013 Arvostan aikaa ja pyrin k\u00e4ytt\u00e4m\u00e4\u00e4n sit\u00e4 paremmin kuin ennen. En tarkoita, ett\u00e4 tekisin enemm\u00e4n duunia ja yritt\u00e4isin saada kauheasti aikaan, mutta yrit\u00e4n olla hetkess\u00e4 kiinni.<\/p>\n<p class=\"aw-1gybjub aw-1p7kakr kEtdKx cEmitX yle__article__paragraph\">Viimeiset viisi vuotta Salonen k\u00e4ytti merkitt\u00e4v\u00e4n osan ajastaan San Franciscon sinfoniaorkesterin kehitt\u00e4miseen. Musiikillisena johtajana h\u00e4n kiinnitti sinne kaksikymment\u00e4viisi nuorta ja lahjakasta soittajaa. Se kehitti sointia niin, ett\u00e4 eron entiseen huomaa Salosen mukaan kuka tahansa, joka on k\u00e4ynyt orkesterin konserteissa ennen ja j\u00e4lkeen.<\/p>\n<p class=\"aw-1gybjub aw-1p7kakr kEtdKx cEmitX yle__article__paragraph\">Silti nuo viisi vuotta valuivat Saloselta tavallaan hukkaan. H\u00e4nell\u00e4 oli suuria visioita, joilla kaupungin musiikkiel\u00e4m\u00e4 saisi s\u00e4hk\u00f6\u00e4. Kapellimestari kuitenkin j\u00e4tti teht\u00e4v\u00e4ns\u00e4 ensimm\u00e4isen kautensa p\u00e4\u00e4tteeksi, koska h\u00e4n ei voinut hyv\u00e4ksy\u00e4 orkesterin johtokunnan tekemi\u00e4 leikkausp\u00e4\u00e4t\u00f6ksi\u00e4.<\/p>\n<p class=\"aw-1gybjub aw-1p7kakr kEtdKx cEmitX yle__article__paragraph\">\u2013 San Francisco oli suuri pettymys silt\u00e4 osin, ett\u00e4 hyvin harvat alkuper\u00e4isist\u00e4 ideoistani ja projekteistani toteutuivat.<\/p>\n<p class=\"aw-1gybjub aw-1p7kakr kEtdKx cEmitX yle__article__paragraph\">Sent\u00e4\u00e4n tuli istutettua taimia. Sill\u00e4 tavoin Salonen kuvailee nuorten soittajien palkkaamista.<\/p>\n<p class=\"aw-1gybjub aw-1p7kakr kEtdKx cEmitX yle__article__paragraph\">\u2013 He ovat siell\u00e4 hyv\u00e4ss\u00e4 lykyss\u00e4 vuosikymmeni\u00e4, ja heist\u00e4 kasvaa isoja puita. Se ajatus antaa minulle iloa ja lohtua.<\/p>\n<p><img decoding=\"async\" alt=\"Kuvassa kaksi aikuista keskustelevat kesken\u00e4\u00e4n. Toinen aikuisista pitelee olkap\u00e4\u00e4ll\u00e4\u00e4n pient\u00e4 vauvaa, joka vaikuttaa uteliaalta ymp\u00e4rist\u00f6st\u00e4.\" src=\"https:\/\/www.europesays.com\/fi\/wp-content\/uploads\/2025\/11\/39-1550242690db04eb09ef.jpeg\" class=\"aw-1l9m598 hKVVvP\"\/><\/p>\n<p>Avaa kuvien katselu<\/p>\n<p><img decoding=\"async\" alt=\"Nuori mies ja nainen katselevat hymyillen nuottipaperia pianon ja nuottitelineen edess\u00e4.\" src=\"https:\/\/www.europesays.com\/fi\/wp-content\/uploads\/2025\/11\/39-1550240690dafbbef39c.jpeg\" class=\"aw-1l9m598 hKVVvP\"\/><\/p>\n<p>Avaa kuvien katselu<\/p>\n<p><img decoding=\"async\" alt=\"Kapellimestari kiitt\u00e4\u00e4 yleis\u00f6\u00e4 konsertin j\u00e4lkeen. Yleis\u00f6 seisoo taustalla, orkesteri seisoo.\" src=\"https:\/\/www.europesays.com\/fi\/wp-content\/uploads\/2025\/11\/39-1550238690dafbb4978e.jpeg\" class=\"aw-1l9m598 hKVVvP\"\/><\/p>\n<p>Avaa kuvien katselu<\/p>\n<p><img decoding=\"async\" alt=\"Nuori kapellimestari johtaa orkesteria korokkeella. Yleis\u00f6 seuraa esityst\u00e4 taustalla.\" src=\"https:\/\/www.europesays.com\/fi\/wp-content\/uploads\/2025\/11\/39-1550239690dafbb4b88c.jpeg\" class=\"aw-1l9m598 hKVVvP\"\/><\/p>\n<p>Avaa kuvien katselu<\/p>\n<p><img decoding=\"async\" alt=\"Nuori mies istuu japanilaistyylisess\u00e4 huoneessa tatamilla.\" src=\"https:\/\/www.europesays.com\/fi\/wp-content\/uploads\/2025\/11\/39-1550236690dafba54412.jpeg\" class=\"aw-1l9m598 hKVVvP\"\/><\/p>\n<p>Avaa kuvien katselu<\/p>\n<p>Orkesterit eiv\u00e4t tule Sipoon korpeen<\/p>\n<p class=\"aw-1gybjub aw-1p7kakr kEtdKx cEmitX yle__article__paragraph\">Puolitoista vuotta sitten Salonen vihjasi, ettei h\u00e4n en\u00e4\u00e4 San Franciscon j\u00e4lkeen v\u00e4ltt\u00e4m\u00e4tt\u00e4 ryhtyisi uuden orkesterin ylikapellimestariksi.<\/p>\n<p class=\"aw-1gybjub aw-1p7kakr kEtdKx cEmitX yle__article__paragraph\">Mit\u00e4 viel\u00e4. T\u00e4n\u00e4 syksyn\u00e4 k\u00e4vi ilmi, ett\u00e4 Salonen on ottanut vastaan kolme huippupesti\u00e4.<\/p>\n<p class=\"aw-1gybjub aw-1p7kakr kEtdKx cEmitX yle__article__paragraph\">H\u00e4n aloittaa Pariisin sinfoniaorkesterin ylikapellimestarina vuodesta 2027. Samalla alkaa ty\u00f6 orkesterin kotisalin Philharmonie de Paris\u2019n luovana neuvonantajana. Lis\u00e4ksi Salonen palaa Los Angelesin filharmonikkojen luo, nyt luovaksi johtajaksi, jonka teht\u00e4viin kuuluu orkesterin johtaminen v\u00e4hint\u00e4\u00e4n kuutena viikkona kaudessa.<\/p>\n<p><img decoding=\"async\" alt=\"Mies seisoo p\u00f6yd\u00e4n vieress\u00e4 pit\u00e4en k\u00e4tt\u00e4 p\u00f6yd\u00e4n p\u00e4\u00e4ll\u00e4.\" src=\"https:\/\/www.europesays.com\/fi\/wp-content\/uploads\/2025\/11\/39-1549781690c8df951b73.jpeg\" loading=\"lazy\" class=\"aw-1l9m598 hKVVvP\"\/><\/p>\n<p>Avaa kuvien katselu<\/p>\n<p>Salonen kertoo olevansa nopea k\u00e4velij\u00e4, joka suorittaa arkiset askareet mieluummin heti kuin my\u00f6hemmin. H\u00e4nen puolisonsa Kaarina Gould saattaa olla toista mielt\u00e4. \u2013 Jos h\u00e4nelt\u00e4 kysyy, en ikin\u00e4 tee mit\u00e4\u00e4n heti.  Kuva: Sasha Silvala \/ Yle<\/p>\n<p class=\"aw-1gybjub aw-1p7kakr kEtdKx cEmitX yle__article__paragraph\">Salosen k\u00e4sitys kodista muuttuu j\u00e4lleen. Kapellimestari on jo luopunut asunnoistaan San Franciscossa ja Lontoossa. Los Angelesissa h\u00e4nell\u00e4 on k\u00e4yt\u00f6ss\u00e4\u00e4n \u201dv\u00e4liaikainen k\u00e4mpp\u00e4\u201d eli h\u00e4nen arkkitehtiyst\u00e4v\u00e4ns\u00e4 <strong class=\"aw-ak79eh KyCXm yle__article__strong\">Frank Gehryn<\/strong> vierastalo.<\/p>\n<p class=\"aw-1gybjub aw-1p7kakr kEtdKx cEmitX yle__article__paragraph\">\u2013 Aion hankkia Los Angelesista pysyv\u00e4n asunnon. Siit\u00e4 tulee p\u00e4\u00e4asiallinen kotini. Haaveissa on l\u00f6yt\u00e4\u00e4 my\u00f6s Pariisista koti.<\/p>\n<p class=\"aw-1gybjub aw-1p7kakr kEtdKx cEmitX yle__article__paragraph\">Pysyv\u00e4 tukikohta on my\u00f6s Suomessa. Kosmopoliitilla on vain Suomen kansalaisuus, Yhdysvalloissa h\u00e4nell\u00e4 on green card, pysyv\u00e4 oleskelulupa.<\/p>\n<p class=\"aw-1gybjub aw-1p7kakr kEtdKx cEmitX yle__article__paragraph\">\u2013 Kaikkein mieluiten tekisin ty\u00f6ni Sipoon korvessa, mutta kun n\u00e4m\u00e4 orkesterit eiv\u00e4t tule sinne, niin minun t\u00e4ytyy menn\u00e4 niiden luo.<\/p>\n<p>Nelj\u00e4 tikitt\u00e4v\u00e4\u00e4 kelloa<\/p>\n<p class=\"aw-1gybjub aw-1p7kakr kEtdKx cEmitX yle__article__paragraph\">Salosen kolme lasta ovat nyt aikuisia. Avioero lasten \u00e4idist\u00e4, viulisti <strong class=\"aw-ak79eh KyCXm yle__article__strong\">Jane Pricesta<\/strong> vuonna 2019, oli kolaus is\u00e4n ja lasten suhteelle, mutta nyt v\u00e4lit ovat Salosen mukaan kunnossa.<\/p>\n<p class=\"aw-1gybjub aw-1p7kakr kEtdKx cEmitX yle__article__paragraph\">Yleens\u00e4 hillitysti esiintyv\u00e4 kapellimestari herkistyy.<\/p>\n<p class=\"aw-1gybjub aw-1p7kakr kEtdKx cEmitX yle__article__paragraph\">\u2013 Ainoa, mit\u00e4 voin tehd\u00e4, on yritt\u00e4\u00e4 olla lasteni tukena ja yst\u00e4v\u00e4n\u00e4 t\u00e4st\u00e4 eteenp\u00e4in.<\/p>\n<p><img decoding=\"async\" alt=\"L\u00e4hikuva miehest\u00e4, joka kuuntelee pohdiskellen pit\u00e4en k\u00e4tt\u00e4 leuassaan.\" src=\"https:\/\/www.europesays.com\/fi\/wp-content\/uploads\/2025\/11\/39-1549789690c8e0acf732.jpeg\" loading=\"lazy\" class=\"aw-1l9m598 hKVVvP\"\/><\/p>\n<p>Avaa kuvien katselu<\/p>\n<p>Lapset syyllistiv\u00e4t is\u00e4\u00e4ns\u00e4 avioerosta vuonna 2019, mutta v\u00e4lit saatiin kuntoon puhumalla asiat l\u00e4pi, Salonen kertoo. Kuva: Sasha Silvala \/ Yle<\/p>\n<p class=\"aw-1gybjub aw-1p7kakr kEtdKx cEmitX yle__article__paragraph\">Teemat-kirjassa on mukana teksti, jossa Salonen kertoo suhteestaan <strong class=\"aw-ak79eh KyCXm yle__article__strong\">Wagnerin<\/strong> Tristan ja Isolde -oopperaan. Wagner oli Salosen mielest\u00e4 mestari manipuloimaan aikaa oopperoissaan.<\/p>\n<p class=\"aw-1gybjub aw-1p7kakr kEtdKx cEmitX yle__article__paragraph\">Salonen on itse huomannut s\u00e4velt\u00e4j\u00e4n\u00e4, kuinka moniulotteista aika on. Saattaa menn\u00e4 pari viikkoa reaalimaailman aikaa, ett\u00e4 sinfoniaorkesterille syntyy seitsem\u00e4ntoista sekuntia soivaa musiikkia.<\/p>\n<p class=\"aw-1gybjub aw-1p7kakr kEtdKx cEmitX yle__article__paragraph\">Kovin osuvasti jopa <a class=\"aw-iao6s4 iHOxEa yle__article__link\" href=\"https:\/\/esapekkasalonen.com\/\" role=\"link\" rel=\"nofollow noopener\" target=\"_blank\">Salosen kotisivuilla<\/a> on esill\u00e4 nelj\u00e4 viisarikelloa. Ne tikitt\u00e4v\u00e4t Los Angelesin, New Yorkin, Pariisin ja Helsingin ajassa.<\/p>\n","protected":false},"excerpt":{"rendered":"Kapellimestari Esa-Pekka Salonen n\u00e4kee usein unta omista lapsistaan. Unissa lapset ovat viel\u00e4 pieni\u00e4, ja he viett\u00e4v\u00e4t aikaa is\u00e4ns\u00e4&hellip;\n","protected":false},"author":2,"featured_media":85212,"comment_status":"","ping_status":"","sticky":false,"template":"","format":"standard","meta":{"footnotes":""},"categories":[130],"tags":[137,7736,33,31,30,3147,108,1113,47,32,109],"class_list":{"0":"post-85211","1":"post","2":"type-post","3":"status-publish","4":"format-standard","5":"has-post-thumbnail","7":"category-viihde","8":"tag-entertainment","9":"tag-esa-pekka-salonen","10":"tag-fi","11":"tag-finland","12":"tag-finnish","13":"tag-klassinen-musiikki","14":"tag-kulttuuri","15":"tag-kulttuurivieras","16":"tag-musiikki","17":"tag-suomi","18":"tag-viihde"},"share_on_mastodon":{"url":"https:\/\/pubeurope.com\/@fi\/115518560421121336","error":""},"_links":{"self":[{"href":"https:\/\/www.europesays.com\/fi\/wp-json\/wp\/v2\/posts\/85211","targetHints":{"allow":["GET"]}}],"collection":[{"href":"https:\/\/www.europesays.com\/fi\/wp-json\/wp\/v2\/posts"}],"about":[{"href":"https:\/\/www.europesays.com\/fi\/wp-json\/wp\/v2\/types\/post"}],"author":[{"embeddable":true,"href":"https:\/\/www.europesays.com\/fi\/wp-json\/wp\/v2\/users\/2"}],"replies":[{"embeddable":true,"href":"https:\/\/www.europesays.com\/fi\/wp-json\/wp\/v2\/comments?post=85211"}],"version-history":[{"count":0,"href":"https:\/\/www.europesays.com\/fi\/wp-json\/wp\/v2\/posts\/85211\/revisions"}],"wp:featuredmedia":[{"embeddable":true,"href":"https:\/\/www.europesays.com\/fi\/wp-json\/wp\/v2\/media\/85212"}],"wp:attachment":[{"href":"https:\/\/www.europesays.com\/fi\/wp-json\/wp\/v2\/media?parent=85211"}],"wp:term":[{"taxonomy":"category","embeddable":true,"href":"https:\/\/www.europesays.com\/fi\/wp-json\/wp\/v2\/categories?post=85211"},{"taxonomy":"post_tag","embeddable":true,"href":"https:\/\/www.europesays.com\/fi\/wp-json\/wp\/v2\/tags?post=85211"}],"curies":[{"name":"wp","href":"https:\/\/api.w.org\/{rel}","templated":true}]}}