{"id":85314,"date":"2025-11-09T10:06:19","date_gmt":"2025-11-09T10:06:19","guid":{"rendered":"https:\/\/www.europesays.com\/fi\/85314\/"},"modified":"2025-11-09T10:06:19","modified_gmt":"2025-11-09T10:06:19","slug":"elakkeista-tuli-tieto-160-euroa-kuussa-enemman","status":"publish","type":"post","link":"https:\/\/www.europesays.com\/fi\/85314\/","title":{"rendered":"El\u00e4kkeist\u00e4 tuli tieto: 160 euroa kuussa enemm\u00e4n"},"content":{"rendered":"<p>Keskim\u00e4\u00e4r\u00e4iset kuukausittaiset kokonaisel\u00e4kkeet ovat kasvaneet 160 eurolla vuosina 2014\u20132024. <\/p>\n<p><img decoding=\"async\" class=\"image image-show image-preview\" src=\"https:\/\/www.europesays.com\/fi\/wp-content\/uploads\/2025\/11\/961bab544de8c65a4c1f6b559872f0bda467ecf66a3b9cf46e0e5985b34b5e0f.jpg\" alt=\"\"\/><img decoding=\"async\" class=\"image image-show\" src=\"https:\/\/www.europesays.com\/fi\/wp-content\/uploads\/2025\/11\/1762682779_873_961bab544de8c65a4c1f6b559872f0bda467ecf66a3b9cf46e0e5985b34b5e0f.jpg\" alt=\"\"\/><\/p>\n<p>Vanhuusel\u00e4kkeensaajien keskim\u00e4\u00e4r\u00e4inen kokonaisel\u00e4ke oli 2 194 euroa kuukaudessa vuonna 2024. Kuvituskuva. TIINA SOMERPURO\n<\/p>\n<p class=\"paragraph\">El\u00e4keturvakeskuksen julkaisema indikaattoriraportti osoittaa, ett\u00e4 omael\u00e4kkeensaajien keskim\u00e4\u00e4r\u00e4inen kokonaisel\u00e4ke oli 2\u202f100 euroa kuukaudessa vuonna 2024, kun se oli 1\u202f940 euroa kuussa vuonna 2014. Kuukausiel\u00e4ke on siis kasvanut 160 eurolla.<\/p>\n<p class=\"paragraph\">Omael\u00e4kkeensaajien el\u00e4kkeell\u00e4 tarkoitetaan ty\u00f6- ja kansanel\u00e4kej\u00e4rjestelm\u00e4st\u00e4 vanhuus- tai ty\u00f6kyvytt\u00f6myysel\u00e4kett\u00e4 saavien keskim\u00e4\u00e4r\u00e4ist\u00e4 kokonaisel\u00e4kett\u00e4.<\/p>\n<p class=\"paragraph\">Vanhuusel\u00e4kkeensaajien keskim\u00e4\u00e4r\u00e4inen kokonaisel\u00e4ke oli 2\u202f194 euroa kuukaudessa vuonna 2024. Tarkastelujakson aikana vuodesta 2014 vanhuusel\u00e4kkeiden taso on noussut seitsem\u00e4n prosenttia.<\/p>\n<p class=\"paragraph\"><strong>Lue my\u00f6s Talousel\u00e4m\u00e4st\u00e4:<\/strong><\/p>\n<p class=\"paragraph\">Omael\u00e4kkeensaajien ja ty\u00f6ss\u00e4k\u00e4yvien tulosuhde on pysynyt melko tasaisena viimeiset kymmenen vuotta, ja se on ollut noin 50 prosenttia.<\/p>\n<p class=\"paragraph\">Keskiel\u00e4ke oli runsaat 52 prosenttia keskiansiosta vuonna 2021. Vuoden 2023 poikkeuksellisen suuret indeksikorotukset kohottivat suhteen l\u00e4hes 55 prosenttiin.<\/p>\n<p class=\"paragraph\">Indikaattoriraportin mukaan el\u00e4kkeet kasvavat t\u00e4m\u00e4n j\u00e4lkeen keskipalkkaa hitaammin.<\/p>\n<p class=\"paragraph\">\u2013 Vuoteen 2090 menness\u00e4 keskiel\u00e4kkeen ja keskiansion suhde laskee 46 prosenttiin. Suurin vaikutus tulee elinaikakertoimesta, kerrotaan raportissa.<\/p>\n<p class=\"paragraph\">Elinaikakertoimella el\u00e4kkeen alkum\u00e4\u00e4r\u00e4 sopeutetaan vanhuusel\u00e4keik\u00e4isten elinajanodotteen muutokseen. Elinaikakertoimen tarkoituksena on rajoittaa elinajan pitenemisest\u00e4 johtuvaa el\u00e4kekustannusten kasvua ja lyk\u00e4t\u00e4 el\u00e4kkeelle siirtymist\u00e4.<\/p>\n<p class=\"paragraph\">Raportti osoittaa my\u00f6s, ett\u00e4 suomalaiset jatkavat ty\u00f6el\u00e4m\u00e4ss\u00e4 entist\u00e4 pidemp\u00e4\u00e4n.<\/p>\n<p class=\"paragraph\">\u2013 El\u00e4kei\u00e4n nousu on parantanut ty\u00f6llisyytt\u00e4 ja vaikuttanut my\u00f6nteisesti k\u00e4sityksiin sopivasta el\u00e4kei\u00e4st\u00e4 sek\u00e4 palkansaajien ett\u00e4 ty\u00f6nantajien n\u00e4k\u00f6kulmasta. Lis\u00e4ksi el\u00e4keik\u00e4\u00e4 l\u00e4hestyvien koulutustason nousu ja ty\u00f6kyvyn paraneminen ovat tukeneet ty\u00f6urien pitenemist\u00e4.\u202fPidemm\u00e4t ty\u00f6urat n\u00e4kyv\u00e4t my\u00f6s el\u00e4kkeell\u00e4 ty\u00f6skentelyn yleistymisen\u00e4, tutkimusosaston p\u00e4\u00e4llikk\u00f6 <strong>Susan Kuivalainen<\/strong> kertoo El\u00e4keturvakeskuksen sivustolla.<\/p>\n<p class=\"paragraph\">Kehitys on erityisen merkitt\u00e4v\u00e4\u00e4 60\u201364-vuotiaiden ik\u00e4ryhm\u00e4ss\u00e4, jossa ty\u00f6llisyysaste on noussut vuosituhannen alun 26 prosentista l\u00e4hes 65 prosenttiin.<\/p>\n<p class=\"paragraph\"><a href=\"https:\/\/talouselama.fi\/\" rel=\"noopener nofollow\" target=\"_blank\"><strong>Juttu on julkaistu alun perin Talousel\u00e4m\u00e4ss\u00e4.<\/strong><\/a><\/p>\n","protected":false},"excerpt":{"rendered":"Keskim\u00e4\u00e4r\u00e4iset kuukausittaiset kokonaisel\u00e4kkeet ovat kasvaneet 160 eurolla vuosina 2014\u20132024. Vanhuusel\u00e4kkeensaajien keskim\u00e4\u00e4r\u00e4inen kokonaisel\u00e4ke oli 2 194 euroa kuukaudessa vuonna&hellip;\n","protected":false},"author":2,"featured_media":85315,"comment_status":"","ping_status":"","sticky":false,"template":"","format":"standard","meta":{"footnotes":""},"categories":[76],"tags":[79,77,14315,33,31,30,587,32,78,860,862,861],"class_list":{"0":"post-85314","1":"post","2":"type-post","3":"status-publish","4":"format-standard","5":"has-post-thumbnail","7":"category-talous","8":"tag-business","9":"tag-economy","10":"tag-elakkeet-ja-tyottomyysturva","11":"tag-fi","12":"tag-finland","13":"tag-finnish","14":"tag-koyhyys-ja-sosiaaliturva","15":"tag-suomi","16":"tag-talous","17":"tag-tyoelama","18":"tag-tyollisyys","19":"tag-tyollisyys-ja-tyottomyys"},"share_on_mastodon":{"url":"https:\/\/pubeurope.com\/@fi\/115519185659744904","error":""},"_links":{"self":[{"href":"https:\/\/www.europesays.com\/fi\/wp-json\/wp\/v2\/posts\/85314","targetHints":{"allow":["GET"]}}],"collection":[{"href":"https:\/\/www.europesays.com\/fi\/wp-json\/wp\/v2\/posts"}],"about":[{"href":"https:\/\/www.europesays.com\/fi\/wp-json\/wp\/v2\/types\/post"}],"author":[{"embeddable":true,"href":"https:\/\/www.europesays.com\/fi\/wp-json\/wp\/v2\/users\/2"}],"replies":[{"embeddable":true,"href":"https:\/\/www.europesays.com\/fi\/wp-json\/wp\/v2\/comments?post=85314"}],"version-history":[{"count":0,"href":"https:\/\/www.europesays.com\/fi\/wp-json\/wp\/v2\/posts\/85314\/revisions"}],"wp:featuredmedia":[{"embeddable":true,"href":"https:\/\/www.europesays.com\/fi\/wp-json\/wp\/v2\/media\/85315"}],"wp:attachment":[{"href":"https:\/\/www.europesays.com\/fi\/wp-json\/wp\/v2\/media?parent=85314"}],"wp:term":[{"taxonomy":"category","embeddable":true,"href":"https:\/\/www.europesays.com\/fi\/wp-json\/wp\/v2\/categories?post=85314"},{"taxonomy":"post_tag","embeddable":true,"href":"https:\/\/www.europesays.com\/fi\/wp-json\/wp\/v2\/tags?post=85314"}],"curies":[{"name":"wp","href":"https:\/\/api.w.org\/{rel}","templated":true}]}}