{"id":85323,"date":"2025-11-09T10:21:07","date_gmt":"2025-11-09T10:21:07","guid":{"rendered":"https:\/\/www.europesays.com\/fi\/85323\/"},"modified":"2025-11-09T10:21:07","modified_gmt":"2025-11-09T10:21:07","slug":"sami-kuronen-julkaisi-isastaan-kuvan-like-father-like-son","status":"publish","type":"post","link":"https:\/\/www.europesays.com\/fi\/85323\/","title":{"rendered":"Sami Kuronen julkaisi is\u00e4st\u00e4\u00e4n kuvan \u2013 \u201dLike father, like son!\u201d"},"content":{"rendered":"<p>T\u00e4n\u00e4\u00e4n sunnuntaina vietet\u00e4\u00e4n is\u00e4np\u00e4iv\u00e4\u00e4. Juontaja <strong>Sami Kuronen<\/strong> on julkaissut p\u00e4iv\u00e4n kunniaksi kuvan omasta is\u00e4st\u00e4\u00e4n. H\u00e4n on my\u00f6s itse kuvassa, joka on otettu kauan sitten.<\/p>\n<p>\u2013 Like father, like son! Hyv\u00e4\u00e4 is\u00e4np\u00e4iv\u00e4\u00e4 kaikille virkaa tekeville ja ennen kaikkea omalleni. Kiitos kun olet mahdollistanut, tukenut, ymm\u00e4rt\u00e4nyt, neuvonut ja rakastanut. Antanut olla oma ep\u00e4t\u00e4ydellinen itseni. Olet t\u00e4ytt\u00e4 kultaa, kirjoittaa Kuronen is\u00e4st\u00e4\u00e4n.<\/p>\n<p>Kuronen paljastaa, miss\u00e4 ja milloin kuva on otettu.<\/p>\n<p>\u2013 Kuva otettu Kanarian saarilla joskus 80-luvulla.<\/p>\n<p>Kuronen ja h\u00e4nen is\u00e4ns\u00e4 istuvat kuvassa penkill\u00e4. Is\u00e4ll\u00e4 on k\u00e4dess\u00e4\u00e4n oluttuoppi. Kuvaushetkell\u00e4 vaikuttaa olleen l\u00e4mmin ja tunnelma hyv\u00e4.<\/p>\n<p>Lue my\u00f6s: <a href=\"https:\/\/www.como.fi\/uutiset\/sami-kuronen-sai-ikavan-kirjeen-jo-toisen-kerran\/\" title=\"Sami Kuronen sai ik\u00e4v\u00e4n kirjeen \u2013 jo toisen kerran\" class=\"underline-custom !font-montserrat !font-bold !underline-offset-4 !decoration-4 !decoration-red-600 !text-md\" rel=\"nofollow noopener\" target=\"_blank\">Sami Kuronen sai ik\u00e4v\u00e4n kirjeen \u2013 jo toisen kerran<\/a><\/p>\n<p>Lue my\u00f6s: <a href=\"https:\/\/www.como.fi\/uutiset\/sami-kurosen-raha-asioissa-hurja-nuokahdus-totuus-on-kuitenkin-toinen\/\" title=\"Sami Kurosen raha-asioissa hurja nuokahdus \u2013 totuus on kuitenkin toinen\" class=\"underline-custom !font-montserrat !font-bold !underline-offset-4 !decoration-4 !decoration-red-600 !text-md\" rel=\"nofollow noopener\" target=\"_blank\">Sami Kurosen raha-asioissa hurja nuokahdus \u2013 totuus on kuitenkin toinen<\/a><\/p>\n<p>Lue my\u00f6s: <a href=\"https:\/\/www.como.fi\/uutiset\/tassa-on-sami-kurosen-liki-100-vuotias-mummo\/\" title=\"T\u00e4ss\u00e4 on Sami Kurosen liki 100-vuotias mummo!\" class=\"underline-custom !font-montserrat !font-bold !underline-offset-4 !decoration-4 !decoration-red-600 !text-md\" rel=\"nofollow noopener\" target=\"_blank\">T\u00e4ss\u00e4 on Sami Kurosen liki 100-vuotias mummo!<\/a><\/p>\n<p>Kurosella itsell\u00e4\u00e4n on tyt\u00e4r. <strong>Oona<\/strong>-tyt\u00e4r on syntynyt vuonna 2009. Oonan \u00e4iti on toimittaja <strong>Anu Valli<\/strong>. Vanhemmat eiv\u00e4t ole en\u00e4\u00e4 yhdess\u00e4.<\/p>\n<p>Jos upotus ei n\u00e4y, avaa se auki <a href=\"https:\/\/www.instagram.com\/p\/DQ1EGb3DP4t\/?utm_source=ig_web_copy_link&amp;igsh=MzRlODBiNWFlZA==\" target=\"_blank\" rel=\"noreferrer noopener nofollow\">t\u00e4st\u00e4<\/a>.<\/p>\n<p>Lue my\u00f6s: <a href=\"https:\/\/www.como.fi\/tilaa-comon-uutiskirje\/\" title=\"Tilaa Comon uutiskirje ja tied\u00e4t mist\u00e4 kahvitauolla puhutaan! Nappaa kotimaan tv-vinkit ja puheenaiheet suoraan s\u00e4hk\u00f6postiin t\u00e4st\u00e4.\" class=\"underline-custom !font-montserrat !font-bold !underline-offset-4 !decoration-4 !decoration-red-600 !text-md\" rel=\"nofollow noopener\" target=\"_blank\">Tilaa Comon uutiskirje ja tied\u00e4t mist\u00e4 kahvitauolla puhutaan! Nappaa kotimaan tv-vinkit ja puheenaiheet suoraan s\u00e4hk\u00f6postiin t\u00e4st\u00e4.<\/a><\/p>\n<p>\t\t\t<script async src=\"\/\/www.instagram.com\/embed.js\"><\/script><\/p>\n","protected":false},"excerpt":{"rendered":"T\u00e4n\u00e4\u00e4n sunnuntaina vietet\u00e4\u00e4n is\u00e4np\u00e4iv\u00e4\u00e4. Juontaja Sami Kuronen on julkaissut p\u00e4iv\u00e4n kunniaksi kuvan omasta is\u00e4st\u00e4\u00e4n. H\u00e4n on my\u00f6s itse&hellip;\n","protected":false},"author":2,"featured_media":85324,"comment_status":"","ping_status":"","sticky":false,"template":"","format":"standard","meta":{"footnotes":""},"categories":[136],"tags":[407,137,33,31,30,408,2546,32,109],"class_list":{"0":"post-85323","1":"post","2":"type-post","3":"status-publish","4":"format-standard","5":"has-post-thumbnail","7":"category-julkkikset","8":"tag-celebrities","9":"tag-entertainment","10":"tag-fi","11":"tag-finland","12":"tag-finnish","13":"tag-julkkikset","14":"tag-sami-kuronen","15":"tag-suomi","16":"tag-viihde"},"share_on_mastodon":{"url":"https:\/\/pubeurope.com\/@fi\/115519244404221549","error":""},"_links":{"self":[{"href":"https:\/\/www.europesays.com\/fi\/wp-json\/wp\/v2\/posts\/85323","targetHints":{"allow":["GET"]}}],"collection":[{"href":"https:\/\/www.europesays.com\/fi\/wp-json\/wp\/v2\/posts"}],"about":[{"href":"https:\/\/www.europesays.com\/fi\/wp-json\/wp\/v2\/types\/post"}],"author":[{"embeddable":true,"href":"https:\/\/www.europesays.com\/fi\/wp-json\/wp\/v2\/users\/2"}],"replies":[{"embeddable":true,"href":"https:\/\/www.europesays.com\/fi\/wp-json\/wp\/v2\/comments?post=85323"}],"version-history":[{"count":0,"href":"https:\/\/www.europesays.com\/fi\/wp-json\/wp\/v2\/posts\/85323\/revisions"}],"wp:featuredmedia":[{"embeddable":true,"href":"https:\/\/www.europesays.com\/fi\/wp-json\/wp\/v2\/media\/85324"}],"wp:attachment":[{"href":"https:\/\/www.europesays.com\/fi\/wp-json\/wp\/v2\/media?parent=85323"}],"wp:term":[{"taxonomy":"category","embeddable":true,"href":"https:\/\/www.europesays.com\/fi\/wp-json\/wp\/v2\/categories?post=85323"},{"taxonomy":"post_tag","embeddable":true,"href":"https:\/\/www.europesays.com\/fi\/wp-json\/wp\/v2\/tags?post=85323"}],"curies":[{"name":"wp","href":"https:\/\/api.w.org\/{rel}","templated":true}]}}