{"id":85422,"date":"2025-11-09T12:57:10","date_gmt":"2025-11-09T12:57:10","guid":{"rendered":"https:\/\/www.europesays.com\/fi\/85422\/"},"modified":"2025-11-09T12:57:10","modified_gmt":"2025-11-09T12:57:10","slug":"juhlavieraiden-joukossa-myos-harry-ja-meghan","status":"publish","type":"post","link":"https:\/\/www.europesays.com\/fi\/85422\/","title":{"rendered":"Juhlavieraiden joukossa my\u00f6s Harry ja Meghan"},"content":{"rendered":"<p>Kris Jennerin juhliin saapui Los Angelesin tunnetuimpia julkisuuden henkil\u00f6it\u00e4.<\/p>\n<p><img decoding=\"async\" class=\"image image-show image-preview\" src=\"https:\/\/www.europesays.com\/fi\/wp-content\/uploads\/2025\/11\/cb20763ef699e656a4e275c8f4b1cce8f9ef4099424730d6896b3aae7240b6e5.jpg\" alt=\"\"\/><img decoding=\"async\" class=\"image image-show\" src=\"https:\/\/www.europesays.com\/fi\/wp-content\/uploads\/2025\/11\/1762693030_513_cb20763ef699e656a4e275c8f4b1cce8f9ef4099424730d6896b3aae7240b6e5.jpg\" alt=\"\"\/><\/p>\n<p>Kris Jenner on nyt 70-vuotias. AOP<\/p>\n<p class=\"paragraph\">Kardashian\u2013Jenner-perheen \u00e4iti <a href=\"https:\/\/www.iltalehti.fi\/henkilot\/Kris Jenner\" class=\"article-link-person-page\" rel=\"nofollow noopener\" target=\"_blank\">Kris Jenner<\/a> t\u00e4ytti 5. marraskuuta 70 vuotta.<\/p>\n<p class=\"paragraph\">Jennerin syntym\u00e4p\u00e4ivi\u00e4 juhlittiin lauantaina miljard\u00f6\u00f6ri <a href=\"https:\/\/www.iltalehti.fi\/henkilot\/Jeff Bezos\" class=\"article-link-person-page\" rel=\"nofollow noopener\" target=\"_blank\">Jeff Bezosin<\/a> valtavassa kartanossa Beverly Hillsiss\u00e4. Juhlien teema oli James Bond.<\/p>\n<p>Harrylta viittaus perheeseen<\/p>\n<p class=\"paragraph\">Mukana olivat my\u00f6s prinssi <a href=\"https:\/\/www.iltalehti.fi\/henkilot\/Harry\" class=\"article-link-person-page\" rel=\"nofollow noopener\" target=\"_blank\">Harry<\/a> ja herttuatar <a href=\"https:\/\/www.iltalehti.fi\/henkilot\/Meghan, Sussexin herttuatar\" class=\"article-link-person-page\" rel=\"nofollow noopener\" target=\"_blank\">Meghan<\/a>. Pari kuvattiin saapumassa kartanolle. Harrylla oli tyylik\u00e4s, mutta perinteinen musta smokki rusetilla. Meghanilla oli musta vartalonmy\u00f6t\u00e4inen iltapuku, jossa oli s\u00e4\u00e4ret paljastava halkio. Asun kruunasi n\u00e4ytt\u00e4v\u00e4t korvakorut.<\/p>\n<p>Prinssi Harryn perhe Iso-Britanniassa edusti samaan aikaan samanlaiset kukat rintapieliss\u00e4\u00e4n. AOP<\/p>\n<p>Herttuatar Meghan oli kokomustissa. AOP<\/p>\n<p class=\"paragraph\">Huomioitavaa oli, ett\u00e4 Harrylla oli rintapieless\u00e4\u00e4n punainen unikko. Harry kunnioitti unikolla Iso-Britanniassa vietett\u00e4v\u00e4\u00e4 ensimm\u00e4isen maailmansodan p\u00e4\u00e4ttymisen muistop\u00e4iv\u00e4\u00e4. P\u00e4iv\u00e4st\u00e4 on tullut sittemmin kaikkien veteraanien ja kaatuneiden muistop\u00e4iv\u00e4.<\/p>\n<p class=\"paragraph\">Samaan aikaan kun Harry oli Jennerin syntym\u00e4p\u00e4iv\u00e4juhlissa, Iso-Britannian kuninkaallinen perhe osallistui Royal Albert Hallissa j\u00e4rjestettyyn muistojuhlaan samanlaiset unikot rintapieliss\u00e4\u00e4n. Kuninkaalliset ovat olleet tuttu n\u00e4ky tilaisuudessa ja he ovat olleet muistop\u00e4iv\u00e4n n\u00e4kyvi\u00e4 tukijoita.<\/p>\n<p>Prinssi George, prinsessa Catherine, kuningas Charles ja kuningatarpuoliso Camilla edustivat lauantaina illalla yhdess\u00e4. AOP<\/p>\n<p>Muita vieraita<\/p>\n<p class=\"paragraph\">Daily Mailin mukaan Jennerin juhliin kutsuttiin yli 300 ihmist\u00e4. Juhliin osallistuivat Jennerin lasten, kuten <a href=\"https:\/\/www.iltalehti.fi\/henkilot\/Kim Kardashian\" class=\"article-link-person-page\" rel=\"nofollow noopener\" target=\"_blank\">Kim Kardashianin<\/a> ja <a href=\"https:\/\/www.iltalehti.fi\/henkilot\/Kylie Jenner\" class=\"article-link-person-page\" rel=\"nofollow noopener\" target=\"_blank\">Kylie Jennerin<\/a>, lis\u00e4ksi muun muassa <a href=\"https:\/\/www.iltalehti.fi\/henkilot\/Oprah Winfrey\" class=\"article-link-person-page\" rel=\"nofollow noopener\" target=\"_blank\">Oprah Winfrey<\/a>, <strong>Kyle Richards<\/strong>, <a href=\"https:\/\/www.iltalehti.fi\/henkilot\/Mariah Carey\" class=\"article-link-person-page\" rel=\"nofollow noopener\" target=\"_blank\">Mariah Carey<\/a>, <a href=\"https:\/\/www.iltalehti.fi\/henkilot\/Nicky Hilton\" class=\"article-link-person-page\" rel=\"nofollow noopener\" target=\"_blank\">Nicky Hilton<\/a>, <a href=\"https:\/\/www.iltalehti.fi\/henkilot\/Kathy Hilton\" class=\"article-link-person-page\" rel=\"nofollow noopener\" target=\"_blank\">Kathy Hilton<\/a>, <a href=\"https:\/\/www.iltalehti.fi\/henkilot\/Adele\" class=\"article-link-person-page\" rel=\"nofollow noopener\" target=\"_blank\">Adele<\/a>, <a href=\"https:\/\/www.iltalehti.fi\/henkilot\/Martha Stewart\" class=\"article-link-person-page\" rel=\"nofollow noopener\" target=\"_blank\">Martha Stewart<\/a> ja <a href=\"https:\/\/www.iltalehti.fi\/henkilot\/Snoop Dogg\" class=\"article-link-person-page\" rel=\"nofollow noopener\" target=\"_blank\">Snoop Dogg<\/a>.<\/p>\n<p>RHOBH-t\u00e4hti Kyle Richards s\u00e4teili punaisessa asussa. AOP<\/p>\n<p>Kuvassa Sarah Paulson ja Naomi Watts, jotka n\u00e4yttelev\u00e4t Kim Kardashianin t\u00e4hditt\u00e4m\u00e4ss\u00e4 All\u2019s Fair -sarjassa.  AOP<\/p>\n<p>Mariah Carey saapui juhliin iltapuvussa, joka muistutti Marilyn Monroen kuuluisaa Harry Birthday -iltapukua. AOP<\/p>\n<p>Adele peitti kasvonsa laukulla. AOP<\/p>\n<p class=\"paragraph\">Jennerin 60-vuotisjuhlia vietettiin 10 vuotta sitten 1920-luvun tunnelmissa. Kultahattu-elokuvasta inspiroituneet juhlat maksoivat Page Six -lehden mukaan noin 2 miljoonaa dollaria. Juhliin osallistuivat tuolloin eturivin julkkikset, kuten <a href=\"https:\/\/www.iltalehti.fi\/henkilot\/John Legend\" class=\"article-link-person-page\" rel=\"nofollow noopener\" target=\"_blank\">John Legend<\/a>, <a href=\"https:\/\/www.iltalehti.fi\/henkilot\/Chrissy Teigen\" class=\"article-link-person-page\" rel=\"nofollow noopener\" target=\"_blank\">Chrissy Teigen<\/a>, <a href=\"https:\/\/www.iltalehti.fi\/henkilot\/Will Smith\" class=\"article-link-person-page\" rel=\"nofollow noopener\" target=\"_blank\">Will Smith<\/a> ja <a href=\"https:\/\/www.iltalehti.fi\/henkilot\/Lisa Rinna\" class=\"article-link-person-page\" rel=\"nofollow noopener\" target=\"_blank\">Lisa Rinna<\/a>.<\/p>\n<p class=\"paragraph\">L\u00e4hde: <a href=\"https:\/\/www.dailymail.co.uk\/tvshowbiz\/article-15273647\/meghan-markle-prince-harry-kris-jenner-70th-birthday-party-james-bond.html\" rel=\"noopener nofollow\" target=\"_blank\">Daily Mail<\/a>, <a href=\"https:\/\/pagesix.com\/2025\/11\/06\/celebrity-news\/kris-jenner-to-celebrate-70th-birthday-with-lavish-bond-bash\/\" rel=\"noopener nofollow\" target=\"_blank\">Page Six<\/a><\/p>\n","protected":false},"excerpt":{"rendered":"Kris Jennerin juhliin saapui Los Angelesin tunnetuimpia julkisuuden henkil\u00f6it\u00e4. Kris Jenner on nyt 70-vuotias. AOP Kardashian\u2013Jenner-perheen \u00e4iti Kris&hellip;\n","protected":false},"author":2,"featured_media":85423,"comment_status":"","ping_status":"","sticky":false,"template":"","format":"standard","meta":{"footnotes":""},"categories":[136],"tags":[35,654,407,137,33,31,30,408,653,6234,652,32,109],"class_list":{"0":"post-85422","1":"post","2":"type-post","3":"status-publish","4":"format-standard","5":"has-post-thumbnail","7":"category-julkkikset","8":"tag-24h","9":"tag-britannian-kuningashuone","10":"tag-celebrities","11":"tag-entertainment","12":"tag-fi","13":"tag-finland","14":"tag-finnish","15":"tag-julkkikset","16":"tag-julkkisperheet","17":"tag-kuninkaallinen-perhe","18":"tag-kuninkaalliset","19":"tag-suomi","20":"tag-viihde"},"share_on_mastodon":{"url":"https:\/\/pubeurope.com\/@fi\/115519858018529599","error":""},"_links":{"self":[{"href":"https:\/\/www.europesays.com\/fi\/wp-json\/wp\/v2\/posts\/85422","targetHints":{"allow":["GET"]}}],"collection":[{"href":"https:\/\/www.europesays.com\/fi\/wp-json\/wp\/v2\/posts"}],"about":[{"href":"https:\/\/www.europesays.com\/fi\/wp-json\/wp\/v2\/types\/post"}],"author":[{"embeddable":true,"href":"https:\/\/www.europesays.com\/fi\/wp-json\/wp\/v2\/users\/2"}],"replies":[{"embeddable":true,"href":"https:\/\/www.europesays.com\/fi\/wp-json\/wp\/v2\/comments?post=85422"}],"version-history":[{"count":0,"href":"https:\/\/www.europesays.com\/fi\/wp-json\/wp\/v2\/posts\/85422\/revisions"}],"wp:featuredmedia":[{"embeddable":true,"href":"https:\/\/www.europesays.com\/fi\/wp-json\/wp\/v2\/media\/85423"}],"wp:attachment":[{"href":"https:\/\/www.europesays.com\/fi\/wp-json\/wp\/v2\/media?parent=85422"}],"wp:term":[{"taxonomy":"category","embeddable":true,"href":"https:\/\/www.europesays.com\/fi\/wp-json\/wp\/v2\/categories?post=85422"},{"taxonomy":"post_tag","embeddable":true,"href":"https:\/\/www.europesays.com\/fi\/wp-json\/wp\/v2\/tags?post=85422"}],"curies":[{"name":"wp","href":"https:\/\/api.w.org\/{rel}","templated":true}]}}