{"id":85429,"date":"2025-11-09T13:09:09","date_gmt":"2025-11-09T13:09:09","guid":{"rendered":"https:\/\/www.europesays.com\/fi\/85429\/"},"modified":"2025-11-09T13:09:09","modified_gmt":"2025-11-09T13:09:09","slug":"norjalaistahti-jakoi-seksuaalista-materiaalia-alaikaisesta-myontaa-rikoksensa-virhe-jota-kadun-syvasti-urheilua-lyhyesti","status":"publish","type":"post","link":"https:\/\/www.europesays.com\/fi\/85429\/","title":{"rendered":"Norjalaist\u00e4hti jakoi seksuaalista materiaalia alaik\u00e4isest\u00e4 \u2013 my\u00f6nt\u00e4\u00e4 rikoksensa: \u201dVirhe, jota kadun syv\u00e4sti\u201d | Urheilua lyhyesti"},"content":{"rendered":"<p class=\"aw-1gybjub aw-5vja16 kEtdKx kmuxyA yle__article__paragraph\">Laitahy\u00f6kk\u00e4\u00e4j\u00e4 Andreas Schjelderup on mukana ensi viikolla maansa huippu\u00adt\u00e4rkeiss\u00e4 MM-karsinta\u00adotteluissa. Sen j\u00e4lkeen h\u00e4nen rikos\u00adtapaustaan k\u00e4sitell\u00e4\u00e4n K\u00f6\u00f6pen\u00adhaminassa.<\/p>\n<p><img decoding=\"async\" alt=\"Andreas Schjelderup l\u00e4hikuvassa.\" src=\"https:\/\/www.europesays.com\/fi\/wp-content\/uploads\/2025\/11\/39-155091369107f25d05a9.jpeg\" class=\"aw-1l9m598 hKVVvP\"\/><\/p>\n<p>Avaa kuvien katselu<\/p>\n<p>Andreas Schjelderup on parin viime vuoden aikana noussut Norjan maajoukkueen vakiokasvoksi. Kuva: Getty Images<\/p>\n<p class=\"aw-1gybjub aw-1p7kakr kEtdKx cEmitX yle__article__paragraph\">Norjan jalkapallomaajoukkueen <strong class=\"aw-ak79eh KyCXm yle__article__strong\">Andreas Schjelderup<\/strong> joutuu 19. marraskuuta vastaamaan K\u00f6\u00f6penhaminassa rikossyytteeseen. 21-vuotias laitahy\u00f6kk\u00e4\u00e4j\u00e4 on jakanut seksuaalista materiaalia alaik\u00e4isest\u00e4 henkil\u00f6st\u00e4 pelatessaan Tanskassa Nordsj\u00e4llandissa.<\/p>\n<p class=\"aw-1gybjub aw-1p7kakr kEtdKx cEmitX yle__article__paragraph\">Asiasta uutisoivat muun muassa <a class=\"aw-iao6s4 iHOxEa yle__article__link\" href=\"https:\/\/www.nrk.no\/sport\/fotball_-landslagsspiller-andreas-schjelderup-innrommer-lovbrudd_-_-jeg-forventer-a-bli-domt-1.17645499\" role=\"link\" rel=\"nofollow noopener\" target=\"_blank\">NRK<\/a> ja <a class=\"aw-iao6s4 iHOxEa yle__article__link\" href=\"https:\/\/www.vg.no\/sport\/i\/Mnxa8M\/siktet-i-danmark-schjelderup-innroemmer-aa-ha-delt-video-med-seksuelt-innhold\" role=\"link\" rel=\"nofollow noopener\" target=\"_blank\">VG<\/a>.<\/p>\n<p class=\"aw-1gybjub aw-1p7kakr kEtdKx cEmitX yle__article__paragraph\">Aiemmin t\u00e4ll\u00e4 viikolla Tanskan media uutisoi tapauksesta ilman nime\u00e4. Schjelderup on my\u00f6nt\u00e4nyt, ett\u00e4 h\u00e4n on kyseisen tapauksen syytetty.<\/p>\n<p class=\"aw-1gybjub aw-1p7kakr kEtdKx cEmitX yle__article__paragraph\">Schjelderup pelaa nykyisin Portugalissa Benficassa. H\u00e4n oli avauskokoonpanossa syyskuussa, kun Norja is\u00e4nn\u00f6i harjoitusottelussa Huuhkajia. Norja voitti Suomen 1\u20130.<\/p>\n<p class=\"aw-1gybjub aw-1p7kakr kEtdKx cEmitX yle__article__paragraph\">Schjelderup on kirjoittanut teostaan Instagramissa.<\/p>\n<p class=\"aw-1gybjub aw-1p7kakr kEtdKx cEmitX yle__article__paragraph\">\u2013 Olin tuolloin 19-vuotias, ja nyt minun on kohdattava tuon virheen seuraukset.<\/p>\n<p class=\"aw-1gybjub aw-1p7kakr kEtdKx cEmitX yle__article__paragraph\">\u2013 Tekoni oli laiton. Odotan, ett\u00e4 saan tuomion ja ett\u00e4 se on ehdollista vankeutta. Haluan pyyt\u00e4\u00e4 anteeksi videon uhreilta, yst\u00e4vilt\u00e4, \u200b\u200bperheelt\u00e4 ja kaikilta kannattajilta, joille olen aiheuttanut pettymyksen.<\/p>\n<p class=\"aw-1gybjub aw-1p7kakr kEtdKx cEmitX yle__article__paragraph\">Schjelderupin mukaan teko johtui ajattelemattomuudesta, kun h\u00e4n l\u00e4hetteli kaverinsa kanssa meemej\u00e4, kuten teini-ik\u00e4iset yleens\u00e4kin tekev\u00e4t.<\/p>\n<p class=\"aw-1gybjub aw-1p7kakr kEtdKx cEmitX yle__article__paragraph\">\u2013 Sain puhelimeeni videon ja l\u00e4hetin sen yst\u00e4v\u00e4lleni muutaman sekunnin kuluttua ep\u00e4r\u00f6im\u00e4tt\u00e4. Kun yst\u00e4v\u00e4ni ilmoitti sis\u00e4ll\u00f6st\u00e4, poistin sen v\u00e4litt\u00f6m\u00e4sti.<\/p>\n<p><img decoding=\"async\" alt=\"Andreas Schjelderup yritt\u00e4\u00e4 riist\u00e4\u00e4 palloa Adam Marhievilta.\" src=\"https:\/\/www.europesays.com\/fi\/wp-content\/uploads\/2025\/11\/39-155091269107ed532bf6.jpeg\" loading=\"lazy\" class=\"aw-1l9m598 hKVVvP\"\/><\/p>\n<p>Avaa kuvien katselu<\/p>\n<p>Andreas Schjelderup yritti riist\u00e4\u00e4 palloa Huuhkajien Adam Marhievilta syyskuun kohtaamisessa. Kuva: Getty ImagesSeura ja maajoukkue tukevat<\/p>\n<p class=\"aw-1gybjub aw-1p7kakr kEtdKx cEmitX yle__article__paragraph\">Benfican puheenjohtaja <strong class=\"aw-ak79eh KyCXm yle__article__strong\">Rui Costa<\/strong> totesi, ett\u00e4 Schjelderup teki jotain, mit\u00e4 ei olisi pit\u00e4nyt tehd\u00e4. Seurapomo kuitenkin korostaa, ett\u00e4 norjalainen ei tehnyt sit\u00e4 pahantahtoisesti ja on my\u00f6nt\u00e4nyt mokansa. Benfica seisoo pelaajansa tukena.<\/p>\n<p class=\"aw-1gybjub aw-1p7kakr kEtdKx cEmitX yle__article__paragraph\">Schjelderupin mukaan h\u00e4n my\u00f6nsi tekonsa heti, kun poliisi otti yhteytt\u00e4.<\/p>\n<p class=\"aw-1gybjub aw-1p7kakr kEtdKx cEmitX yle__article__paragraph\">\u2013 Tarkoitukseni ei ollut koskaan levitt\u00e4\u00e4 mit\u00e4\u00e4n tai vahingoittaa ket\u00e4\u00e4n. Se oli typer\u00e4 kertaluonteinen virhe, jota kadun syv\u00e4sti.<\/p>\n<p class=\"aw-1gybjub aw-1p7kakr kEtdKx cEmitX yle__article__paragraph\">Lopuksi pelaaja harmitteli, ett\u00e4 asia on h\u00e4iri\u00f6tekij\u00e4 Norjan maajoukkueelle, joka pelaa historiansa t\u00e4rkeimpi\u00e4 otteluita. Norja on loistoasemissa MM-karsinnoissa.<\/p>\n<p class=\"aw-1gybjub aw-1p7kakr kEtdKx cEmitX yle__article__paragraph\">Norjan p\u00e4\u00e4valmentaja <strong class=\"aw-ak79eh KyCXm yle__article__strong\">St\u00e5le Solbakken<\/strong> kertoi, ett\u00e4 pelaaja oli h\u00e4neen yhteydess\u00e4 perjantaina.<\/p>\n<p class=\"aw-1gybjub aw-1p7kakr kEtdKx cEmitX yle__article__paragraph\">\u2013 Ei ole ep\u00e4ilyst\u00e4k\u00e4\u00e4n siit\u00e4, ett\u00e4 t\u00e4m\u00e4 oli uskomattoman tyhm\u00e4\u00e4. Olen iloinen, ett\u00e4 h\u00e4n ilmaisee niin selv\u00e4sti olevansa pahoillaan ja on tehnyt hyv\u00e4\u00e4 yhteisty\u00f6t\u00e4 viranomaisten kanssa.<\/p>\n<p class=\"aw-1gybjub aw-1p7kakr kEtdKx cEmitX yle__article__paragraph\">\u2013 Olen t\u00e4ysin varma, ett\u00e4 h\u00e4n on oppinut t\u00e4st\u00e4 eik\u00e4 tee en\u00e4\u00e4 koskaan mit\u00e4\u00e4n t\u00e4llaista.<\/p>\n<p class=\"aw-1gybjub aw-1p7kakr kEtdKx cEmitX yle__article__paragraph\">Schjelderup on mukana ensi viikolla Norjan viimeisiss\u00e4 MM-karsintapeleiss\u00e4 Viroa ja Italiaa vastaan. Solbakken totesi, ett\u00e4 joukkueen t\u00e4ytyy pit\u00e4\u00e4 hyv\u00e4\u00e4 huolta pelaajasta, joka el\u00e4\u00e4 vaikeaa aikaa.<\/p>\n","protected":false},"excerpt":{"rendered":"Laitahy\u00f6kk\u00e4\u00e4j\u00e4 Andreas Schjelderup on mukana ensi viikolla maansa huippu\u00adt\u00e4rkeiss\u00e4 MM-karsinta\u00adotteluissa. Sen j\u00e4lkeen h\u00e4nen rikos\u00adtapaustaan k\u00e4sitell\u00e4\u00e4n K\u00f6\u00f6pen\u00adhaminassa. Avaa kuvien&hellip;\n","protected":false},"author":2,"featured_media":85430,"comment_status":"","ping_status":"","sticky":false,"template":"","format":"standard","meta":{"footnotes":""},"categories":[14],"tags":[22,23,26,27,33,31,30,17,43,8608,8609,24,25,28,29,15,18,21,581,32,19,20,56,160,16,59,60,61],"class_list":{"0":"post-85429","1":"post","2":"type-post","3":"status-publish","4":"format-standard","5":"has-post-thumbnail","7":"category-ulkomaat","8":"tag-breaking-news","9":"tag-breakingnews","10":"tag-featured-news","11":"tag-featurednews","12":"tag-fi","13":"tag-finland","14":"tag-finnish","15":"tag-headlines","16":"tag-jalkapallo","17":"tag-jalkapallomaajoukkueet","18":"tag-kansainvaliset-jalkapallo-ottelut-ja-turnaukset","19":"tag-latest-news","20":"tag-latestnews","21":"tag-main-news","22":"tag-mainnews","23":"tag-news","24":"tag-otsikot","25":"tag-paauutiset","26":"tag-rikokset","27":"tag-suomi","28":"tag-top-stories","29":"tag-topstories","30":"tag-ulkomaat","31":"tag-urheilu","32":"tag-uutiset","33":"tag-world","34":"tag-world-news","35":"tag-worldnews"},"share_on_mastodon":{"url":"https:\/\/pubeurope.com\/@fi\/115519905199867977","error":""},"_links":{"self":[{"href":"https:\/\/www.europesays.com\/fi\/wp-json\/wp\/v2\/posts\/85429","targetHints":{"allow":["GET"]}}],"collection":[{"href":"https:\/\/www.europesays.com\/fi\/wp-json\/wp\/v2\/posts"}],"about":[{"href":"https:\/\/www.europesays.com\/fi\/wp-json\/wp\/v2\/types\/post"}],"author":[{"embeddable":true,"href":"https:\/\/www.europesays.com\/fi\/wp-json\/wp\/v2\/users\/2"}],"replies":[{"embeddable":true,"href":"https:\/\/www.europesays.com\/fi\/wp-json\/wp\/v2\/comments?post=85429"}],"version-history":[{"count":0,"href":"https:\/\/www.europesays.com\/fi\/wp-json\/wp\/v2\/posts\/85429\/revisions"}],"wp:featuredmedia":[{"embeddable":true,"href":"https:\/\/www.europesays.com\/fi\/wp-json\/wp\/v2\/media\/85430"}],"wp:attachment":[{"href":"https:\/\/www.europesays.com\/fi\/wp-json\/wp\/v2\/media?parent=85429"}],"wp:term":[{"taxonomy":"category","embeddable":true,"href":"https:\/\/www.europesays.com\/fi\/wp-json\/wp\/v2\/categories?post=85429"},{"taxonomy":"post_tag","embeddable":true,"href":"https:\/\/www.europesays.com\/fi\/wp-json\/wp\/v2\/tags?post=85429"}],"curies":[{"name":"wp","href":"https:\/\/api.w.org\/{rel}","templated":true}]}}