{"id":85467,"date":"2025-11-09T14:23:08","date_gmt":"2025-11-09T14:23:08","guid":{"rendered":"https:\/\/www.europesays.com\/fi\/85467\/"},"modified":"2025-11-09T14:23:08","modified_gmt":"2025-11-09T14:23:08","slug":"tamperelainen-auri-kananen-sai-lapsen-isanpaivana-synnytys-kesti-79-tuntia","status":"publish","type":"post","link":"https:\/\/www.europesays.com\/fi\/85467\/","title":{"rendered":"Tamperelainen Auri Kananen sai lapsen is\u00e4np\u00e4iv\u00e4n\u00e4 \u2013 synnytys kesti 79 tuntia"},"content":{"rendered":"<p>Auri Kananen kiitt\u00e4\u00e4 Taysin k\u00e4til\u00f6it\u00e4.<\/p>\n<p class=\"article-body mb-nof-24 px-nof-16\">Aamulehti<\/p>\n<p class=\"article-body mb-nof-24 px-nof-16\">Yritt\u00e4j\u00e4, somejulkkis <a class=\"article-personlink\" href=\"https:\/\/www.aamulehti.fi\/haku\/?query=Auri%20Kananen\" rel=\"nofollow noopener\" target=\"_blank\">Auri Kananen<\/a> sai kumppaninsa <a class=\"article-personlink\" href=\"https:\/\/www.aamulehti.fi\/haku\/?query=Sami%20Salmisen\" rel=\"nofollow noopener\" target=\"_blank\">Sami Salmisen<\/a> kanssa is\u00e4np\u00e4iv\u00e4n\u00e4 lapsen Tampereen yliopistollisessa sairaalassa Taysissa.<\/p>\n<p class=\"article-body mb-nof-24 px-nof-16\">Parin tyt\u00e4r syntyi sunnuntaina kello 1.55.<\/p>\n<p class=\"article-body mb-nof-24 px-nof-16\">Kananen kertoo julkisella Facebook-sivullaan, ett\u00e4 lapsen maailmaan saattaminen kesti 79 tuntia ensimm\u00e4isist\u00e4 supistuksista laskien. Tuore \u00e4iti kertoo tunteneensa synnytyksen aikana paljon sek\u00e4 kipua ett\u00e4 voimaa.<\/p>\n","protected":false},"excerpt":{"rendered":"Auri Kananen kiitt\u00e4\u00e4 Taysin k\u00e4til\u00f6it\u00e4. Aamulehti Yritt\u00e4j\u00e4, somejulkkis Auri Kananen sai kumppaninsa Sami Salmisen kanssa is\u00e4np\u00e4iv\u00e4n\u00e4 lapsen Tampereen&hellip;\n","protected":false},"author":2,"featured_media":85468,"comment_status":"","ping_status":"","sticky":false,"template":"","format":"standard","meta":{"footnotes":""},"categories":[130],"tags":[157,137,33,31,30,32,109],"class_list":{"0":"post-85467","1":"post","2":"type-post","3":"status-publish","4":"format-standard","5":"has-post-thumbnail","7":"category-viihde","8":"tag-aamulehti","9":"tag-entertainment","10":"tag-fi","11":"tag-finland","12":"tag-finnish","13":"tag-suomi","14":"tag-viihde"},"share_on_mastodon":{"url":"https:\/\/pubeurope.com\/@fi\/115520196009437847","error":""},"_links":{"self":[{"href":"https:\/\/www.europesays.com\/fi\/wp-json\/wp\/v2\/posts\/85467","targetHints":{"allow":["GET"]}}],"collection":[{"href":"https:\/\/www.europesays.com\/fi\/wp-json\/wp\/v2\/posts"}],"about":[{"href":"https:\/\/www.europesays.com\/fi\/wp-json\/wp\/v2\/types\/post"}],"author":[{"embeddable":true,"href":"https:\/\/www.europesays.com\/fi\/wp-json\/wp\/v2\/users\/2"}],"replies":[{"embeddable":true,"href":"https:\/\/www.europesays.com\/fi\/wp-json\/wp\/v2\/comments?post=85467"}],"version-history":[{"count":0,"href":"https:\/\/www.europesays.com\/fi\/wp-json\/wp\/v2\/posts\/85467\/revisions"}],"wp:featuredmedia":[{"embeddable":true,"href":"https:\/\/www.europesays.com\/fi\/wp-json\/wp\/v2\/media\/85468"}],"wp:attachment":[{"href":"https:\/\/www.europesays.com\/fi\/wp-json\/wp\/v2\/media?parent=85467"}],"wp:term":[{"taxonomy":"category","embeddable":true,"href":"https:\/\/www.europesays.com\/fi\/wp-json\/wp\/v2\/categories?post=85467"},{"taxonomy":"post_tag","embeddable":true,"href":"https:\/\/www.europesays.com\/fi\/wp-json\/wp\/v2\/tags?post=85467"}],"curies":[{"name":"wp","href":"https:\/\/api.w.org\/{rel}","templated":true}]}}