{"id":85475,"date":"2025-11-09T14:41:10","date_gmt":"2025-11-09T14:41:10","guid":{"rendered":"https:\/\/www.europesays.com\/fi\/85475\/"},"modified":"2025-11-09T14:41:10","modified_gmt":"2025-11-09T14:41:10","slug":"seela-sella-kertoo-arjestaan-ja-suhtautumisestaan-juutalaisuuteen","status":"publish","type":"post","link":"https:\/\/www.europesays.com\/fi\/85475\/","title":{"rendered":"Seela Sella kertoo arjestaan ja suhtautumisestaan juutalaisuuteen"},"content":{"rendered":"<p>            Seiskan arkisto\n        <\/p>\n<p class=\"subtitle \">Seela Sellan mukaan pett\u00e4misen takia ei kannata erota.<\/p>\n<p class=\"article-content article-content-width !bg-background\">N\u00e4yttelij\u00e4  el\u00e4m\u00e4\u00e4n<br \/>\non vaikuttanut paljon kolmenkymmenen vuoden liitto  kanssa, joka<br \/>\np\u00e4\u00e4ttyi Eliksen kuolemaan vuonna 1992.\u00a0<\/p>\n<p class=\"article-content article-content-width !bg-background\">Seela p\u00e4\u00e4tti k\u00e4\u00e4nty\u00e4 miehens\u00e4 uskontoon,<br \/>\njuutalaisuuteen, joskaan ei puolisonsa painostuksesta. Pariskunta teki my\u00f6s yhteisi\u00e4<br \/>\nproduktioita.<\/p>\n<p>                <img decoding=\"async\" src=\"https:\/\/www.europesays.com\/fi\/wp-content\/uploads\/2025\/11\/1983368.webp\" width=\"576\" height=\"308\" alt=\"Seela esiintyi kirjamessuilla tuhatp\u00e4iselle yleis\u00f6lle.\" loading=\"lazy\" \/>            <\/p>\n<p>\n            Seela esiintyi kirjamessuilla tuhatp\u00e4iselle yleis\u00f6lle.<br \/>\n            TIMO KORHONEN\n        <\/p>\n<p class=\"article-content article-content-width !bg-background\">Alkujaan<br \/>\nSeela ei l\u00e4mmennyt Elikselle, vaan piti t\u00e4t\u00e4 ylimielisen\u00e4. Suosittelijoita<br \/>\npariutumiseen kuitenkin riitti, ja Seela toteaa kirjassaan Sellasta (Otava), ettei Elis katunut liittoa,<br \/>\nvaikka Seela osasikin olla v\u00e4lill\u00e4 kauhea.<\/p>\n<p class=\"article-content article-content-width !bg-background\">Seela on sit\u00e4<br \/>\nmielt\u00e4, ett\u00e4 Elis seuraa h\u00e4nt\u00e4 edelleen arjessa. Ennen kuolemaansa Elikselt\u00e4<br \/>\noli jo leikattu virtsarakon sy\u00f6p\u00e4, ja huonot el\u00e4m\u00e4ntavat eiv\u00e4t tukeneet<br \/>\nkuntoutumista. Suru-uutinen saapui joulukuussa 1992, kun Elis oli<br \/>\nsairaalahoidossa. <\/p>\n<p>        <a itemprop=\"url\" href=\"https:\/\/www.seiska.fi\/kotimaa\/nayttelija-seela-sella-tilittaa-en-voi-sietaa-naita\/1697028\" rel=\"nofollow noopener\" target=\"_blank\"><\/p>\n<p>\nSeela Sella tilitt\u00e4\u00e4:\n<\/p>\n<p class=\"section-date\">\n        <strong class=\"article-section\" data-section=\"kotimaa\"><br \/>\n            kotimaa<br \/>\n        <\/strong><br \/>\n        12.5. 06:30\n    <\/p>\n<p>N\u00e4yttelij\u00e4 Seela Sella tilitt\u00e4\u00e4 \u2013 &#8221;En voi siet\u00e4\u00e4 n\u00e4it\u00e4!&#8221;\n    <\/p>\n<p itemprop=\"description\" class=\"subtitle \">\n    Seela ei ole \u00e4lupuhelimien paras yst\u00e4v\u00e4.\n<\/p>\n<p>        <\/a><\/p>\n<p>                <img decoding=\"async\" src=\"https:\/\/www.europesays.com\/fi\/wp-content\/uploads\/2025\/11\/1983379.webp\" width=\"576\" height=\"360\" alt=\"Elis ja Seela kes\u00e4ll\u00e4 1992. Elis kuoli saman vuoden joulukuussa.\" loading=\"lazy\" \/>            <\/p>\n<p>\n            Elis ja Seela kes\u00e4ll\u00e4 1992. Elis kuoli saman vuoden joulukuussa.<br \/>\n            LEHTIKUVA\n        <\/p>\n<p class=\"article-content article-content-width !bg-background\">\u2013 Elikselle tehtiin ruumiinavaus. Verisuonet oli tukkeutuneet ja<br \/>\nkalkkeutuneet. Se viimeisen tapaamisemme kiukuttelu oli oli ihan puhdasta<br \/>\nv\u00e4symyst\u00e4. Sen tajusin vasta sitten, kun Elis oli poissa, Seela muistelee kirjassaan.<\/p>\n<p>Mukana<br \/>\narjessa<\/p>\n<p class=\"article-content article-content-width !bg-background\">Vaikka Elis<br \/>\non poissa t\u00e4st\u00e4 maailmasta, kokee Seela miehens\u00e4 olevan h\u00e4nelle edelleen l\u00e4sn\u00e4<br \/>\nyli 30 vuotta kuolemansa j\u00e4lkeen ja esimerkiksi auttavan arjessa.<\/p>\n<p class=\"article-content article-content-width !bg-background\">\u2013 Tossa se on nytkin. Kuuntelee, mit\u00e4 m\u00e4\u00e4 h\u00f6p\u00f6t\u00e4n, Seela kuvailee tilannetta. H\u00e4n kertoo<br \/>\nkirjassa, ett\u00e4 oli esimerkiksi sanonut Elikselle, ett\u00e4 tarvitsee talvella ulos<br \/>\nhukkaamansa sormuksen takaisin. Nuori poika tuli tuomaan sen kev\u00e4\u00e4ll\u00e4 ovelle.<\/p>\n<p>                <img decoding=\"async\" src=\"https:\/\/www.europesays.com\/fi\/wp-content\/uploads\/2025\/11\/1983383.webp\" width=\"576\" height=\"720\" alt=\"Seela puhuu kirjassaan reippaalla Tampereen murteella vaikeistakin asioista.\" loading=\"lazy\" \/>            <\/p>\n<p>\n            Seela puhuu kirjassaan reippaalla Tampereen murteella vaikeistakin asioista.<br \/>\n            Sabrina Bqain\n        <\/p>\n<p class=\"article-content article-content-width !bg-background\">\u2013 Huusin, ett\u00e4 miks s\u00e4\u00e4 nyt vasta t\u00e4n toit ja pahoittelin heti per\u00e4\u00e4n,<br \/>\nett\u00e4 en m\u00e4\u00e4 sulle huutanu, huusin Elikselle.<\/p>\n<p>Pett\u00e4misest\u00e4<br \/>\nei kannata erota<\/p>\n<p class=\"article-content article-content-width !bg-background\">Seela k\u00e4sittelee kirjassaan my\u00f6s avioliitostaan ennenkin nostetun aiheen, pett\u00e4misen. Seela oli uskoton ja<br \/>\nmy\u00f6nsi asian seksikumppanin nime\u00e4 my\u00f6ten Elikselle, joka oli Seelan mukaan<br \/>\ntarpeeksi fiksu kostaakseen samalla mitalla. Seela kuitenkin neuvoi my\u00f6hemmin miest\u00e4\u00e4n<br \/>\nlopettamaan sivusuhteensa.<\/p>\n<p class=\"article-content article-content-width !bg-background\">\u2013 T\u00e4\u00e4 nainen ihastui Elikseen, h\u00e4nell\u00e4 oli ihan oikeita tunteita peliss\u00e4.<br \/>\nK\u00e4skin Eliksen soittaa h\u00e4nelle ja sanoa, ett\u00e4 t\u00e4\u00e4 homma loppuu nyt. En sen<br \/>\nvieraissa k\u00e4ymisen takia, vaan siksi, ett\u00e4 t\u00e4ll\u00e4 naisella oli ne tunteensa, Seela selvitt\u00e4\u00e4 asiaa.<\/p>\n<p class=\"article-content article-content-width !bg-background\">Seela painottaa<br \/>\nteoksessa, ettei pariskunnalla ollut kuitenkaan aikomustakaan erota miss\u00e4\u00e4n<br \/>\nvaiheessa.<\/p>\n<p>        <a itemprop=\"url\" href=\"https:\/\/www.seiska.fi\/kotimaa\/nain-aivoinfarktin-saanut-seela-sella-voi-nyt\/1693635\" rel=\"nofollow noopener\" target=\"_blank\"><\/p>\n<p>\nAivoinfarktin saanut n\u00e4yttelij\u00e4legenda\n<\/p>\n<p class=\"section-date\">\n        <strong class=\"article-section\" data-section=\"kotimaa\"><br \/>\n            kotimaa<br \/>\n        <\/strong><br \/>\n        8.5. 20:30\n    <\/p>\n<p>N\u00e4in aivoinfarktin saanut Seela Sella voi nyt!\n    <\/p>\n<p itemprop=\"description\" class=\"subtitle \">\n    Aivoinfarkti ei pys\u00e4ytt\u00e4nyt n\u00e4yttelij\u00e4legenda Seela Sellaa.\n<\/p>\n<p>        <\/a><\/p>\n<p>                <img decoding=\"async\" src=\"https:\/\/www.europesays.com\/fi\/wp-content\/uploads\/2025\/11\/1983385.webp\" width=\"576\" height=\"720\" alt=\"Seela on n\u00e4hty useaan otteeseen Linnan juhlissa. Kuva vuodelta 2007.\" loading=\"lazy\" \/>            <\/p>\n<p>\n            Seela on n\u00e4hty useaan otteeseen Linnan juhlissa. Kuva vuodelta 2007.<br \/>\n            Allerin arkisto\n        <\/p>\n<p class=\"article-content article-content-width !bg-background\">\u2013 Kattos kun tommonen asia kuin vieraissa k\u00e4yminen on mielest\u00e4ni aivan turha<br \/>\nsyy niin isolle p\u00e4\u00e4t\u00f6kselle kuin avioero, Seela tiivist\u00e4\u00e4.<\/p>\n<p>Kova<br \/>\nihastumaan<\/p>\n<p class=\"article-content article-content-width !bg-background\">Seela<br \/>\nkertoo my\u00f6s tykk\u00e4\u00e4v\u00e4ns\u00e4 flirttailusta ja ett\u00e4 ihastuksia saattoi tulla viel\u00e4<br \/>\n1970-luvullakin. Seela toi ihastuksensa jopa kotiin saunomaan, mutta mit\u00e4\u00e4n<br \/>\nseksuaalista ei tapahtunut. My\u00f6s Elis oli kotona samaan aikaan.<\/p>\n<p class=\"article-content article-content-width !bg-background\">\u2013 No ne j\u00e4i sitten, noi tommoset. H\u00f6lm\u00f6j\u00e4 juttuja. Mutta \u00e4lykk\u00e4\u00e4st\u00e4<br \/>\nflirtist\u00e4 m\u00e4\u00e4 en luovu koskaan. Se on ihanaa. Saatan ihastuakin. Sekin on<br \/>\nkivaa. Mutta en m\u00e4\u00e4 Eliksen lis\u00e4ks ole ket\u00e4\u00e4n miest\u00e4 rakastanu. Sillai niin kun<br \/>\nmiehen\u00e4.<\/p>\n<p>                <img decoding=\"async\" src=\"https:\/\/www.europesays.com\/fi\/wp-content\/uploads\/2025\/11\/1983394.webp\" width=\"576\" height=\"322\" alt=\"Seela 2001 Helsingin kaupunginteatterissa Juha Mujeen kanssa juhlimassa Hannele Laurin 25-vuotis taiteilijajuhlaa.\" loading=\"lazy\" \/>            <\/p>\n<p>\n            Seela 2001 Helsingin kaupunginteatterissa Juha Mujeen kanssa juhlimassa Hannele Laurin 25-vuotis taiteilijajuhlaa.<br \/>\n            Seiskan arkisto\n        <\/p>\n<p class=\"article-content article-content-width !bg-background\">Parhaillaan<br \/>\nSeela on el\u00e4m\u00e4ss\u00e4\u00e4n sen verran kiireinen, ettei ehdi edes synagogaan kovin<br \/>\nusein.<\/p>\n<p class=\"article-content article-content-width !bg-background\">\u2013 Olen<br \/>\nsellainen sapatin syntinen, kun olen useimmiten t\u00f6iss\u00e4. Se on kyll\u00e4 varmastikin<br \/>\nihan ok, koska teen kuitenkin hyv\u00e4\u00e4 ty\u00f6t\u00e4 tuottamalla ihmisille hyv\u00e4\u00e4 mielt\u00e4, Seela mietti Seiskan haastattelussa.<\/p>\n<p>        <a itemprop=\"url\" href=\"https:\/\/www.seiska.fi\/kotimaa\/kirja-seela-sella-petti-aviomiestaan-en-kadu\/289751\" rel=\"nofollow noopener\" target=\"_blank\"><\/p>\n<p class=\"section-date\">\n        <strong class=\"article-section\" data-section=\"kotimaa\"><br \/>\n            kotimaa<br \/>\n        <\/strong><br \/>\n        20.4.2022 05:30\n    <\/p>\n<p>Kirja: Seela Sella petti aviomiest\u00e4\u00e4n: &#8221;En kadu&#8221;\n    <\/p>\n<p>        <\/a><\/p>\n<p class=\"article-content article-content-width !bg-background\">\u00a0<\/p>\n","protected":false},"excerpt":{"rendered":"Seiskan arkisto Seela Sellan mukaan pett\u00e4misen takia ei kannata erota. N\u00e4yttelij\u00e4 el\u00e4m\u00e4\u00e4n on vaikuttanut paljon kolmenkymmenen vuoden liitto&hellip;\n","protected":false},"author":2,"featured_media":85476,"comment_status":"","ping_status":"","sticky":false,"template":"","format":"standard","meta":{"footnotes":""},"categories":[136],"tags":[1075,407,137,33,31,30,408,11243,7320,2927,10494,651,32,109],"class_list":{"0":"post-85475","1":"post","2":"type-post","3":"status-publish","4":"format-standard","5":"has-post-thumbnail","7":"category-julkkikset","8":"tag-avioliitto","9":"tag-celebrities","10":"tag-entertainment","11":"tag-fi","12":"tag-finland","13":"tag-finnish","14":"tag-julkkikset","15":"tag-leski","16":"tag-pettaminen","17":"tag-puoliso","18":"tag-seela-sella","19":"tag-suhteet","20":"tag-suomi","21":"tag-viihde"},"share_on_mastodon":{"url":"https:\/\/pubeurope.com\/@fi\/115520266914435113","error":""},"_links":{"self":[{"href":"https:\/\/www.europesays.com\/fi\/wp-json\/wp\/v2\/posts\/85475","targetHints":{"allow":["GET"]}}],"collection":[{"href":"https:\/\/www.europesays.com\/fi\/wp-json\/wp\/v2\/posts"}],"about":[{"href":"https:\/\/www.europesays.com\/fi\/wp-json\/wp\/v2\/types\/post"}],"author":[{"embeddable":true,"href":"https:\/\/www.europesays.com\/fi\/wp-json\/wp\/v2\/users\/2"}],"replies":[{"embeddable":true,"href":"https:\/\/www.europesays.com\/fi\/wp-json\/wp\/v2\/comments?post=85475"}],"version-history":[{"count":0,"href":"https:\/\/www.europesays.com\/fi\/wp-json\/wp\/v2\/posts\/85475\/revisions"}],"wp:featuredmedia":[{"embeddable":true,"href":"https:\/\/www.europesays.com\/fi\/wp-json\/wp\/v2\/media\/85476"}],"wp:attachment":[{"href":"https:\/\/www.europesays.com\/fi\/wp-json\/wp\/v2\/media?parent=85475"}],"wp:term":[{"taxonomy":"category","embeddable":true,"href":"https:\/\/www.europesays.com\/fi\/wp-json\/wp\/v2\/categories?post=85475"},{"taxonomy":"post_tag","embeddable":true,"href":"https:\/\/www.europesays.com\/fi\/wp-json\/wp\/v2\/tags?post=85475"}],"curies":[{"name":"wp","href":"https:\/\/api.w.org\/{rel}","templated":true}]}}