{"id":85479,"date":"2025-11-09T14:49:09","date_gmt":"2025-11-09T14:49:09","guid":{"rendered":"https:\/\/www.europesays.com\/fi\/85479\/"},"modified":"2025-11-09T14:49:09","modified_gmt":"2025-11-09T14:49:09","slug":"stanley-kubrick-ja-kuulennon-salaliittoteoria-tunnustiko-ohjaaja-totuuden","status":"publish","type":"post","link":"https:\/\/www.europesays.com\/fi\/85479\/","title":{"rendered":"Stanley Kubrick ja kuulennon salaliittoteoria: Tunnustiko ohjaaja totuuden?"},"content":{"rendered":"<p class=\"article-content article-content-width !bg-background\">Ehk\u00e4 kaikkien aikojen tunnetuin kaikista Hollywoodin salaliittoteorioista on, ett\u00e4 elokuvaohjaaja <a alt=\"Haku\" class=\"text-primary-red font-extrabold\" href=\"https:\/\/www.seiska.fi\/haku?q=Stanley Kubrick\" rel=\"nofollow noopener\" target=\"_blank\">Stanley Kubrick<\/a> olisi vastuussa kuulennon lavastamisesta.<\/p>\n<p class=\"article-content article-content-width !bg-background\">Kellopeliappelsiinin ja Hohdon ohjanneen taiteilijan teoksiin kuuluu my\u00f6s rajoja rikkonut 2001: Avaruusseikkailu\u00a0vuodelta 1968, jossa n\u00e4ht\u00e4v\u00e4t realistiset avaruusefektit toimivat v\u00e4itetysti pohjana kuulennon toteutukselle.<\/p>\n<p class=\"article-content article-content-width !bg-background\">Salaliittoteorian mukaan Amerikalla ei ollut tarpeeksi teknologiaa laskeutua kuuhun, mutta ven\u00e4l\u00e4iset oli voitettava nopeuskisassa hinnalla mill\u00e4 hyv\u00e4ns\u00e4. Niinp\u00e4 asia vietiin Hollywoodiin.\u00a0V\u00e4itet\u00e4\u00e4n, ett\u00e4 NASA valitsi Kubrickin lavastamaan\u00a0Apollo 11:n kuulaskeutumisen vuonna 1969. <\/p>\n<p class=\"article-content article-content-width !bg-background\">Hohto-leffassa Danny-pojan p\u00e4\u00e4ll\u00e4 n\u00e4hd\u00e4\u00e4n Apollo 11 -villapaita. Osa teorian kannattajista vannoo sen nimeen, ett\u00e4 paita oli Kubrickin tunnustus siit\u00e4, ett\u00e4 h\u00e4n oli mukana v\u00e4\u00e4rennetyn kuulennon toteutuksessa.\u00a0<\/p>\n<p>                <img decoding=\"async\" src=\"https:\/\/www.europesays.com\/fi\/wp-content\/uploads\/2025\/11\/1979730.webp\" width=\"576\" height=\"274\" alt=\"Jotkut pit\u00e4v\u00e4t Hohdossa n\u00e4ht\u00e4v\u00e4\u00e4 Apollo-paitaa Stanley Kubrickin kuvainnollisena tunnustuksena. Toiset taas uskovat sen olevan ohjaajan pilaa ja bensan heitt\u00e4mist\u00e4 liekkeihin.\" loading=\"lazy\" \/>            <\/p>\n<p>\n            Jotkut pit\u00e4v\u00e4t Hohdossa n\u00e4ht\u00e4v\u00e4\u00e4 Apollo-paitaa Stanley Kubrickin kuvainnollisena tunnustuksena. Toiset taas uskovat sen olevan ohjaajan pilaa ja bensan heitt\u00e4mist\u00e4 liekkeihin.<br \/>\n            All Over Press\n        <\/p>\n","protected":false},"excerpt":{"rendered":"Ehk\u00e4 kaikkien aikojen tunnetuin kaikista Hollywoodin salaliittoteorioista on, ett\u00e4 elokuvaohjaaja Stanley Kubrick olisi vastuussa kuulennon lavastamisesta. Kellopeliappelsiinin ja&hellip;\n","protected":false},"author":2,"featured_media":85480,"comment_status":"","ping_status":"","sticky":false,"template":"","format":"standard","meta":{"footnotes":""},"categories":[130],"tags":[17506,137,33,31,30,7446,4169,17505,212,17507,7447,32,14616,109],"class_list":{"0":"post-85479","1":"post","2":"type-post","3":"status-publish","4":"format-standard","5":"has-post-thumbnail","7":"category-viihde","8":"tag-apollo-11","9":"tag-entertainment","10":"tag-fi","11":"tag-finland","12":"tag-finnish","13":"tag-hohto","14":"tag-hollywood","15":"tag-kuulento","16":"tag-lifestyle","17":"tag-salaliittoteoria","18":"tag-stanley-kubrick","19":"tag-suomi","20":"tag-the-shining","21":"tag-viihde"},"share_on_mastodon":{"url":"https:\/\/pubeurope.com\/@fi\/115520298377597318","error":""},"_links":{"self":[{"href":"https:\/\/www.europesays.com\/fi\/wp-json\/wp\/v2\/posts\/85479","targetHints":{"allow":["GET"]}}],"collection":[{"href":"https:\/\/www.europesays.com\/fi\/wp-json\/wp\/v2\/posts"}],"about":[{"href":"https:\/\/www.europesays.com\/fi\/wp-json\/wp\/v2\/types\/post"}],"author":[{"embeddable":true,"href":"https:\/\/www.europesays.com\/fi\/wp-json\/wp\/v2\/users\/2"}],"replies":[{"embeddable":true,"href":"https:\/\/www.europesays.com\/fi\/wp-json\/wp\/v2\/comments?post=85479"}],"version-history":[{"count":0,"href":"https:\/\/www.europesays.com\/fi\/wp-json\/wp\/v2\/posts\/85479\/revisions"}],"wp:featuredmedia":[{"embeddable":true,"href":"https:\/\/www.europesays.com\/fi\/wp-json\/wp\/v2\/media\/85480"}],"wp:attachment":[{"href":"https:\/\/www.europesays.com\/fi\/wp-json\/wp\/v2\/media?parent=85479"}],"wp:term":[{"taxonomy":"category","embeddable":true,"href":"https:\/\/www.europesays.com\/fi\/wp-json\/wp\/v2\/categories?post=85479"},{"taxonomy":"post_tag","embeddable":true,"href":"https:\/\/www.europesays.com\/fi\/wp-json\/wp\/v2\/tags?post=85479"}],"curies":[{"name":"wp","href":"https:\/\/api.w.org\/{rel}","templated":true}]}}