{"id":85640,"date":"2025-11-09T18:49:09","date_gmt":"2025-11-09T18:49:09","guid":{"rendered":"https:\/\/www.europesays.com\/fi\/85640\/"},"modified":"2025-11-09T18:49:09","modified_gmt":"2025-11-09T18:49:09","slug":"putinin-torvi-sai-viestin-korvanappiinsa-pian-pimeni","status":"publish","type":"post","link":"https:\/\/www.europesays.com\/fi\/85640\/","title":{"rendered":"Putinin torvi sai viestin korvanappiinsa \u2013 Pian pimeni"},"content":{"rendered":"<p>Vladimir Solovjov menetti hermonsa suorassa l\u00e4hetyksess\u00e4.<\/p>\n<p><img decoding=\"async\" class=\"image image-show image-preview\" src=\"https:\/\/www.europesays.com\/fi\/wp-content\/uploads\/2025\/11\/e398889319f552d315b9061bbcf4de14a45bfc6478ea284c9c95d661d78632a5.jpg\" alt=\"\"\/><img decoding=\"async\" class=\"image image-show\" src=\"https:\/\/www.europesays.com\/fi\/wp-content\/uploads\/2025\/11\/1762714149_366_e398889319f552d315b9061bbcf4de14a45bfc6478ea284c9c95d661d78632a5.jpg\" alt=\"\"\/><\/p>\n<p>Vladimir Solovjov on ven\u00e4l\u00e4inen propagandisti. AOP<\/p>\n<p class=\"paragraph\">Ven\u00e4j\u00e4n tunnetuimpiin propagandisteihin kuuluva <a href=\"https:\/\/www.iltalehti.fi\/henkilot\/Vladimir Solovyov\" class=\"article-link-person-page\" rel=\"nofollow noopener\" target=\"_blank\">Vladimir Solovjov<\/a> menetti t\u00e4ysin malttinsa ja raivosi omalle tiimilleen suorassa l\u00e4hetyksess\u00e4, kun tekniset ongelmat ja sekaannukset keskeyttiv\u00e4t h\u00e4nen ohjelmansa.<\/p>\n<p class=\"paragraph\">Solovjovin avautumisesta <a href=\"https:\/\/x.com\/JuliaDavisNews\/status\/1986959743055761656\" target=\"_blank\" rel=\"noopener nofollow\">kertoo<\/a> Ven\u00e4j\u00e4\u00e4n erikoistunut ja sen mediaa tiiviisti syyn\u00e4\u00e4v\u00e4 toimittaja <strong>Julia Davis<\/strong> pikaviestipalvelu X:ss\u00e4.<\/p>\n<p class=\"paragraph\">Propagandistin show alkoi normaalisti, mutta muuttui nopeasti kaaokseksi, kun h\u00e4nen pyyt\u00e4m\u00e4\u00e4ns\u00e4 klippi\u00e4 <a href=\"https:\/\/www.iltalehti.fi\/henkilot\/Vladimir Putin\" class=\"article-link-person-page\" rel=\"nofollow noopener\" target=\"_blank\">Vladimir Putinista<\/a> ei saatu toimimaan.<\/p>\n<p class=\"paragraph\">\u2013 Mit\u00e4 studiossa tapahtuu? Onko sinne isketty ohjus, kuolivatko kaikki? Solovjov \u00e4rjyi.<\/p>\n<p class=\"paragraph\">Propagandistin mitta t\u00e4yttyi, kun h\u00e4nen korvanappinsa lakkasi toimimasta ja yhteys tuotantotiimiin katkesi.<\/p>\n<p class=\"paragraph\">Solovjov huusi tiimilleen, ett\u00e4 ei voi luottaa \u201comaan kotirintamaansa\u201d ja vaati ty\u00f6ntekij\u00f6it\u00e4\u00e4n j\u00e4tt\u00e4m\u00e4\u00e4n eroilmoituksensa saman tien.<\/p>\n<p class=\"paragraph\">\u2013 Jos teill\u00e4 ei ole voimia tai \u00e4ly\u00e4 kuunnella l\u00e4hetyst\u00e4, j\u00e4tt\u00e4k\u00e4\u00e4 irtisanoutumisilmoituksenne ja h\u00e4ipyk\u00e4\u00e4 t\u00e4\u00e4lt\u00e4 heti. Toveri <a href=\"https:\/\/www.iltalehti.fi\/henkilot\/Josif Stalin\" class=\"article-link-person-page\" rel=\"nofollow noopener\" target=\"_blank\">Stalinin<\/a> aikaan teid\u00e4t olisi jo kyyditetty!<\/p>\n<p class=\"paragraph\">Kun tekniikka saatiin j\u00e4lleen hetkeksi toimimaan, Solovjov uhkasi jo tutuksi tulleeseen tyyliins\u00e4 l\u00e4ntt\u00e4 Ven\u00e4j\u00e4n iskuilla.<\/p>\n<p class=\"paragraph\">\u2013 Isku Britannian alueelle, erityisesti sen saariluonteen vuoksi, palauttaisi monet j\u00e4rkiins\u00e4, Solovjov uhosi.<\/p>\n<p class=\"paragraph\">Propagandistin onni kuitenkin k\u00e4\u00e4ntyi pian ja yhteydet pettiv\u00e4t j\u00e4lleen, jolloin Putinin torveksi kutsutulta Solovjovilta meni lopullisesti vati nurin omiaan kohtaan.<\/p>\n<p class=\"paragraph\">\u2013 Se mit\u00e4 te teette, sit\u00e4 kutsutaan sabotaasiksi.<\/p>\n","protected":false},"excerpt":{"rendered":"Vladimir Solovjov menetti hermonsa suorassa l\u00e4hetyksess\u00e4. Vladimir Solovjov on ven\u00e4l\u00e4inen propagandisti. AOP Ven\u00e4j\u00e4n tunnetuimpiin propagandisteihin kuuluva Vladimir Solovjov&hellip;\n","protected":false},"author":2,"featured_media":85641,"comment_status":"","ping_status":"","sticky":false,"template":"","format":"standard","meta":{"footnotes":""},"categories":[5],"tags":[35,22,23,26,27,33,31,30,17,24,25,28,29,15,18,21,142,637,32,19,20,860,16,1262,1665],"class_list":{"0":"post-85640","1":"post","2":"type-post","3":"status-publish","4":"format-standard","5":"has-post-thumbnail","7":"category-otsikot","8":"tag-24h","9":"tag-breaking-news","10":"tag-breakingnews","11":"tag-featured-news","12":"tag-featurednews","13":"tag-fi","14":"tag-finland","15":"tag-finnish","16":"tag-headlines","17":"tag-latest-news","18":"tag-latestnews","19":"tag-main-news","20":"tag-mainnews","21":"tag-news","22":"tag-otsikot","23":"tag-paauutiset","24":"tag-poliitikot","25":"tag-politiikka","26":"tag-suomi","27":"tag-top-stories","28":"tag-topstories","29":"tag-tyoelama","30":"tag-uutiset","31":"tag-venajan-politiikka","32":"tag-venalaiset-poliitikot"},"share_on_mastodon":{"url":"https:\/\/pubeurope.com\/@fi\/115521242010991037","error":""},"_links":{"self":[{"href":"https:\/\/www.europesays.com\/fi\/wp-json\/wp\/v2\/posts\/85640","targetHints":{"allow":["GET"]}}],"collection":[{"href":"https:\/\/www.europesays.com\/fi\/wp-json\/wp\/v2\/posts"}],"about":[{"href":"https:\/\/www.europesays.com\/fi\/wp-json\/wp\/v2\/types\/post"}],"author":[{"embeddable":true,"href":"https:\/\/www.europesays.com\/fi\/wp-json\/wp\/v2\/users\/2"}],"replies":[{"embeddable":true,"href":"https:\/\/www.europesays.com\/fi\/wp-json\/wp\/v2\/comments?post=85640"}],"version-history":[{"count":0,"href":"https:\/\/www.europesays.com\/fi\/wp-json\/wp\/v2\/posts\/85640\/revisions"}],"wp:featuredmedia":[{"embeddable":true,"href":"https:\/\/www.europesays.com\/fi\/wp-json\/wp\/v2\/media\/85641"}],"wp:attachment":[{"href":"https:\/\/www.europesays.com\/fi\/wp-json\/wp\/v2\/media?parent=85640"}],"wp:term":[{"taxonomy":"category","embeddable":true,"href":"https:\/\/www.europesays.com\/fi\/wp-json\/wp\/v2\/categories?post=85640"},{"taxonomy":"post_tag","embeddable":true,"href":"https:\/\/www.europesays.com\/fi\/wp-json\/wp\/v2\/tags?post=85640"}],"curies":[{"name":"wp","href":"https:\/\/api.w.org\/{rel}","templated":true}]}}