{"id":85711,"date":"2025-11-09T20:31:11","date_gmt":"2025-11-09T20:31:11","guid":{"rendered":"https:\/\/www.europesays.com\/fi\/85711\/"},"modified":"2025-11-09T20:31:11","modified_gmt":"2025-11-09T20:31:11","slug":"ministeri-julkaisi-iloisen-kuvan-siina-on-kuitenkin-yksityiskohta-jota-ei-valttamatta-heti-huomaa","status":"publish","type":"post","link":"https:\/\/www.europesays.com\/fi\/85711\/","title":{"rendered":"Ministeri julkaisi iloisen kuvan \u2013 Siin\u00e4 on kuitenkin yksityiskohta, jota ei v\u00e4ltt\u00e4m\u00e4tt\u00e4 heti huomaa"},"content":{"rendered":"<p><img decoding=\"async\" class=\"image image-show image-preview\" src=\"https:\/\/www.europesays.com\/fi\/wp-content\/uploads\/2025\/11\/b69971fb0ab568cb8951e5eb79984012aa1417880d77c85730b2e840a82f8f6a.jpg\" alt=\"\"\/><img decoding=\"async\" class=\"image image-show\" src=\"https:\/\/www.europesays.com\/fi\/wp-content\/uploads\/2025\/11\/1762720271_821_b69971fb0ab568cb8951e5eb79984012aa1417880d77c85730b2e840a82f8f6a.jpg\" alt=\"\"\/><\/p>\n<p>Kokoomuksen ty\u00f6ministeri Matias Marttinen julkaisi kuvan tet-harjoittelijansa kanssa. Tiina Somerpuro \/ KL<\/p>\n<p class=\"paragraph\">Ty\u00f6ministeri <strong>Matias Marttinen<\/strong> (kok) julkaisi perjantaina sosiaalisessa mediassa kuvan, joka n\u00e4ytt\u00e4\u00e4 r\u00e4ike\u00e4sti muokatulta.<\/p>\n<p class=\"paragraph\">Facebookissa ja Instagramissa julkaistussa kuvassa Marttinen poseeraa ty\u00f6huoneessa h\u00e4nt\u00e4 viikon seuranneen tet-harjoittelijan kanssa. Tet-harjoittelussa ollut tytt\u00f6 n\u00e4ytt\u00e4\u00e4 kuvassa normaalilta, mutta Marttisen kohdalla on useita outouksia.<\/p>\n<p class=\"paragraph\">Kuvassa Marttisen oikea jalka n\u00e4ytt\u00e4\u00e4 katkeavan ennen p\u00f6yd\u00e4n reunaa, ja h\u00e4nen p\u00e4\u00e4t\u00e4\u00e4n ymp\u00e4r\u00f6i vaalea \u00e4\u00e4riviiva. Lis\u00e4ksi lattia ja matto menev\u00e4t erikoiselle mutkalle Marttisen jalkojen takana, ja kuvassa on sumeita kohtia h\u00e4nen ymp\u00e4rill\u00e4\u00e4n.<\/p>\n<p class=\"paragraph\">Iltalehti ei sunnuntaina tavoittanut Marttista kommentoimaan asiaa.<\/p>\n<p class=\"paragraph\">Asiasta ensin uutisoineelle Ilta-Sanomille Marttisen esikunnasta <a href=\"https:\/\/www.is.fi\/politiikka\/art-2000011614550.html\" rel=\"noopener nofollow\" target=\"_blank\">vahvistetaan<\/a>, ett\u00e4 kuvaa on muokattu. Muokkaamisen syy on se, ett\u00e4 Marttisen avustaja otti tilanteesta kaksi valokuvaa, joissa kummassakaan molempien henkil\u00f6iden silm\u00e4t eiv\u00e4t olleet auki.<\/p>\n<p class=\"paragraph\">Niinp\u00e4 avustaja p\u00e4\u00e4tti yhdist\u00e4\u00e4 kaksi kuvaa yhdeksi, Marttisen esikunnasta kerrotaan lehdelle. Esikunnan mukaan kuvan julkaissut Marttinen tai muut h\u00e4nen avustajansa eiv\u00e4t tienneet kuvan k\u00e4sittelemisest\u00e4.<\/p>\n<p class=\"paragraph\">Marttisen esikunnan mukaan kuvan k\u00e4sittely oli virhe, ja he pahoittelevat tilannetta.<\/p>\n<p class=\"paragraph\">Kuvan poistamiseen virhe ei kuitenkaan n\u00e4yt\u00e4 johtaneen, vaan se on sunnuntai-iltana edelleen n\u00e4ht\u00e4viss\u00e4 ministerin sosiaalisen median sivuilla.<\/p>\n<p>Matias Marttisen julkaisemassa kuvassa on useita outouksia. Tet-harjoittelussa ollut tytt\u00f6 rajattu pois kuvasta.  Matias Marttisen Facebook-sivu<\/p>\n","protected":false},"excerpt":{"rendered":"Kokoomuksen ty\u00f6ministeri Matias Marttinen julkaisi kuvan tet-harjoittelijansa kanssa. Tiina Somerpuro \/ KL Ty\u00f6ministeri Matias Marttinen (kok) julkaisi perjantaina&hellip;\n","protected":false},"author":2,"featured_media":85712,"comment_status":"","ping_status":"","sticky":false,"template":"","format":"standard","meta":{"footnotes":""},"categories":[14],"tags":[35,22,23,26,27,33,31,30,17,24,25,28,29,1616,15,18,21,637,888,885,887,32,19,20,56,16,59,60,61],"class_list":{"0":"post-85711","1":"post","2":"type-post","3":"status-publish","4":"format-standard","5":"has-post-thumbnail","7":"category-ulkomaat","8":"tag-24h","9":"tag-breaking-news","10":"tag-breakingnews","11":"tag-featured-news","12":"tag-featurednews","13":"tag-fi","14":"tag-finland","15":"tag-finnish","16":"tag-headlines","17":"tag-latest-news","18":"tag-latestnews","19":"tag-main-news","20":"tag-mainnews","21":"tag-media-viestinta","22":"tag-news","23":"tag-otsikot","24":"tag-paauutiset","25":"tag-politiikka","26":"tag-suomalaiset-poliitikot","27":"tag-suomen-poliittiset-puolueet","28":"tag-suomen-politiikka","29":"tag-suomi","30":"tag-top-stories","31":"tag-topstories","32":"tag-ulkomaat","33":"tag-uutiset","34":"tag-world","35":"tag-world-news","36":"tag-worldnews"},"share_on_mastodon":{"url":"https:\/\/pubeurope.com\/@fi\/115521643248155181","error":""},"_links":{"self":[{"href":"https:\/\/www.europesays.com\/fi\/wp-json\/wp\/v2\/posts\/85711","targetHints":{"allow":["GET"]}}],"collection":[{"href":"https:\/\/www.europesays.com\/fi\/wp-json\/wp\/v2\/posts"}],"about":[{"href":"https:\/\/www.europesays.com\/fi\/wp-json\/wp\/v2\/types\/post"}],"author":[{"embeddable":true,"href":"https:\/\/www.europesays.com\/fi\/wp-json\/wp\/v2\/users\/2"}],"replies":[{"embeddable":true,"href":"https:\/\/www.europesays.com\/fi\/wp-json\/wp\/v2\/comments?post=85711"}],"version-history":[{"count":0,"href":"https:\/\/www.europesays.com\/fi\/wp-json\/wp\/v2\/posts\/85711\/revisions"}],"wp:featuredmedia":[{"embeddable":true,"href":"https:\/\/www.europesays.com\/fi\/wp-json\/wp\/v2\/media\/85712"}],"wp:attachment":[{"href":"https:\/\/www.europesays.com\/fi\/wp-json\/wp\/v2\/media?parent=85711"}],"wp:term":[{"taxonomy":"category","embeddable":true,"href":"https:\/\/www.europesays.com\/fi\/wp-json\/wp\/v2\/categories?post=85711"},{"taxonomy":"post_tag","embeddable":true,"href":"https:\/\/www.europesays.com\/fi\/wp-json\/wp\/v2\/tags?post=85711"}],"curies":[{"name":"wp","href":"https:\/\/api.w.org\/{rel}","templated":true}]}}