{"id":85721,"date":"2025-11-09T20:49:08","date_gmt":"2025-11-09T20:49:08","guid":{"rendered":"https:\/\/www.europesays.com\/fi\/85721\/"},"modified":"2025-11-09T20:49:08","modified_gmt":"2025-11-09T20:49:08","slug":"bruce-springsteen-haukkui-fanien-odottaman-levyn-hyvasta-syysta","status":"publish","type":"post","link":"https:\/\/www.europesays.com\/fi\/85721\/","title":{"rendered":"Bruce Springsteen haukkui fanien odottaman levyn hyv\u00e4st\u00e4 syyst\u00e4"},"content":{"rendered":"<p class=\"article-body mb-nof-24 px-nof-16\">Bruce <a class=\"article-personlink\" href=\"https:\/\/www.hs.fi\/haku\/?query=Springsteenin\" rel=\"nofollow noopener\" target=\"_blank\">Springsteenin<\/a> uusi levyjulkaisu ja h\u00e4nest\u00e4 kertova elokuva julkaistiin lokakuussa l\u00e4hes samaan aikaan, eik\u00e4 ihme.<\/p>\n<p class=\"article-body mb-nof-24 px-nof-16\">Deliver Me from Nowhere -elokuva taustoittaa nelj\u00e4n levyn Nebraska \u201982 Expanded Edition -kokonaisuutta, joka puolestaan taustoittaa Nebraska-levyn tekemisest\u00e4 kertovaa elokuvaa.<\/p>\n<p class=\"article-body mb-nof-24 px-nof-16\">Ristiinmainonta on my\u00f6s harvinaisen rehellist\u00e4.<\/p>\n","protected":false},"excerpt":{"rendered":"Bruce Springsteenin uusi levyjulkaisu ja h\u00e4nest\u00e4 kertova elokuva julkaistiin lokakuussa l\u00e4hes samaan aikaan, eik\u00e4 ihme. Deliver Me from&hellip;\n","protected":false},"author":2,"featured_media":85722,"comment_status":"","ping_status":"","sticky":false,"template":"","format":"standard","meta":{"footnotes":""},"categories":[132],"tags":[137,33,31,30,46,195,47,32,109],"class_list":{"0":"post-85721","1":"post","2":"type-post","3":"status-publish","4":"format-standard","5":"has-post-thumbnail","7":"category-musiikki","8":"tag-entertainment","9":"tag-fi","10":"tag-finland","11":"tag-finnish","12":"tag-helsingin-sanomat","13":"tag-music","14":"tag-musiikki","15":"tag-suomi","16":"tag-viihde"},"share_on_mastodon":{"url":"https:\/\/pubeurope.com\/@fi\/115521713799363335","error":""},"_links":{"self":[{"href":"https:\/\/www.europesays.com\/fi\/wp-json\/wp\/v2\/posts\/85721","targetHints":{"allow":["GET"]}}],"collection":[{"href":"https:\/\/www.europesays.com\/fi\/wp-json\/wp\/v2\/posts"}],"about":[{"href":"https:\/\/www.europesays.com\/fi\/wp-json\/wp\/v2\/types\/post"}],"author":[{"embeddable":true,"href":"https:\/\/www.europesays.com\/fi\/wp-json\/wp\/v2\/users\/2"}],"replies":[{"embeddable":true,"href":"https:\/\/www.europesays.com\/fi\/wp-json\/wp\/v2\/comments?post=85721"}],"version-history":[{"count":0,"href":"https:\/\/www.europesays.com\/fi\/wp-json\/wp\/v2\/posts\/85721\/revisions"}],"wp:featuredmedia":[{"embeddable":true,"href":"https:\/\/www.europesays.com\/fi\/wp-json\/wp\/v2\/media\/85722"}],"wp:attachment":[{"href":"https:\/\/www.europesays.com\/fi\/wp-json\/wp\/v2\/media?parent=85721"}],"wp:term":[{"taxonomy":"category","embeddable":true,"href":"https:\/\/www.europesays.com\/fi\/wp-json\/wp\/v2\/categories?post=85721"},{"taxonomy":"post_tag","embeddable":true,"href":"https:\/\/www.europesays.com\/fi\/wp-json\/wp\/v2\/tags?post=85721"}],"curies":[{"name":"wp","href":"https:\/\/api.w.org\/{rel}","templated":true}]}}