{"id":85761,"date":"2025-11-09T21:44:08","date_gmt":"2025-11-09T21:44:08","guid":{"rendered":"https:\/\/www.europesays.com\/fi\/85761\/"},"modified":"2025-11-09T21:44:08","modified_gmt":"2025-11-09T21:44:08","slug":"hs-hjkn-fanien-hairikointiin-paattyneessa-veikkausliigan-huipennuksessa-takavarikoitiin-katsojalta-drooni-uutisia-lyhyesti","status":"publish","type":"post","link":"https:\/\/www.europesays.com\/fi\/85761\/","title":{"rendered":"HS: HJK:n fanien h\u00e4irik\u00f6intiin p\u00e4\u00e4ttyneess\u00e4 Veikkausliigan huipennuksessa takavarikoitiin katsojalta drooni | Uutisia lyhyesti"},"content":{"rendered":"<p class=\"aw-1gybjub aw-5vja16 kEtdKx kmuxyA yle__article__paragraph\">Poliisin mukaan ottelusta tehd\u00e4\u00e4n useita rikosilmoituksia, mutta ei jokaisesta ilotulitteesta erikseen.<\/p>\n<p><img decoding=\"async\" alt=\"Soihdut palaa HJK:n kannattajien p\u00e4\u00e4dyss\u00e4 KuPS-ottelussa.\" src=\"https:\/\/www.europesays.com\/fi\/wp-content\/uploads\/2025\/11\/39-1550929691096c7401a6.jpeg\" class=\"aw-1l9m598 hKVVvP\"\/><\/p>\n<p>Avaa kuvien katselu<\/p>\n<p>Soihdut syttyiv\u00e4t HJK:n kannattajap\u00e4\u00e4dyss\u00e4 heti ottelun alkuminuuteilla. Kuva: Mikko Stig \/ Lehtikuva<\/p>\n<p class=\"aw-1gybjub aw-1p7kakr kEtdKx cEmitX yle__article__paragraph\">Poliisi puuttui HJK:n ja KuPSin kauden p\u00e4\u00e4t\u00f6sotteluun, kun HJK:n kannattajat h\u00e4irik\u00f6iv\u00e4t Bolt-areenalla Helsingiss\u00e4 k\u00e4ytt\u00e4m\u00e4ll\u00e4 ilotulitteita ja soihtuja.<\/p>\n<p class=\"aw-1gybjub aw-1p7kakr kEtdKx cEmitX yle__article__paragraph\">Heti ottelun alussa HJK:n kannattajap\u00e4\u00e4dyss\u00e4 sytytettiin <a class=\"aw-iao6s4 iHOxEa yle__article__link\" href=\"https:\/\/yle.fi\/a\/74-20193004\" role=\"link\" rel=\"nofollow noopener\" target=\"_blank\">suuri m\u00e4\u00e4r\u00e4 soihtuja sek\u00e4 ammuttiin paukkupommeja.<\/a><\/p>\n<p class=\"aw-1gybjub aw-1p7kakr kEtdKx cEmitX yle__article__paragraph\">Ottelu keskeytettiin kahdesti h\u00e4iri\u00f6k\u00e4ytt\u00e4ytymisen vuoksi, ja tapahtumasta tehtiin rikosilmoituksia. Poliisi takavarikoi katsojalta my\u00f6s droonin, johon oli kiinnitetty pyrotekninen laite.<\/p>\n<p class=\"aw-1gybjub aw-1p7kakr kEtdKx cEmitX yle__article__paragraph\">Poliisi ei osaa arvioida syyt\u00e4 miksi drooni oli tuotu katsomoon. Komisario <strong class=\"aw-ak79eh KyCXm yle__article__strong\">Andreas Gr\u00f6nman<\/strong> <a class=\"aw-iao6s4 iHOxEa yle__article__link\" href=\"https:\/\/www.hs.fi\/urheilu\/art-2000011615183.html\" role=\"link\" rel=\"nofollow noopener\" target=\"_blank\">kertoi Helsingin Sanomille, ett\u00e4 oli t\u00e4rke\u00e4\u00e4 saada drooni pois katsomosta.<\/a><\/p>\n<p class=\"aw-1gybjub aw-1p7kakr kEtdKx cEmitX yle__article__paragraph\">Komisario Gr\u00f6nmanin mukaan ottelusta tehd\u00e4\u00e4n useita rikosilmoituksia, mutta ei jokaisesta ilotulitteesta erikseen. Tapaturmia ei tiett\u00e4v\u00e4sti sattunut, mutta selvitykset ja tallenteiden tarkastelu jatkuvat alkavalla viikolla.<\/p>\n","protected":false},"excerpt":{"rendered":"Poliisin mukaan ottelusta tehd\u00e4\u00e4n useita rikosilmoituksia, mutta ei jokaisesta ilotulitteesta erikseen. Avaa kuvien katselu Soihdut syttyiv\u00e4t HJK:n kannattajap\u00e4\u00e4dyss\u00e4&hellip;\n","protected":false},"author":2,"featured_media":85762,"comment_status":"","ping_status":"","sticky":false,"template":"","format":"standard","meta":{"footnotes":""},"categories":[158],"tags":[33,31,30,43,17540,71,52,159,32,160,1168,45],"class_list":{"0":"post-85761","1":"post","2":"type-post","3":"status-publish","4":"format-standard","5":"has-post-thumbnail","7":"category-urheilu","8":"tag-fi","9":"tag-finland","10":"tag-finnish","11":"tag-jalkapallo","12":"tag-kayttaytymishairiot","13":"tag-kotimaa","14":"tag-poliisi","15":"tag-sports","16":"tag-suomi","17":"tag-urheilu","18":"tag-uusimaa","19":"tag-veikkausliiga"},"share_on_mastodon":{"url":"https:\/\/pubeurope.com\/@fi\/115521930273226532","error":""},"_links":{"self":[{"href":"https:\/\/www.europesays.com\/fi\/wp-json\/wp\/v2\/posts\/85761","targetHints":{"allow":["GET"]}}],"collection":[{"href":"https:\/\/www.europesays.com\/fi\/wp-json\/wp\/v2\/posts"}],"about":[{"href":"https:\/\/www.europesays.com\/fi\/wp-json\/wp\/v2\/types\/post"}],"author":[{"embeddable":true,"href":"https:\/\/www.europesays.com\/fi\/wp-json\/wp\/v2\/users\/2"}],"replies":[{"embeddable":true,"href":"https:\/\/www.europesays.com\/fi\/wp-json\/wp\/v2\/comments?post=85761"}],"version-history":[{"count":0,"href":"https:\/\/www.europesays.com\/fi\/wp-json\/wp\/v2\/posts\/85761\/revisions"}],"wp:featuredmedia":[{"embeddable":true,"href":"https:\/\/www.europesays.com\/fi\/wp-json\/wp\/v2\/media\/85762"}],"wp:attachment":[{"href":"https:\/\/www.europesays.com\/fi\/wp-json\/wp\/v2\/media?parent=85761"}],"wp:term":[{"taxonomy":"category","embeddable":true,"href":"https:\/\/www.europesays.com\/fi\/wp-json\/wp\/v2\/categories?post=85761"},{"taxonomy":"post_tag","embeddable":true,"href":"https:\/\/www.europesays.com\/fi\/wp-json\/wp\/v2\/tags?post=85761"}],"curies":[{"name":"wp","href":"https:\/\/api.w.org\/{rel}","templated":true}]}}