{"id":85788,"date":"2025-11-09T22:29:08","date_gmt":"2025-11-09T22:29:08","guid":{"rendered":"https:\/\/www.europesays.com\/fi\/85788\/"},"modified":"2025-11-09T22:29:08","modified_gmt":"2025-11-09T22:29:08","slug":"diandra-kertoo-synestesiastaan-ilta-sanomat","status":"publish","type":"post","link":"https:\/\/www.europesays.com\/fi\/85788\/","title":{"rendered":"Diandra kertoo synestesiastaan &#8211; Ilta-Sanomat"},"content":{"rendered":"<p>Laulajalta l\u00f6ytyv\u00e4\u00e4 ominaisuutta esiintyy arviolta yhdell\u00e4 ihmisell\u00e4 2\u202f000:sta. Se on luonnollinen tapa aivoille k\u00e4sitell\u00e4 aistitietoa.<\/p>\n<p>9.11. 18:00<\/p>\n<p class=\"article-body mb-nof-24 px-nof-16\">Diandra n\u00e4kee musiikin v\u00e4rein\u00e4 ja muotoina. H\u00e4n my\u00f6s kokee kirjaimet eri v\u00e4reiss\u00e4.<\/p>\n<p class=\"article-body mb-nof-24 px-nof-16\">Kyseess\u00e4 on synestesia.<\/p>\n<p class=\"article-body mb-nof-24 px-nof-16\">Synestesia on neurologinen ilmi\u00f6, jossa yhden aistin laukaisema \u00e4rsyke her\u00e4tt\u00e4\u00e4 automaattisesti \u2013 ja tahdosta riippumatta \u2013 toisen aistimuksen. Henkil\u00f6 saattaa n\u00e4hd\u00e4 \u00e4\u00e4net v\u00e4rein\u00e4, maut saavat muodon tai hajut v\u00e4rin.<\/p>\n<p class=\"article-body mb-nof-24 px-nof-16\">Diandra katselee toimittajan l\u00e4pp\u00e4rin kannessa olevaa vihre\u00e4\u00e4 Misfits-yhtyeen tarraa.<\/p>\n<p class=\"article-body mb-nof-24 px-nof-16\">\u2013\u2009Tuo vihre\u00e4 ei ole vihre\u00e4, koska m-kirjain on punainen ja s-kirjain keltainen, h\u00e4n kertoo.<\/p>\n<p class=\"article-body mb-nof-24 px-nof-16\">Diandra n\u00e4kee kirjaimet aina samoissa v\u00e4reiss\u00e4, vaikka niiden konteksti muuttuisi.<\/p>\n<p class=\"article-body mb-nof-24 px-nof-16\">\u2013\u2009Jos mietit\u00e4\u00e4n, niin siin\u00e4 on pient\u00e4 vaihtelua. Siiri-sanan s on keltaisempi kuin joku toinen s, vaikkapa Senja.<\/p>\n<p class=\"article-body mb-nof-24 px-nof-16\">Diandra kuvailee v\u00e4rien n\u00e4kemist\u00e4 er\u00e4\u00e4nlaiseksi vesiv\u00e4ri\u00admaalaukseksi, jossa v\u00e4rit sekoittuvat iloisesti kesken\u00e4\u00e4n luoden erilaisia kerrostumia. H\u00e4n my\u00f6s erottaa oikeat v\u00e4rit.<\/p>\n<p class=\"article-body mb-nof-24 px-nof-16\">Synestesiasta on apua vaikkapa lukemattomien sanoitusten opettelemisessa.<\/p>\n<p class=\"article-body mb-nof-24 px-nof-16\">\u2013\u2009Tied\u00e4n aina, mill\u00e4 muodolla ja v\u00e4rill\u00e4 joku s\u00e4keist\u00f6 alkaa. Ahaa, nyt l\u00e4hdet\u00e4\u00e4n vaaleanpunaisella liikkeelle.<\/p>\n<p class=\"article-body mb-nof-24 px-nof-16\">S\u00e4velt\u00e4jiss\u00e4 ja muusikoissa uskotaan olevan paljon synesteetikkoja. Heist\u00e4 tunnetuimpia ovat <a class=\"article-personlink\" href=\"https:\/\/www.is.fi\/haku\/?query=Olivier%20Messiaen\" rel=\"nofollow noopener\" target=\"_blank\">Olivier Messiaen<\/a>, <a class=\"article-personlink\" href=\"https:\/\/www.is.fi\/haku\/?query=Franz%20Liszt\" rel=\"nofollow noopener\" target=\"_blank\">Franz Liszt<\/a>, <a class=\"article-personlink\" href=\"https:\/\/www.is.fi\/haku\/?query=Jean%20Sibelius\" rel=\"nofollow noopener\" target=\"_blank\">Jean Sibelius<\/a> ja <a class=\"article-personlink\" href=\"https:\/\/www.is.fi\/haku\/?query=Duke%20Ellington\" rel=\"nofollow noopener\" target=\"_blank\">Duke Ellington<\/a>.<\/p>\n","protected":false},"excerpt":{"rendered":"Laulajalta l\u00f6ytyv\u00e4\u00e4 ominaisuutta esiintyy arviolta yhdell\u00e4 ihmisell\u00e4 2\u202f000:sta. Se on luonnollinen tapa aivoille k\u00e4sitell\u00e4 aistitietoa. 9.11. 18:00 Diandra&hellip;\n","protected":false},"author":2,"featured_media":85789,"comment_status":"","ping_status":"","sticky":false,"template":"","format":"standard","meta":{"footnotes":""},"categories":[136],"tags":[407,137,33,31,30,34,408,32,109],"class_list":{"0":"post-85788","1":"post","2":"type-post","3":"status-publish","4":"format-standard","5":"has-post-thumbnail","7":"category-julkkikset","8":"tag-celebrities","9":"tag-entertainment","10":"tag-fi","11":"tag-finland","12":"tag-finnish","13":"tag-ilta-sanomat","14":"tag-julkkikset","15":"tag-suomi","16":"tag-viihde"},"share_on_mastodon":{"url":"https:\/\/pubeurope.com\/@fi\/115522107014927183","error":""},"_links":{"self":[{"href":"https:\/\/www.europesays.com\/fi\/wp-json\/wp\/v2\/posts\/85788","targetHints":{"allow":["GET"]}}],"collection":[{"href":"https:\/\/www.europesays.com\/fi\/wp-json\/wp\/v2\/posts"}],"about":[{"href":"https:\/\/www.europesays.com\/fi\/wp-json\/wp\/v2\/types\/post"}],"author":[{"embeddable":true,"href":"https:\/\/www.europesays.com\/fi\/wp-json\/wp\/v2\/users\/2"}],"replies":[{"embeddable":true,"href":"https:\/\/www.europesays.com\/fi\/wp-json\/wp\/v2\/comments?post=85788"}],"version-history":[{"count":0,"href":"https:\/\/www.europesays.com\/fi\/wp-json\/wp\/v2\/posts\/85788\/revisions"}],"wp:featuredmedia":[{"embeddable":true,"href":"https:\/\/www.europesays.com\/fi\/wp-json\/wp\/v2\/media\/85789"}],"wp:attachment":[{"href":"https:\/\/www.europesays.com\/fi\/wp-json\/wp\/v2\/media?parent=85788"}],"wp:term":[{"taxonomy":"category","embeddable":true,"href":"https:\/\/www.europesays.com\/fi\/wp-json\/wp\/v2\/categories?post=85788"},{"taxonomy":"post_tag","embeddable":true,"href":"https:\/\/www.europesays.com\/fi\/wp-json\/wp\/v2\/tags?post=85788"}],"curies":[{"name":"wp","href":"https:\/\/api.w.org\/{rel}","templated":true}]}}