{"id":85821,"date":"2025-11-09T23:29:14","date_gmt":"2025-11-09T23:29:14","guid":{"rendered":"https:\/\/www.europesays.com\/fi\/85821\/"},"modified":"2025-11-09T23:29:14","modified_gmt":"2025-11-09T23:29:14","slug":"tv-katsojat-puolustavat-kake-randelinin-kaytosta-elamani-biisisssa","status":"publish","type":"post","link":"https:\/\/www.europesays.com\/fi\/85821\/","title":{"rendered":"Tv-katsojat puolustavat Kake Randelinin k\u00e4yt\u00f6st\u00e4 El\u00e4m\u00e4ni biisisss\u00e4"},"content":{"rendered":"<p class=\"has-drop-cap\"><strong><a href=\"https:\/\/www.tanssiin.fi\/tag\/kake-randelin\/\" title=\"kake randelin\" rel=\"nofollow noopener\" target=\"_blank\">Kake Randelin<\/a><\/strong>, 70, n\u00e4htiin vieraana Ylen suositussa El\u00e4m\u00e4ni biisi -musiikkiohjelmassa lauantai-iltana, 8. marraskuuta.<\/p>\n<p>Iskelm\u00e4t\u00e4hden lis\u00e4ksi kauden toiseksi viimeisess\u00e4 El\u00e4m\u00e4ni biisi -jaksossa olivat vieraina\u00a0<strong>Anni Penttil\u00e4<\/strong>,\u00a0<strong>Henriikka R\u00f6nkk\u00f6nen<\/strong>,\u00a0<strong>Mikko \u201dPeltsi\u201d Peltola\u00a0<\/strong>ja\u00a0<strong>Samppa Batal.<\/strong><\/p>\n<p>Kaken eloisa olemus on her\u00e4tt\u00e4nyt kohua ainakin somessa ja iltap\u00e4iv\u00e4lehdist\u00f6ss\u00e4. <a href=\"https:\/\/www.is.fi\/viihde\/art-2000011614044.html\" title=\"\" rel=\"nofollow noopener\" target=\"_blank\">Ilta-Sanomien<\/a> mukaan Kake \u201dhieman takelteli sanoissaan ja muutkin ohjelman vieraat kiinnittiv\u00e4t huomiota siihen, kun Randelin alkoi kesken kappaleen soittaa \u201dilmaviulua\u201d.\u201d<\/p>\n<p>Olipa somessa esitetty arvailuja esiintyj\u00e4n kunnostakin.<\/p>\n<p>\u201dOnkos h\u00e4n huppelissa?\u201d yksi tv-katsoja aprikoi Facebookissa.<\/p>\n<p>\u201dEn ole n\u00e4hnyt h\u00e4nen aiemmin puhuvan, joten ei ole vertailukohtaa. Silti vaikutti, kuin olisi ollut k\u00e4nniss\u00e4. Mutta saattaa olla siis ihan selvinp\u00e4inkin tuollainen\u201d, toinen mietti.<\/p>\n<p><strong>Lue my\u00f6s: <\/strong><a href=\"https:\/\/www.tanssiin.fi\/kake-randelin-paljastaa-elamansa-biisin-tvssa\/\" title=\"Kake Randelin paljastaa el\u00e4m\u00e4ns\u00e4 biisin tv:ss\u00e4\" rel=\"nofollow noopener\" target=\"_blank\">Kake Randelin paljastaa el\u00e4m\u00e4ns\u00e4 biisin tv:ss\u00e4<\/a><\/p>\n<p>\u201dPit\u00e4isk\u00f6 p\u00f6n\u00f6tt\u00e4\u00e4 paikoillaan\u2026\u201d<\/p>\n<p>Kaken fanit ja suuri yleis\u00f6 tuntuu olevan toista mielt\u00e4. Sadat tv-katsojat kommentoivat asiaa sosiaalisessa mediassa ja puolustavat Kaken k\u00e4yt\u00f6st\u00e4.<\/p>\n<p>\u201dKyll\u00e4 n\u00e4k\u00f6j\u00e4\u00e4n pit\u00e4is pit\u00e4\u00e4 naamat peruslukemilla, ettei oudoksuta kanssaihmisi\u00e4. Ilmaviulu n\u00e4ytt\u00e4is olevan kamalinta , mit\u00e4 voi tehd\u00e4\u201d, yksi kirjoittaa.<\/p>\n<p>\u201dNo voi sent\u00e4\u00e4n! Pit\u00e4isk\u00f6 p\u00f6n\u00f6tt\u00e4\u00e4 paikoillaan ja olla kuin puunukke. Hyv\u00e4 Kake ett\u00e4 olet el\u00e4v\u00e4 ihminen ja n\u00e4yt\u00e4t sen.\u201d<\/p>\n<p>\u201dHah,hah, kyll\u00e4 nyt k\u00e4yt\u00f6skukkaset ovat raivoissaan kun kaikkien meid\u00e4n maalaisten rakastama Kake ei osannut k\u00e4ytt\u00e4yty\u00e4 heille j\u00e4yk\u00e4n soveliaasti.\u201d<\/p>\n<blockquote>\n<p>\u201dAntaa Kaken soitella ilmaviulua!\u201d<\/p>\n<\/blockquote>\n<p>\u201dEi mit\u00e4\u00e4n ihmeellist\u00e4, ihan normaalia.\u201d<\/p>\n<p>\u201dMit\u00e4 sitten!!!? Antaa Kaken soitella ilmaviulua! Minua ei ainakan h\u00e4irinnyt! P\u00e4invastoin!\u201d<\/p>\n<p>\u201dVoi hyv\u00e4\u00e4 p\u00e4iv\u00e4\u00e4!\u201d<\/p>\n<p>Kake ei itse ole kommentoinut \u201dkohua\u201d lainkaan.<\/p>\n<p>Randelinin El\u00e4m\u00e4ni biisi oli muuten <strong>Pepe Ahlqvist<\/strong> H.A.R.P. -yhteen vuoden 1989 hitit Back to the River.<\/p>\n<p>Kaken El\u00e4m\u00e4ni biisi -jakson voi katsoa <a href=\"https:\/\/areena.yle.fi\/1-74282704?utm_medium=social&amp;utm_campaign=areena-web-share&amp;utm_source=copy-link-share\" title=\"\" rel=\"nofollow noopener\" target=\"_blank\">t\u00e4st\u00e4 (Yle Areena)<\/a>.<\/p>\n<p>Kirjoittanut:<br \/>\n<img loading=\"lazy\" data-lazyloaded=\"1\" width=\"512\" height=\"512\" decoding=\"async\" class=\"aioseo-author-image\" src=\"https:\/\/www.europesays.com\/fi\/wp-content\/uploads\/2025\/10\/cropped-tanssiin-logo.jpg\" alt=\"author avatar\"\/><\/p>\n<p>Tanssiin.fi<\/p>\n<p>\nTanssi- ja iskelm\u00e4musiikin uutiset asiantuntevasti.<\/p>\n<p><img loading=\"lazy\" decoding=\"async\" data-lazyloaded=\"1\" width=\"512\" height=\"512\" class=\"aioseo-author-bio-compact-image\" src=\"https:\/\/www.europesays.com\/fi\/wp-content\/uploads\/2025\/10\/cropped-tanssiin-logo.jpg\" alt=\"author avatar\"\/><br \/>\nTanssi- ja iskelm\u00e4musiikin uutiset asiantuntevasti.<\/p>\n<p>71%<br \/>\nHerkk\u00e4<\/p>\n<p>0%<br \/>\nHauska<\/p>\n<p>14%<br \/>\nVau<\/p>\n<p>14%<br \/>\nSurullinen<\/p>\n<p>0%<br \/>\nVihainen\n<\/p>\n<p>Post navigation<\/p>\n","protected":false},"excerpt":{"rendered":"Kake Randelin, 70, n\u00e4htiin vieraana Ylen suositussa El\u00e4m\u00e4ni biisi -musiikkiohjelmassa lauantai-iltana, 8. marraskuuta. Iskelm\u00e4t\u00e4hden lis\u00e4ksi kauden toiseksi viimeisess\u00e4&hellip;\n","protected":false},"author":2,"featured_media":85822,"comment_status":"","ping_status":"","sticky":false,"template":"","format":"standard","meta":{"footnotes":""},"categories":[130],"tags":[2632,137,33,31,30,10863,2343,1077,17542,2341,32,4049,156,16,109],"class_list":{"0":"post-85821","1":"post","2":"type-post","3":"status-publish","4":"format-standard","5":"has-post-thumbnail","7":"category-viihde","8":"tag-elamani-biisi","9":"tag-entertainment","10":"tag-fi","11":"tag-finland","12":"tag-finnish","13":"tag-kake-randelin","14":"tag-kaytos","15":"tag-media","16":"tag-olemus","17":"tag-some","18":"tag-suomi","19":"tag-tanssitahdet","20":"tag-tv","21":"tag-uutiset","22":"tag-viihde"},"share_on_mastodon":{"url":"https:\/\/pubeurope.com\/@fi\/115522343112294639","error":""},"_links":{"self":[{"href":"https:\/\/www.europesays.com\/fi\/wp-json\/wp\/v2\/posts\/85821","targetHints":{"allow":["GET"]}}],"collection":[{"href":"https:\/\/www.europesays.com\/fi\/wp-json\/wp\/v2\/posts"}],"about":[{"href":"https:\/\/www.europesays.com\/fi\/wp-json\/wp\/v2\/types\/post"}],"author":[{"embeddable":true,"href":"https:\/\/www.europesays.com\/fi\/wp-json\/wp\/v2\/users\/2"}],"replies":[{"embeddable":true,"href":"https:\/\/www.europesays.com\/fi\/wp-json\/wp\/v2\/comments?post=85821"}],"version-history":[{"count":0,"href":"https:\/\/www.europesays.com\/fi\/wp-json\/wp\/v2\/posts\/85821\/revisions"}],"wp:featuredmedia":[{"embeddable":true,"href":"https:\/\/www.europesays.com\/fi\/wp-json\/wp\/v2\/media\/85822"}],"wp:attachment":[{"href":"https:\/\/www.europesays.com\/fi\/wp-json\/wp\/v2\/media?parent=85821"}],"wp:term":[{"taxonomy":"category","embeddable":true,"href":"https:\/\/www.europesays.com\/fi\/wp-json\/wp\/v2\/categories?post=85821"},{"taxonomy":"post_tag","embeddable":true,"href":"https:\/\/www.europesays.com\/fi\/wp-json\/wp\/v2\/tags?post=85821"}],"curies":[{"name":"wp","href":"https:\/\/api.w.org\/{rel}","templated":true}]}}