{"id":85831,"date":"2025-11-09T23:47:10","date_gmt":"2025-11-09T23:47:10","guid":{"rendered":"https:\/\/www.europesays.com\/fi\/85831\/"},"modified":"2025-11-09T23:47:10","modified_gmt":"2025-11-09T23:47:10","slug":"sara-sieppi-esittelee-upean-raskaustyylinsa-yllatti-pyry-soirin","status":"publish","type":"post","link":"https:\/\/www.europesays.com\/fi\/85831\/","title":{"rendered":"Sara Sieppi esittelee upean raskaustyylins\u00e4 \u2013 yll\u00e4tti Pyry Soirin"},"content":{"rendered":"<p>\n            20230203, Helsinki. Emma Gaala 2023. Pyry Soiri ja Sara Sieppi.<br \/>\n            TIMO KORHONEN\n        <\/p>\n<p class=\"subtitle \">Sara ja Pyry s\u00e4teilev\u00e4t perheonnea is\u00e4np\u00e4iv\u00e4n\u00e4.<\/p>\n<p class=\"article-content article-content-width !bg-background\">Somevaikuttaja  esittelee ennenn\u00e4kem\u00e4t\u00f6nt\u00e4 raskaustyyli\u00e4\u00e4n.<\/p>\n<p class=\"font-weight-bold m-font-weight-bold article-content article-content-width !bg-background\">Video: Kuka flexaa nyt? Sara Sieppi.<\/p>\n<p class=\"article-content article-content-width !bg-background\">Uusimmassa <a href=\"https:\/\/www.instagram.com\/p\/DQ0_9RSjWxz\/\" target=\"_blank\" rel=\"nofollow noopener\">Instagram-julkaisussa<\/a> Sara ja h\u00e4nen rakkaansa  juhlistavat videolla is\u00e4np\u00e4iv\u00e4\u00e4.\u00a0<\/p>\n<p class=\"article-content article-content-width !bg-background\">Saralla on yll\u00e4\u00e4n valkoinen upea mekko. Korvia koristavat n\u00e4ytt\u00e4v\u00e4t hopeiset korvakorut.<\/p>\n<p class=\"article-content article-content-width !bg-background\">Pyry puolestaan poseeraa harmaassa puvussa, komea kello k\u00e4dess\u00e4\u00e4n.<\/p>\n<p class=\"article-content article-content-width !bg-background\">Kaksikko s\u00e4teilee onnea iloisessa julkaisussa.<\/p>\n<p class=\"article-content article-content-width !bg-background\">\u2013\u00a0Behind the scenes -tunnelmia meid\u00e4n kuvauksista. T\u00e4n\u00e4\u00e4n juhlitaan kaikkia isi\u00e4 &#8211; ja erityisesti t\u00e4t\u00e4 tulevaa is\u00e4\u00e4. Masuasukki l\u00e4hett\u00e4\u00e4 jo ensimm\u00e4iset is\u00e4np\u00e4iv\u00e4toivotuksensa. Meid\u00e4n pieni ei voisi saada parempaa roolimallia el\u00e4m\u00e4\u00e4ns\u00e4, Sara hehkuttaa.<\/p>\n<p class=\"article-content article-content-width !bg-background\">Samalla Sara muistaa t\u00e4n\u00e4\u00e4n kaikkia isi\u00e4 is\u00e4np\u00e4iv\u00e4n kunniaksi.<\/p>\n<p class=\"article-content article-content-width !bg-background\">\u2013 Hyv\u00e4\u00e4 is\u00e4np\u00e4iv\u00e4\u00e4 omalle is\u00e4lleni ja kaikille upeille isille! Erityiskiitos my\u00f6s \u00e4ideille, jotka kannatte is\u00e4n roolia &#8211; olette korvaamattomia. Ja l\u00e4mp\u00f6 ajatuksissa teille, joilla ei ole omia lapsia, mutta syd\u00e4n on t\u00e4ynn\u00e4 rakkautta ja v\u00e4litt\u00e4mist\u00e4, h\u00e4n p\u00e4\u00e4tt\u00e4\u00e4.<\/p>\n<p>        <a itemprop=\"url\" href=\"https:\/\/www.seiska.fi\/kotimaa\/sara-siepin-shokkivalinta\/1975051\" rel=\"nofollow noopener\" target=\"_blank\"><\/p>\n<p>\nSara Sieppi\n<\/p>\n<p class=\"section-date\">\n        <strong class=\"article-section\" data-section=\"kotimaa\"><br \/>\n            kotimaa<br \/>\n        <\/strong><br \/>\n        31.10. 05:00\n    <\/p>\n<p>Sara Siepin shokkivalinta!\n    <\/p>\n<p itemprop=\"description\" class=\"subtitle \">\n    Sara on kenties miljon\u00e4\u00e4ri, mutta kaiken ei aina tarvitse olla niin \u00f6ky\u00e4.\n<\/p>\n<p>        <\/a><\/p>\n<p>Ihana lahja<\/p>\n<p class=\"article-content article-content-width !bg-background\"><a href=\"https:\/\/www.instagram.com\/stories\/sarasieppi\/3761949091124069692\/\" target=\"_blank\" rel=\"nofollow noopener\">Instagram-tarinassaan<\/a> Sara puolestaan paljastaa lahjan, jonka on ostanut rakkaalleen. Tarina on esill\u00e4 vuorokauden ajan sen julkaisusta.<\/p>\n<p class=\"article-content article-content-width !bg-background\">Kuvassa on valkoinen muki, jossa on teksti\u00e4. Siin\u00e4 lukee:<\/p>\n<p class=\"article-content article-content-width !bg-background\">&#8221;Isi. T\u00e4n\u00e4 is\u00e4np\u00e4iv\u00e4n\u00e4 olen kietoutuneena \u00e4itin masuun, mutta ensi is\u00e4np\u00e4iv\u00e4n\u00e4 olen syliss\u00e4si. (\u00c4iti sanoo, ett\u00e4 se on parasta)&#8221;<\/p>\n<p class=\"article-content article-content-width !bg-background\">Sara on merkinnyt Pyryn mukaan kuvaan ja lis\u00e4nnyt per\u00e4\u00e4n punaisen syd\u00e4men.<\/p>\n<p>Odotettu uutinen<\/p>\n<p class=\"article-content article-content-width !bg-background\">Sara ja Pyry kertoivat iloisesta perheuutisesta lokakuussa.<\/p>\n<p class=\"article-content article-content-width !bg-background\">\u2013 Sinua on odotettu, Sara ja Pyry kirjoittavat yhteisess\u00e4 Instagram-julkaisussaan.\u00a0<\/p>\n<p class=\"article-content article-content-width !bg-background\">Tekstin per\u00e4\u00e4n pariskunta lis\u00e4si punaisen syd\u00e4n- sek\u00e4 tuttipullo-emojin. Kyseess\u00e4 on pariskunnan ensimm\u00e4inen lapsi.<\/p>\n<p>        <a itemprop=\"url\" href=\"https:\/\/www.seiska.fi\/kotimaa\/sara-siepin-tuore-raskauskuva-heratti-huomion\/1986957\" rel=\"nofollow noopener\" target=\"_blank\"><\/p>\n<p>\nSara Sieppi\n<\/p>\n<p class=\"section-date\">\n        <strong class=\"article-section\" data-section=\"kotimaa\"><br \/>\n            kotimaa<br \/>\n        <\/strong><br \/>\n        7.11. 17:30\n    <\/p>\n<p>Sara Siepin tuore raskauskuva her\u00e4tti huomion\n    <\/p>\n<p itemprop=\"description\" class=\"subtitle \">\n    Sara julkaisi tuoreen kuvan raskausvatsastaan.\n<\/p>\n<p>        <\/a><\/p>\n<p><script async src=\"\/\/www.instagram.com\/embed.js\"><\/script><\/p>\n","protected":false},"excerpt":{"rendered":"20230203, Helsinki. Emma Gaala 2023. Pyry Soiri ja Sara Sieppi. TIMO KORHONEN Sara ja Pyry s\u00e4teilev\u00e4t perheonnea is\u00e4np\u00e4iv\u00e4n\u00e4.&hellip;\n","protected":false},"author":2,"featured_media":85832,"comment_status":"","ping_status":"","sticky":false,"template":"","format":"standard","meta":{"footnotes":""},"categories":[136],"tags":[407,137,33,31,30,11380,408,98,3424,17543,3423,32,109],"class_list":{"0":"post-85831","1":"post","2":"type-post","3":"status-publish","4":"format-standard","5":"has-post-thumbnail","7":"category-julkkikset","8":"tag-celebrities","9":"tag-entertainment","10":"tag-fi","11":"tag-finland","12":"tag-finnish","13":"tag-isanpaiva","14":"tag-julkkikset","15":"tag-perhe","16":"tag-pyry-soiri","17":"tag-raskaustyyli","18":"tag-sara-sieppi","19":"tag-suomi","20":"tag-viihde"},"share_on_mastodon":{"url":"https:\/\/pubeurope.com\/@fi\/115522413748049147","error":""},"_links":{"self":[{"href":"https:\/\/www.europesays.com\/fi\/wp-json\/wp\/v2\/posts\/85831","targetHints":{"allow":["GET"]}}],"collection":[{"href":"https:\/\/www.europesays.com\/fi\/wp-json\/wp\/v2\/posts"}],"about":[{"href":"https:\/\/www.europesays.com\/fi\/wp-json\/wp\/v2\/types\/post"}],"author":[{"embeddable":true,"href":"https:\/\/www.europesays.com\/fi\/wp-json\/wp\/v2\/users\/2"}],"replies":[{"embeddable":true,"href":"https:\/\/www.europesays.com\/fi\/wp-json\/wp\/v2\/comments?post=85831"}],"version-history":[{"count":0,"href":"https:\/\/www.europesays.com\/fi\/wp-json\/wp\/v2\/posts\/85831\/revisions"}],"wp:featuredmedia":[{"embeddable":true,"href":"https:\/\/www.europesays.com\/fi\/wp-json\/wp\/v2\/media\/85832"}],"wp:attachment":[{"href":"https:\/\/www.europesays.com\/fi\/wp-json\/wp\/v2\/media?parent=85831"}],"wp:term":[{"taxonomy":"category","embeddable":true,"href":"https:\/\/www.europesays.com\/fi\/wp-json\/wp\/v2\/categories?post=85831"},{"taxonomy":"post_tag","embeddable":true,"href":"https:\/\/www.europesays.com\/fi\/wp-json\/wp\/v2\/tags?post=85831"}],"curies":[{"name":"wp","href":"https:\/\/api.w.org\/{rel}","templated":true}]}}