{"id":85888,"date":"2025-11-10T01:39:18","date_gmt":"2025-11-10T01:39:18","guid":{"rendered":"https:\/\/www.europesays.com\/fi\/85888\/"},"modified":"2025-11-10T01:39:18","modified_gmt":"2025-11-10T01:39:18","slug":"kaikki-rakastavat-hevosia-ylen-uutuussarja-hurmaa-katsojat","status":"publish","type":"post","link":"https:\/\/www.europesays.com\/fi\/85888\/","title":{"rendered":"Kaikki rakastavat hevosia: Ylen uutuussarja hurmaa katsojat"},"content":{"rendered":"<p>\n            Kaikki rakastavat hevosia. Elina Knihtil\u00e4, Peter Franz\u00e9n, Matleena Kuusniemi, Samuli Edelmann ja Anna Paavilainen. Sari Aaltonen\/Yle.<br \/>\n            Sari Aaltonen\n        <\/p>\n<p class=\"subtitle \">Samuli Edelmannin t\u00e4hditt\u00e4m\u00e4 sarja on her\u00e4tt\u00e4nyt keskustelua katsojien keskuudessa.<\/p>\n<p class=\"article-content article-content-width !bg-background\">Ylen uutuussarjaa Kaikki rakastavat hevosia t\u00e4hditt\u00e4v\u00e4t , , ,  ja . Sarja on jo julkaistu Areenassa.<\/p>\n<p class=\"font-weight-bold m-font-weight-bold italic m-italic article-content article-content-width !bg-background\">Arkistovideo: Elina Knihtil\u00e4 ja Pirjo Lonka puhuvat sahdista<\/p>\n<p class=\"article-content article-content-width !bg-background\">Areenat-katsojat antavat sarjalle melkein pelk\u00e4st\u00e4\u00e4n positiivista palautetta. Ylen <a href=\"https:\/\/www.facebook.com\/yleareena\" target=\"_blank\" rel=\"nofollow noopener\">Facebook<\/a>-julkaisujen kommenttiosiot ovat t\u00e4yttynyt ylistyksist\u00e4.<\/p>\n<p class=\"article-content article-content-width !bg-background\">\u2013 Joka jakso katsottu, mahtavat maisemat ja hyv\u00e4t n\u00e4yttelij\u00e4t,  kertoo.<\/p>\n<p>        <a itemprop=\"url\" href=\"https:\/\/www.seiska.fi\/katso\/matleena-kuusniemi-joutui-kohtaamaan-pelkonsa\/1971170\" rel=\"nofollow noopener\" target=\"_blank\"><\/p>\n<p>\nMatleena Kuusniemi\n<\/p>\n<p class=\"section-date\">\n        <strong class=\"article-section\" data-section=\"katso\"><br \/>\n            katso<br \/>\n        <\/strong><br \/>\n        29.10. 12:15\n    <\/p>\n<p>Matleena Kuusniemi joutui kohtaamaan pelkonsa\n    <\/p>\n<p itemprop=\"description\" class=\"subtitle \">\n    El\u00e4inten kanssa ty\u00f6skentely aiheutti n\u00e4yttelij\u00e4lle etuk\u00e4teen kauhunv\u00e4ristyksi\u00e4.\n<\/p>\n<p>        <\/a><\/p>\n<p class=\"article-content article-content-width !bg-background\">\u2013 Menossa nelj\u00e4s jakso. Huikeet maisemat! Hieman vaihtelua rikossarjoihin,  perustelee.<\/p>\n<p>Hevoset ja Samuli ihastuttavat<\/p>\n<p class=\"article-content article-content-width !bg-background\">Osa kommentoijista intoutuu antamaan pitk\u00e4\u00e4 palautetta.<\/p>\n<p class=\"article-content article-content-width !bg-background\">\u2013 Osui ja upposi! Tykk\u00e4sin. Katsoin jo keskiy\u00f6ll\u00e4 heti kaikki jaksot. Upeat roolisuoritukset, ihanat islantilaiset villapaidat, hevoset ja lampaat, mielett\u00f6m\u00e4t jylh\u00e4t maisemat ja maan karu kauneus, kaikki. Juonta oli sopivasti ja romantiikkaa sek\u00e4 ihana loppukohtaus. Ja Samuli,  kehuu syd\u00e4n-emojin kera.<\/p>\n<p>        <a itemprop=\"url\" href=\"https:\/\/www.seiska.fi\/katso\/samuli-edelmann-kuvasi-tv-sarjan-islannissa-yksi-asia-paremmin-kuin-suomessa\/1971033\" rel=\"nofollow noopener\" target=\"_blank\"><\/p>\n<p>\nKuvauksissa ulkomailla\n<\/p>\n<p class=\"section-date\">\n        <strong class=\"article-section\" data-section=\"katso\"><br \/>\n            katso<br \/>\n        <\/strong><br \/>\n        23.10. 14:16\n    <\/p>\n<p>Samuli Edelmann kuvasi tv-sarjan Islannissa \u2013 yksi asia paremmin kuin Suomessa\n    <\/p>\n<p itemprop=\"description\" class=\"subtitle \">\n    Samuli Edelmann t\u00e4hditt\u00e4\u00e4 historian ensimm\u00e4ist\u00e4 suomalais-islantilaista yhteistuotantoa.\n<\/p>\n<p>        <\/a><\/p>\n<p class=\"article-content article-content-width !bg-background\">\u2013 Katsoin kaksi ensimm\u00e4ist\u00e4 jaksoa. Aivan ihana sarja, viisikymppisten kipuilua hyvin samaistuttavasti, l\u00e4mmint\u00e4 huumoria ja hieman romantiikkaa. Iso, iso plussa upeille maisemille ja hurmaaville issikoille,  jatkaa.<\/p>\n<p class=\"article-content article-content-width !bg-background\">\u2013 Ihana Samuli, Islannin upeat maisemat ja issikat,  tiivist\u00e4\u00e4.<\/p>\n<p>\u201dMasentavaa setti\u00e4\u201d<\/p>\n<p class=\"article-content article-content-width !bg-background\">Joillekin katsojille tarina ei yll\u00e4 muun annin tasolle.<\/p>\n<p class=\"article-content article-content-width !bg-background\">\u2013 Tykk\u00e4sin t\u00e4st\u00e4, v\u00e4kivallaton ja ihanat maisemat. N\u00e4yttelij\u00e4t hyvi\u00e4 ja juonikin, melko olematon, mutta kivaa illan viihdett\u00e4. Katsoin putkeen Areenasta,  kertoo.<\/p>\n<p class=\"article-content article-content-width !bg-background\">\u2013 Olipa ik\u00e4v\u00e4 kyll\u00e4 pettymys. Maisemat, hevoset ja Samulin villapaita olivat parasta! Ohut ja mit\u00e4t\u00f6n juoni,  kirjoittaa.<\/p>\n<p>        <a itemprop=\"url\" href=\"https:\/\/www.seiska.fi\/katso\/peter-franzenilta-uusi-elokuva\/1905778\" rel=\"nofollow noopener\" target=\"_blank\"><\/p>\n<p>\nPeter Franz\u00e9n\n<\/p>\n<p class=\"section-date\">\n        <strong class=\"article-section\" data-section=\"katso\"><br \/>\n            katso<br \/>\n        <\/strong><br \/>\n        21.8. 09:45\n    <\/p>\n<p>Peter Franz\u00e9nilta uusi elokuva\n    <\/p>\n<p itemprop=\"description\" class=\"subtitle \">\n    Lappiin sijoittuva sotaelokuva julkaistaan syyskaudella 2026.\n<\/p>\n<p>        <\/a><\/p>\n<p class=\"article-content article-content-width !bg-background\">Muutamia negatiivisiakin kommentteja on tullut.<\/p>\n<p class=\"article-content article-content-width !bg-background\">\u2013 Toinen jakso menossa. Herra varjele, miten on taas masentavaa setti\u00e4. Karkeeta, ik\u00e4v\u00e4\u00e4 kielenk\u00e4ytt\u00f6\u00e4 ja tyhj\u00e4\u00e4 jauhava juoni. Plussaa saa hevosista, maisemista ja neuleista,  arvioi.<\/p>\n<p class=\"italic m-italic article-content article-content-width !bg-background\">Kaikki rakastavat hevosia alkaa TV1:ss\u00e4 sunnuntaina 9.11. kello 21.00 ja kaikki jaksot ovat Areenassa.<\/p>\n<p>                <img decoding=\"async\" src=\"https:\/\/www.europesays.com\/fi\/wp-content\/uploads\/2025\/11\/1986678.webp\" width=\"576\" height=\"274\" alt=\"Samuli Edelmann esitt\u00e4m\u00e4n Oskarin uutta tuttavuutta Krunkaa n\u00e4yttelee islantilainen Sara D\u00f6gg \u00c1sgeirsd\u00f3ttir. Yle.\" loading=\"lazy\" \/>            <\/p>\n<p>\n            Samuli Edelmann esitt\u00e4m\u00e4n Oskarin uutta tuttavuutta Krunkaa n\u00e4yttelee islantilainen Sara D\u00f6gg \u00c1sgeirsd\u00f3ttir. Yle.<br \/>\n            Yle\n        <\/p>\n","protected":false},"excerpt":{"rendered":"Kaikki rakastavat hevosia. Elina Knihtil\u00e4, Peter Franz\u00e9n, Matleena Kuusniemi, Samuli Edelmann ja Anna Paavilainen. Sari Aaltonen\/Yle. Sari Aaltonen&hellip;\n","protected":false},"author":2,"featured_media":85889,"comment_status":"","ping_status":"","sticky":false,"template":"","format":"standard","meta":{"footnotes":""},"categories":[130],"tags":[15544,6078,137,1752,33,31,30,9599,17550,15226,15541,10616,17549,15542,5296,6154,2341,32,1753,109,17548,1149,913],"class_list":{"0":"post-85888","1":"post","2":"type-post","3":"status-publish","4":"format-standard","5":"has-post-thumbnail","7":"category-viihde","8":"tag-anna-paavilainen","9":"tag-elina-knihtila","10":"tag-entertainment","11":"tag-facebook","12":"tag-fi","13":"tag-finland","14":"tag-finnish","15":"tag-hevoset","16":"tag-islanninhevoset","17":"tag-islanti","18":"tag-kaikki-rakastavat-hevosia","19":"tag-katsojakommentit","20":"tag-maisema","21":"tag-matleena-kuusniemi","22":"tag-peter-franzen","23":"tag-samuli-edelmann","24":"tag-some","25":"tag-suomi","26":"tag-tv1","27":"tag-viihde","28":"tag-villapaita","29":"tag-yle","30":"tag-yle-areena"},"share_on_mastodon":{"url":"https:\/\/pubeurope.com\/@fi\/115522854275527642","error":""},"_links":{"self":[{"href":"https:\/\/www.europesays.com\/fi\/wp-json\/wp\/v2\/posts\/85888","targetHints":{"allow":["GET"]}}],"collection":[{"href":"https:\/\/www.europesays.com\/fi\/wp-json\/wp\/v2\/posts"}],"about":[{"href":"https:\/\/www.europesays.com\/fi\/wp-json\/wp\/v2\/types\/post"}],"author":[{"embeddable":true,"href":"https:\/\/www.europesays.com\/fi\/wp-json\/wp\/v2\/users\/2"}],"replies":[{"embeddable":true,"href":"https:\/\/www.europesays.com\/fi\/wp-json\/wp\/v2\/comments?post=85888"}],"version-history":[{"count":0,"href":"https:\/\/www.europesays.com\/fi\/wp-json\/wp\/v2\/posts\/85888\/revisions"}],"wp:featuredmedia":[{"embeddable":true,"href":"https:\/\/www.europesays.com\/fi\/wp-json\/wp\/v2\/media\/85889"}],"wp:attachment":[{"href":"https:\/\/www.europesays.com\/fi\/wp-json\/wp\/v2\/media?parent=85888"}],"wp:term":[{"taxonomy":"category","embeddable":true,"href":"https:\/\/www.europesays.com\/fi\/wp-json\/wp\/v2\/categories?post=85888"},{"taxonomy":"post_tag","embeddable":true,"href":"https:\/\/www.europesays.com\/fi\/wp-json\/wp\/v2\/tags?post=85888"}],"curies":[{"name":"wp","href":"https:\/\/api.w.org\/{rel}","templated":true}]}}