{"id":85917,"date":"2025-11-10T02:36:17","date_gmt":"2025-11-10T02:36:17","guid":{"rendered":"https:\/\/www.europesays.com\/fi\/85917\/"},"modified":"2025-11-10T02:36:17","modified_gmt":"2025-11-10T02:36:17","slug":"kuopion-250-vuotisjuhlavuosi-huipentuu-tsekkaa-ainakin-nama-tulevien-juhlaviikkojen-tapahtumat-savo","status":"publish","type":"post","link":"https:\/\/www.europesays.com\/fi\/85917\/","title":{"rendered":"Kuopion 250-vuotisjuhlavuosi huipentuu \u2013 tsekkaa ainakin n\u00e4m\u00e4 tulevien juhlaviikkojen tapahtumat | Savo"},"content":{"rendered":"<p>Kuopion juhlavuotta on vietetty pian jo vuoden verran, ja juhliminen huipentuu Kuopio 250 -juhlaviikoilla marraskuussa. <a href=\"https:\/\/www.kuopio.fi\/kuopionkaupunki\/kuopio250-juhlavuosi\/kuopio250-juhlaviikot\/\" rel=\"nofollow noopener\" target=\"_blank\">Juhlaviikkoja<\/a> vietet\u00e4\u00e4n kahdella tulevalla viikolla, eli 10.\u201323. marraskuuta. Kaupungin virallista syntym\u00e4p\u00e4iv\u00e4\u00e4 vietet\u00e4\u00e4n 17. marraskuuta, mutta juhlan tuntua koetaan ymp\u00e4ri Kuopiota koko juhlaviikkojen ajan. Alla poimintoja juhlaviikkojen ohjelmatarjonnasta.<\/p>\n<p>\t\t\t\tTapahtumien superviikonloppu 15.\u201316.11.<\/p>\n<p><strong class=\"diks-storyline__impact\">KalPa juhlistaa<\/strong> 250-vuotiasta kotikaupunkiaan lauantaina 15. marraskuuta JYPi\u00e4 vastaan pelattavassa ottelussaan. Ovet Olvi Areenalle avataan kello 15.30 ja ottelu k\u00e4ynnistyy kello 17. Ennen ottelua tarjolla on ohjelmaa perheille esimerkiksi teeman mukaisella hallisuunnistuksella. Lis\u00e4ksi hallilla p\u00e4\u00e4see testaamaan omia kiekonk\u00e4sittelytaitojaan ja taiteilemaan oman kannatuskylttins\u00e4 illan kamppailuun. Ottelu alkaa kaupungin puheenvuorolla ja kiekonpudotuksella.<\/p>\n<p><strong class=\"diks-storyline__impact\">Kuopion Joulukauden avajaisia<\/strong> vietet\u00e4\u00e4n Kuopion keskustassa niin ik\u00e4\u00e4n lauantaina 15. p\u00e4iv\u00e4. Torilla ja keskustan liikkeiss\u00e4 on tarjolla jouluista ohjelmaa p\u00e4iv\u00e4n ajan. Joulupukki on tavattavissa torilla kello 12\u201314.30.Torin lavaohjelma on kello 15\u201316.<\/p>\n<p>Lavaohjelmassa joulupukki ja joulumuori tuovat jouluisen tervehdyksen. Samalla sytytet\u00e4\u00e4n torin joulukuusen valot. Lavalla n\u00e4hd\u00e4\u00e4n my\u00f6s Aarne Alligaattori, Miss Kuopio -finalistit ja Belenos Group of Artsin uusin valoshow Mira. V\u00e4lke-valotapahtuman ja Kuopion juhlavuoden puheenvuoron pit\u00e4\u00e4 Kuopion kaupunginvaltuuston puheenjohtaja <strong>Tanja Airaksinen<\/strong>. Ohjelma huipentuu torilla n\u00e4ht\u00e4v\u00e4\u00e4n Tanssivat vedet -vesishow ja pyroesitykseen, joka k\u00e4ynnist\u00e4\u00e4 samalla kolmip\u00e4iv\u00e4isen V\u00e4lke-valotapahtuman.<\/p>\n<p><strong class=\"diks-storyline__impact\">KuPSin Suomen mestaruutta<\/strong> juhlitaan torilla ennen joulukauden avajaisia kello 13.30\u201314.30. Savon Sanomat n\u00e4ytt\u00e4\u00e4 verkkosivuillaan suorana l\u00e4hetyksen\u00e4 KuPSin mestaruusjuhlan. Lavalla n\u00e4hd\u00e4\u00e4n ainakin mestarijoukkue sek\u00e4 <strong>Eini<\/strong>.<\/p>\n<p>\t\t<a class=\"diks-gallery__link\" href=\"https:\/\/i.media.fi\/incoming\/849tef\/10488568.jpg\/alternates\/FREE_1440\/10488568.jpg\" data-thumbnail=\"\" data-sub-html=\"Kuopion juhlavuoden ja joulukauden avajaiset pidettiin viime vuoden marraskuussa. Paula Pohjamo\" aria-label=\"Katso isompi kuva\" rel=\"nofollow noopener\" target=\"_blank\"><br \/>\n\t\t\t\t<img class=\"diks-figure__image\" src=\"https:\/\/www.europesays.com\/fi\/wp-content\/uploads\/2025\/11\/10488568.jpg\" loading=\"lazy\" decoding=\"sync\" alt=\"\"\/><\/p>\n<p>\t\t\t<\/a><br \/>\n\t\t\t\t\tKuopion juhlavuoden ja joulukauden avajaiset pidettiin viime vuoden marraskuussa. Paula Pohjamo<\/p>\n<p><strong class=\"diks-storyline__impact\">V\u00e4lke-valotapahtuma <\/strong>valaisee Kuopion valolla ja osallistavilla el\u00e4myksill\u00e4 15.\u201317. marraskuuta. Valoteokset ovat esill\u00e4 kaikkina kolmena p\u00e4iv\u00e4n\u00e4 kello 16\u201321. Teokset sijoittuvat keskustan alueella reitille, joka kulkee kauppatorilta Snellmaninpuiston kautta Satamatorille. Valotapahtumassa p\u00e4\u00e4see my\u00f6s puhumaan <strong>Minna Canthin<\/strong> avatarhahmolle. Minna Canthin hahmo n\u00e4hd\u00e4\u00e4n Canthin entisen kotitalon Kanttilan edustalla. Kyseess\u00e4 on tiett\u00e4v\u00e4sti ensimm\u00e4inen kerta, kun Suomessa teko\u00e4ly mahdollistaa reaaliaikaisen keskustelun historiallista henkil\u00f6\u00e4 esitt\u00e4v\u00e4n hahmon kanssa.<\/p>\n<p>V\u00e4lke-valotapahtuma ulottuu my\u00f6s Kuopion maaseutualueille Karttulaan, Riistavedelle ja Muuruvedelle.<\/p>\n<p><strong class=\"diks-storyline__impact\">Valtakunnallista lastenmusiikkip\u00e4iv\u00e4\u00e4<\/strong> vietet\u00e4\u00e4n 15. marraskuuta Kuopion p\u00e4\u00e4kirjaston seminaarisalissa. Luvassa on kuopiolaisten lasten omia esityksi\u00e4 ja lapset p\u00e4\u00e4sev\u00e4t my\u00f6s itse tekem\u00e4\u00e4n soittimia ja musisoimaan Lekkerbergin Laulavan Kyl\u00e4n kanssa. Ohjelma alkaa kello 11 ja kest\u00e4\u00e4 noin kolmeen saakka.<\/p>\n<p><strong class=\"diks-storyline__impact\">Kuopion juhlavuoden juhlamessu<\/strong> j\u00e4rjestet\u00e4\u00e4n sunnuntaina 16. marraskuuta kello 10 Kuopion tuomiokirkossa piispa <strong>Jari Jolkkosen <\/strong>johdolla. Messun j\u00e4lkeen kello 12\u201314 Musiikkikeskuksella tarjotaan kirkkokahvit. Kahvitus on maksuton ja avoin kaikille. Mukaan mahtuu 600 ensimm\u00e4ist\u00e4. Ohjelmassa on kaupunginorkesterin juhlafanfaari, kaupungin edustajan ja piispan puheet, musiikkiesityksi\u00e4 sek\u00e4 yhteislaulua.<\/p>\n<p><strong class=\"diks-storyline__impact\">Monikulttuurinen tapahtuma <\/strong>Yhdess\u00e4 Kuopiossa j\u00e4rjestet\u00e4\u00e4n Kuopion kaupunginteatterilla 16. marraskuuta kello 13\u201316. Tapahtumassa on mahdollisuus tutustua eri maihin ja kulttuureihin. Kaikille avoimessa ja maksuttomassa tapahtumassa on lis\u00e4ksi esimerkiksi musiikkia, kahvia ja pient\u00e4 purtavaa, tietokilpailu ja bingo.<\/p>\n<p>\t\t<a class=\"diks-gallery__link\" href=\"https:\/\/i.media.fi\/incoming\/jlwsho\/11005819.jpg\/alternates\/FREE_1440\/11005819.jpg\" data-thumbnail=\"\" data-sub-html=\"Made in Kuopio -konsertti kuullaan radiouusintana. Paula Pohjamo\" aria-label=\"Katso isompi kuva\" rel=\"nofollow noopener\" target=\"_blank\"><br \/>\n\t\t\t\t<img class=\"diks-figure__image\" src=\"https:\/\/www.europesays.com\/fi\/wp-content\/uploads\/2025\/11\/11005819.jpg\" loading=\"lazy\" decoding=\"sync\" alt=\"\"\/><\/p>\n<p>\t\t\t<\/a><br \/>\n\t\t\t\t\tMade in Kuopio -konsertti kuullaan radiouusintana. Paula Pohjamo<\/p>\n<p><strong class=\"diks-storyline__impact\">Made in Kuopio250 -juhlakonsertti<\/strong> kuullaan yleis\u00f6n toiveesta uudelleen Radio Savon Aalloilla sunnuntaina 16. p\u00e4iv\u00e4 kello 16 alkaen.<\/p>\n<p>\t\t\t\tSyntym\u00e4p\u00e4iv\u00e4 17.11.<\/p>\n<p><strong class=\"diks-storyline__impact\">Lasten ja erityisryhmien jamit <\/strong>j\u00e4rjestet\u00e4\u00e4n Kuopion kaupunginteatterilla maanantaina 17. marraskuuta kello 10\u201318. Luvassa on musiikkia, discovaloja, glitteri\u00e4 ja hauska teatteriesitys. P\u00e4iv\u00e4n aikana on omat hetkens\u00e4 p\u00e4iv\u00e4koti-ik\u00e4isille, alakoululaisille ja erityisryhmille. Tapahtumaan on vapaa p\u00e4\u00e4sy, ja tarkempi ik\u00e4kohtainen aikataulu kannattaa tarkastaa etuk\u00e4teen.<\/p>\n<p><strong class=\"diks-storyline__impact\">Juhlaruokailu Kuopion kouluissa<\/strong> ja p\u00e4iv\u00e4kodeissa tarjotaan 17. marraskuuta. Servica tarjoaa lapsille ja nuorille lounaan, joka nostaa esiin paikallisia makuja ja maakunnan perinteit\u00e4.<\/p>\n<p><strong class=\"diks-storyline__impact\">V\u00e4lke-hyv\u00e4ntekev\u00e4isyysgaala<\/strong> j\u00e4rjestet\u00e4\u00e4n Kaupungin syntym\u00e4p\u00e4iv\u00e4n\u00e4. Ohjelmassa on Fashion Model Agencyn muotin\u00e4yt\u00f6s, jossa yhteisty\u00f6ss\u00e4 ovat Kuopion keskustan muoti- ja asusteliikkeet. Illan aikana kuullaan livemusiikkia ja pidet\u00e4\u00e4n hyv\u00e4ntekev\u00e4isyysarpajaiset. Tilaisuuden p\u00e4\u00e4tt\u00e4\u00e4 Miss Kuopion kruunajaiset. Gaalan lippu- ja arpajaistulot lahjoitetaan KYSin lasten ja nuorten osastolle.<\/p>\n<p>\t\t<a class=\"diks-gallery__link\" href=\"https:\/\/i.media.fi\/incoming\/ty9gn1\/7224138.jpg\/alternates\/FREE_1440\/7224138.jpg\" data-thumbnail=\"\" data-sub-html=\"Arkistokuva Sawo Ensemble -viihdekuorosta Pohjois-Savon maakuntajuhlassa vuonna 2021. Tuire Punkki\" aria-label=\"Katso isompi kuva\" rel=\"nofollow noopener\" target=\"_blank\"><br \/>\n\t\t\t\t<img class=\"diks-figure__image\" src=\"https:\/\/www.europesays.com\/fi\/wp-content\/uploads\/2025\/11\/7224138.jpg\" loading=\"lazy\" decoding=\"sync\" alt=\"\"\/><\/p>\n<p>\t\t\t<\/a><br \/>\n\t\t\t\t\tArkistokuva Sawo Ensemble -viihdekuorosta Pohjois-Savon maakuntajuhlassa vuonna 2021. Tuire Punkki<\/p>\n<p><strong class=\"diks-storyline__impact\">Syntym\u00e4p\u00e4iv\u00e4konsertti <\/strong>Koko Kuopijo voep laaloo! on Sawo Ensemblen p\u00e4\u00e4symaksuton yhteislaulukonsertti Kuopion kaupungintalolla 17. p\u00e4iv\u00e4 kello 19. Hyv\u00e4ntuulisessa konsertissa p\u00e4\u00e4see laulamaan tuttuja kuopiolaisia ja kuopiolaishenkisi\u00e4 kappaleita. Ovet kaupungintalon juhlasaliin aukeavat kello 18.30. Paikkoja on rajoitetusti.<\/p>\n<p><strong class=\"diks-storyline__impact\">Kuvataideseura Arttiimin juhlan\u00e4yttely <\/strong>Kuopio taiteen silmin avataan Kuopion kaupunginkirjastolla kaupungin syntym\u00e4p\u00e4iv\u00e4n\u00e4. N\u00e4yttely on esill\u00e4 29. marraskuuta saakka. N\u00e4ytill\u00e4 juhlavuoden aikana maalattuja ja muita Kuopio-aiheisia teoksia. N\u00e4yttelyyn valituista teoksista koostetaan kokoelma Pohjois-Savon hyvinvointialueen taidekokoelmiin.<\/p>\n<p>N\u00e4yttelyn yhteydess\u00e4 j\u00e4rjestet\u00e4\u00e4n paneelikeskustelu kaupunginkirjaston kokoussalissa 20.11. kello 17\u201319.<\/p>\n<p>\t\t\t\tJuhlavuoden p\u00e4\u00e4t\u00f6skonsertti<\/p>\n<p><strong class=\"diks-storyline__impact\">Kuopion juhlavuoden p\u00e4\u00e4t\u00f6skonsertti<\/strong> T\u00e4ytt\u00e4 juhlaa kuullaan Musiikkikeskuksella 20. marraskuuta kello 19\u201321. Esiintym\u00e4ss\u00e4 Kuopion kaupunginorkesteri kapellimestari <strong>Jukka Untamalan<\/strong> johdolla. Lis\u00e4ksi lavalla kuullaan muun muassa Kuopion kaupunginteatterin n\u00e4yttelij\u00f6it\u00e4 <strong>Akseli Ferrandia<\/strong>, <strong>Lina Patrikaista<\/strong> ja <strong>Katri-Maria Peltolaa<\/strong>. Ohjelmassa on my\u00f6s <strong>Atso Almilan<\/strong> Kuopio 250 -alkusoitto ja fanfaari sek\u00e4 <strong>Antti Auvisen<\/strong> Uusi teos -nimisen teoksen kantaesitys. Konserttiin p\u00e4\u00e4sylipulla.<\/p>\n<p><strong class=\"diks-storyline__impact\">Maistiaisen illan konsertista<\/strong> voi kuitenkin k\u00e4yd\u00e4 nauttimassa veloituksetta, kun 20. marraskuuta kello 12\u201313 Musiikkikeskuksella kuullaan Kuopion kaupunginorkesterin avoin harjoitus. Harjoitus iltaa varten kest\u00e4\u00e4 enimmill\u00e4\u00e4n tunnin.<\/p>\n<p>\t\t\t\tMuita poimintoja<\/p>\n<p><strong class=\"diks-storyline__impact\">Maksuton luento Kuopion historiasta<\/strong> j\u00e4rjestet\u00e4\u00e4n ensi viikon keskiviikkona 12. marraskuuta Kuopion museon monitoimitilassa. Kello 17\u201318 kuullaan luento Kustaa III:n ajan Kuopiosta hyv\u00e4n el\u00e4m\u00e4n p\u00e4\u00e4kaupungiksi, Kuopion 250-vuotinen historia valokuvin ja piirroksin. V\u00e4l\u00e4hdyksi\u00e4 kaupungin historiasta esittelee Kuopion kulttuurihistoriallisen museon valokuvakokoelmista vastaava intendentti <strong>Pekka Kankkunen<\/strong>.<\/p>\n<p>\t\t<a class=\"diks-gallery__link\" href=\"https:\/\/i.media.fi\/incoming\/jv7lyc\/10585463.jpg\/alternates\/FREE_1440\/10585463.jpg\" data-thumbnail=\"\" data-sub-html=\"Kuopiolainen Antti Syrj\u00e4l\u00e4inen pukeutui kaupungin juhlavuoden ajaksi &quot;lent\u00e4v\u00e4ksi kalakukoksi&quot; Hannes Kalamaiseksi, jonka kuviteltu \u00e4iti on Hanna Partanen ja is\u00e4 Hannes Kolehmainen. Vieress\u00e4 Arja Vihavainen. Jussi Pohjavirta\" aria-label=\"Katso isompi kuva\" rel=\"nofollow noopener\" target=\"_blank\"><br \/>\n\t\t\t\t<img class=\"diks-figure__image\" src=\"https:\/\/www.europesays.com\/fi\/wp-content\/uploads\/2025\/11\/10585463.jpg\" loading=\"lazy\" decoding=\"sync\" alt=\"\"\/><\/p>\n<p>\t\t\t<\/a><br \/>\n\t\t\t\t\tKuopiolainen Antti Syrj\u00e4l\u00e4inen pukeutui kaupungin juhlavuoden ajaksi &#8221;lent\u00e4v\u00e4ksi kalakukoksi&#8221; Hannes Kalamaiseksi, jonka kuviteltu \u00e4iti on Hanna Partanen ja is\u00e4 Hannes Kolehmainen. Vieress\u00e4 Arja Vihavainen. Jussi Pohjavirta<\/p>\n<p><strong class=\"diks-storyline__impact\">Lent\u00e4v\u00e4 kalakukko Hannes Kalamaisen<\/strong> l\u00e4ksi\u00e4isi\u00e4 vietet\u00e4\u00e4n torstaina 13. marraskuuta kello 17\u201319. Lent\u00e4v\u00e4 kalakukko -hahmo on tuottanut juhlavuoden aikana tuhansille kohtaamilleen ihmisille hyv\u00e4\u00e4 mielt\u00e4. L\u00e4ksi\u00e4isi\u00e4 juhlitaan Ramin konditorian viereisess\u00e4, Kirjastokadun ja K\u00e4sity\u00f6kadun kulmassa olevassa tilassa. L\u00e4ksi\u00e4isiin tulevia pyydet\u00e4\u00e4n tuomaan Hanneksen kanssa ottamiaan kuvia paperiversioina n\u00e4ht\u00e4ville. L\u00e4ksi\u00e4isiss\u00e4 kuullaan my\u00f6s Lehtisen pojat ja Anna Sipil\u00e4n lapsi -yhtyeit\u00e4.<\/p>\n<p>Hannes Kalamaisen muodonmuutos n\u00e4hd\u00e4\u00e4n Kuopion torilla muutamaa p\u00e4iv\u00e4\u00e4 my\u00f6hemmin. Kuopion syntym\u00e4p\u00e4iv\u00e4n\u00e4 17. marraskuuta kello 18 Hannes Kalamainen riisuu koko kuontalonsa Mualiman navalla. Hannes j\u00e4\u00e4 historiaan, kun Kuopiolle on tullut tasan 250 vuotta mittariin ja kalakukon elinvuosi t\u00e4yteen.<\/p>\n<p><strong class=\"diks-storyline__impact\">S\u00e4rkk\u00e4rin syntt\u00e4ririeha<\/strong> j\u00e4rjestet\u00e4\u00e4n juhlaviikkojen p\u00e4\u00e4tteeksi 23. marraskuuta kello 17.30\u201319.30. S\u00e4rkiniemen koulun vanhempainyhdistys j\u00e4rjest\u00e4\u00e4 syntt\u00e4ririehan S\u00e4rkiniemen koululla. Kaikille avoin tapahtuma on suunnattu lapsille, perheille ja alueen asukkaille. Luvassa on esimerkiksi pomppulinnoja lapsille ja juhlavuoden kahvit. Illan aikana ker\u00e4t\u00e4\u00e4n my\u00f6s ajatuksia ja ideoita siit\u00e4, milt\u00e4 S\u00e4rkiniemi ja S\u00e4rkilahti voisivat n\u00e4ytt\u00e4\u00e4 tulevaisuudessa.<\/p>\n","protected":false},"excerpt":{"rendered":"Kuopion juhlavuotta on vietetty pian jo vuoden verran, ja juhliminen huipentuu Kuopio 250 -juhlaviikoilla marraskuussa. Juhlaviikkoja vietet\u00e4\u00e4n kahdella&hellip;\n","protected":false},"author":2,"featured_media":85918,"comment_status":"","ping_status":"","sticky":false,"template":"","format":"standard","meta":{"footnotes":""},"categories":[12],"tags":[10353,22,23,26,27,33,31,30,17,1132,6469,3221,24,25,28,29,47,15,18,21,32,410,2599,19,20,16],"class_list":{"0":"post-85917","1":"post","2":"type-post","3":"status-publish","4":"format-standard","5":"has-post-thumbnail","7":"category-suomi","8":"tag-bingo","9":"tag-breaking-news","10":"tag-breakingnews","11":"tag-featured-news","12":"tag-featurednews","13":"tag-fi","14":"tag-finland","15":"tag-finnish","16":"tag-headlines","17":"tag-kuopio","18":"tag-kuopion-kaupunginteatteri","19":"tag-kuopion-palloseura-kups","20":"tag-latest-news","21":"tag-latestnews","22":"tag-main-news","23":"tag-mainnews","24":"tag-musiikki","25":"tag-news","26":"tag-otsikot","27":"tag-paauutiset","28":"tag-suomi","29":"tag-syntymapaiva","30":"tag-tapahtumat-ja-tapahtumatiedot","31":"tag-top-stories","32":"tag-topstories","33":"tag-uutiset"},"share_on_mastodon":{"url":"https:\/\/pubeurope.com\/@fi\/115523078436488155","error":""},"_links":{"self":[{"href":"https:\/\/www.europesays.com\/fi\/wp-json\/wp\/v2\/posts\/85917","targetHints":{"allow":["GET"]}}],"collection":[{"href":"https:\/\/www.europesays.com\/fi\/wp-json\/wp\/v2\/posts"}],"about":[{"href":"https:\/\/www.europesays.com\/fi\/wp-json\/wp\/v2\/types\/post"}],"author":[{"embeddable":true,"href":"https:\/\/www.europesays.com\/fi\/wp-json\/wp\/v2\/users\/2"}],"replies":[{"embeddable":true,"href":"https:\/\/www.europesays.com\/fi\/wp-json\/wp\/v2\/comments?post=85917"}],"version-history":[{"count":0,"href":"https:\/\/www.europesays.com\/fi\/wp-json\/wp\/v2\/posts\/85917\/revisions"}],"wp:featuredmedia":[{"embeddable":true,"href":"https:\/\/www.europesays.com\/fi\/wp-json\/wp\/v2\/media\/85918"}],"wp:attachment":[{"href":"https:\/\/www.europesays.com\/fi\/wp-json\/wp\/v2\/media?parent=85917"}],"wp:term":[{"taxonomy":"category","embeddable":true,"href":"https:\/\/www.europesays.com\/fi\/wp-json\/wp\/v2\/categories?post=85917"},{"taxonomy":"post_tag","embeddable":true,"href":"https:\/\/www.europesays.com\/fi\/wp-json\/wp\/v2\/tags?post=85917"}],"curies":[{"name":"wp","href":"https:\/\/api.w.org\/{rel}","templated":true}]}}