{"id":85927,"date":"2025-11-10T03:01:08","date_gmt":"2025-11-10T03:01:08","guid":{"rendered":"https:\/\/www.europesays.com\/fi\/85927\/"},"modified":"2025-11-10T03:01:08","modified_gmt":"2025-11-10T03:01:08","slug":"ainakin-kaksi-sai-surmansa-taifuunissa-filippiineilla-uutissuomalainen","status":"publish","type":"post","link":"https:\/\/www.europesays.com\/fi\/85927\/","title":{"rendered":"Ainakin kaksi sai surmansa taifuunissa Filippiineill\u00e4 | Uutissuomalainen"},"content":{"rendered":"<p>Heikkenev\u00e4 taifuuni Fung-wong on jatkanut matkaansa Filippiineilt\u00e4 Etel\u00e4-Kiinan merelle. Taifuunin kovat tuulet ja rankkasade aiheuttivat Filippiineill\u00e4 ainakin kahden ihmisen kuoleman ja pakottivat noin 1,4 miljoonaa ihmist\u00e4 evakuoitumaan.<\/p>\n<p>Tiedossa olevista kuolonuhreista yksi oli l\u00f6ytynyt rojun ja kaatuneiden puiden alta, ja toinen oli hukkunut hy\u00f6kytulvassa.<\/p>\n<p>Fung-wong saapui Filippiinien it\u00e4rannikolle supertaifuunina vain muutama p\u00e4iv\u00e4 sen j\u00e4lkeen kun maan keskiosien l\u00e4pi kulkenut taifuuni Kalmaegi tappoi yli 200 ihmist\u00e4. Kalmaegin vuoksi aloitetut pelastus- ja etsint\u00e4operaatiot keskeytettiin Cebun provinssissa supertaifuunin l\u00e4hestyess\u00e4.<\/p>\n<p>Koulut ja hallinnon toimistot ovat olleet maanantaina suljettuina suuressa osassa maan p\u00e4\u00e4saarta Luzonia, my\u00f6s p\u00e4\u00e4kaupungissa Manilassa.<\/p>\n<p>Viranomaiset ovat kertoneet aineellisista tuhoista taifuunin kulkureitill\u00e4. It\u00e4isess\u00e4 Auroran provinssissa Fung-wong vaurioitti useita rakennuksia, ja monet p\u00e4\u00e4v\u00e4yl\u00e4t olivat myrskyn j\u00e4ljilt\u00e4 kulkukelvottomia maanvy\u00f6rymien vuoksi. Ranta-alueilla valtavat aallot tuhosivat useita taloja ja veneit\u00e4.<\/p>\n<p>Muun muassa Catanduanesin saarella myrskyvuoksi on saanut kadut tulvimaan ja veden valtaamaan koteja.<\/p>\n<p>Ennusteen mukaan taifuunin odotetaan jatkavan heikkenemist\u00e4 ja k\u00e4\u00e4ntyv\u00e4n kohti Taiwania.<\/p>\n<p>Asiantuntijat ovat varoittaneet, ett\u00e4 myrskyt voimistuvat ihmisen aiheuttaman ilmastonmuutoksen my\u00f6t\u00e4. Merten l\u00e4mpenemisen my\u00f6t\u00e4 taifuunit vahvistuvat nopeasti ja sadem\u00e4\u00e4r\u00e4t kasvavat.<\/p>\n","protected":false},"excerpt":{"rendered":"Heikkenev\u00e4 taifuuni Fung-wong on jatkanut matkaansa Filippiineilt\u00e4 Etel\u00e4-Kiinan merelle. Taifuunin kovat tuulet ja rankkasade aiheuttivat Filippiineill\u00e4 ainakin kahden&hellip;\n","protected":false},"author":2,"featured_media":85928,"comment_status":"","ping_status":"","sticky":false,"template":"","format":"standard","meta":{"footnotes":""},"categories":[14],"tags":[22,23,26,27,33,31,30,17,24,25,533,535,28,29,3381,15,120,18,21,710,32,17492,19,20,56,16,872,59,60,61],"class_list":{"0":"post-85927","1":"post","2":"type-post","3":"status-publish","4":"format-standard","5":"has-post-thumbnail","7":"category-ulkomaat","8":"tag-breaking-news","9":"tag-breakingnews","10":"tag-featured-news","11":"tag-featurednews","12":"tag-fi","13":"tag-finland","14":"tag-finnish","15":"tag-headlines","16":"tag-latest-news","17":"tag-latestnews","18":"tag-luonnonkatastrofi","19":"tag-luonnonvoimat","20":"tag-main-news","21":"tag-mainnews","22":"tag-myrskyt","23":"tag-news","24":"tag-onnettomuustapaus","25":"tag-otsikot","26":"tag-paauutiset","27":"tag-saa","28":"tag-suomi","29":"tag-taifuuni","30":"tag-top-stories","31":"tag-topstories","32":"tag-ulkomaat","33":"tag-uutiset","34":"tag-vesistot","35":"tag-world","36":"tag-world-news","37":"tag-worldnews"},"share_on_mastodon":{"url":"https:\/\/pubeurope.com\/@fi\/115523176621845452","error":""},"_links":{"self":[{"href":"https:\/\/www.europesays.com\/fi\/wp-json\/wp\/v2\/posts\/85927","targetHints":{"allow":["GET"]}}],"collection":[{"href":"https:\/\/www.europesays.com\/fi\/wp-json\/wp\/v2\/posts"}],"about":[{"href":"https:\/\/www.europesays.com\/fi\/wp-json\/wp\/v2\/types\/post"}],"author":[{"embeddable":true,"href":"https:\/\/www.europesays.com\/fi\/wp-json\/wp\/v2\/users\/2"}],"replies":[{"embeddable":true,"href":"https:\/\/www.europesays.com\/fi\/wp-json\/wp\/v2\/comments?post=85927"}],"version-history":[{"count":0,"href":"https:\/\/www.europesays.com\/fi\/wp-json\/wp\/v2\/posts\/85927\/revisions"}],"wp:featuredmedia":[{"embeddable":true,"href":"https:\/\/www.europesays.com\/fi\/wp-json\/wp\/v2\/media\/85928"}],"wp:attachment":[{"href":"https:\/\/www.europesays.com\/fi\/wp-json\/wp\/v2\/media?parent=85927"}],"wp:term":[{"taxonomy":"category","embeddable":true,"href":"https:\/\/www.europesays.com\/fi\/wp-json\/wp\/v2\/categories?post=85927"},{"taxonomy":"post_tag","embeddable":true,"href":"https:\/\/www.europesays.com\/fi\/wp-json\/wp\/v2\/tags?post=85927"}],"curies":[{"name":"wp","href":"https:\/\/api.w.org\/{rel}","templated":true}]}}