{"id":85935,"date":"2025-11-10T03:21:07","date_gmt":"2025-11-10T03:21:07","guid":{"rendered":"https:\/\/www.europesays.com\/fi\/85935\/"},"modified":"2025-11-10T03:21:07","modified_gmt":"2025-11-10T03:21:07","slug":"hameenlinnalainen-mervi-pakka-sai-aidsin-sirkuksen-baaritiskilla-pokaamaltaan-miehelta-arttu-poika-pelasti-hanen-henkensa-paikalliset","status":"publish","type":"post","link":"https:\/\/www.europesays.com\/fi\/85935\/","title":{"rendered":"H\u00e4meenlinnalainen Mervi Pakka sai aidsin Sirkuksen baaritiskill\u00e4 pokaamaltaan miehelt\u00e4 \u2013 Arttu-poika pelasti h\u00e4nen henkens\u00e4 | Paikalliset"},"content":{"rendered":"<p>Mervi Pakka sai tiet\u00e4\u00e4 hiv-tartunnastaan Hauhon \u00e4itiysneuvolassa. My\u00f6hemmin h\u00e4nell\u00e4 todettiin aggressiivinen sy\u00f6p\u00e4kasvain hiv-kontrollik\u00e4ynnill\u00e4. \u201dHenkeni on pelastunut jo kaksi kertaa. En j\u00e4\u00e4 s\u00e4ngyn pohjalle voivottelemaan, vaan haluan el\u00e4\u00e4 h\u00e4peilem\u00e4tt\u00e4 hyv\u00e4\u00e4 el\u00e4m\u00e4\u00e4\u201d, sisukas viisikymppinen sanoo.<\/p>\n<p>Elettiin syyskuuta 2001. H\u00e4meenlinnalaisen y\u00f6kerho Sirkuksen baaritiskill\u00e4 notkui tatuoitu, voimakaspiirteinen mies, joka avasi keskustelun <strong>Mervi Pakan<\/strong> kanssa Levottomat-elokuvassa kuullulla repliikill\u00e4: \u201dHaluisits\u00e4 panna mua?\u201d<\/p>\n","protected":false},"excerpt":{"rendered":"Mervi Pakka sai tiet\u00e4\u00e4 hiv-tartunnastaan Hauhon \u00e4itiysneuvolassa. My\u00f6hemmin h\u00e4nell\u00e4 todettiin aggressiivinen sy\u00f6p\u00e4kasvain hiv-kontrollik\u00e4ynnill\u00e4. \u201dHenkeni on pelastunut jo kaksi&hellip;\n","protected":false},"author":2,"featured_media":85936,"comment_status":"","ping_status":"","sticky":false,"template":"","format":"standard","meta":{"footnotes":""},"categories":[165],"tags":[33,31,30,166,2808,766,98,13302,764,32,765,679,167],"class_list":{"0":"post-85935","1":"post","2":"type-post","3":"status-publish","4":"format-standard","5":"has-post-thumbnail","7":"category-terveys","8":"tag-fi","9":"tag-finland","10":"tag-finnish","11":"tag-health","12":"tag-ihottuma","13":"tag-koronavirus","14":"tag-perhe","15":"tag-ruuansulatus","16":"tag-sairaudet","17":"tag-suomi","18":"tag-taudit-ja-hairiot","19":"tag-terveydenhuollon-toimintalaitokset","20":"tag-terveys"},"share_on_mastodon":{"url":"https:\/\/pubeurope.com\/@fi\/115523255316568912","error":""},"_links":{"self":[{"href":"https:\/\/www.europesays.com\/fi\/wp-json\/wp\/v2\/posts\/85935","targetHints":{"allow":["GET"]}}],"collection":[{"href":"https:\/\/www.europesays.com\/fi\/wp-json\/wp\/v2\/posts"}],"about":[{"href":"https:\/\/www.europesays.com\/fi\/wp-json\/wp\/v2\/types\/post"}],"author":[{"embeddable":true,"href":"https:\/\/www.europesays.com\/fi\/wp-json\/wp\/v2\/users\/2"}],"replies":[{"embeddable":true,"href":"https:\/\/www.europesays.com\/fi\/wp-json\/wp\/v2\/comments?post=85935"}],"version-history":[{"count":0,"href":"https:\/\/www.europesays.com\/fi\/wp-json\/wp\/v2\/posts\/85935\/revisions"}],"wp:featuredmedia":[{"embeddable":true,"href":"https:\/\/www.europesays.com\/fi\/wp-json\/wp\/v2\/media\/85936"}],"wp:attachment":[{"href":"https:\/\/www.europesays.com\/fi\/wp-json\/wp\/v2\/media?parent=85935"}],"wp:term":[{"taxonomy":"category","embeddable":true,"href":"https:\/\/www.europesays.com\/fi\/wp-json\/wp\/v2\/categories?post=85935"},{"taxonomy":"post_tag","embeddable":true,"href":"https:\/\/www.europesays.com\/fi\/wp-json\/wp\/v2\/tags?post=85935"}],"curies":[{"name":"wp","href":"https:\/\/api.w.org\/{rel}","templated":true}]}}