{"id":85961,"date":"2025-11-10T04:07:06","date_gmt":"2025-11-10T04:07:06","guid":{"rendered":"https:\/\/www.europesays.com\/fi\/85961\/"},"modified":"2025-11-10T04:07:06","modified_gmt":"2025-11-10T04:07:06","slug":"antti-tuisku-kertoi-jymyuutisen-petteri-orpon-viesti-julki-uutuusdokumentissa","status":"publish","type":"post","link":"https:\/\/www.europesays.com\/fi\/85961\/","title":{"rendered":"Antti Tuisku kertoi jymyuutisen \u2013 Petteri Orpon viesti julki uutuusdokumentissa"},"content":{"rendered":"<p>Ylen dokumenttisarja seuraa Antti Tuiskun el\u00e4m\u00e4\u00e4.<\/p>\n<p><img decoding=\"async\" class=\"image image-show image-preview\" src=\"https:\/\/www.europesays.com\/fi\/wp-content\/uploads\/2025\/11\/70007d19e12d8b64b2d7e9b17674e8ec2e8c82600491ee7601d4e57cb994267f.jpg\" alt=\"\"\/><img decoding=\"async\" class=\"image image-show\" src=\"https:\/\/www.europesays.com\/fi\/wp-content\/uploads\/2025\/11\/1762747626_817_70007d19e12d8b64b2d7e9b17674e8ec2e8c82600491ee7601d4e57cb994267f.jpg\" alt=\"\"\/><\/p>\n<p>Antti Tuiskusta kertova dokumentti tulee katsottavaksi marraskuussa.  ATTE KAJOVA<\/p>\n<p class=\"paragraph\">Krista Hannulan dokumentissa Antti Tuisku &#8211; Kuolemattomuusprojekti seurataan <a href=\"https:\/\/www.iltalehti.fi\/henkilot\/Antti Tuisku\" class=\"article-link-person-page\" rel=\"nofollow noopener\" target=\"_blank\">Antti Tuiskun<\/a> valmistautumista SM-hiihtoihin.<\/p>\n<p class=\"paragraph\">Tuisku p\u00e4\u00e4tti artistiuransa Ruisrockissa kes\u00e4ll\u00e4 2023. Helmikuussa 2024 h\u00e4n paljasti suorassa l\u00e4hetyksess\u00e4 t\u00e4ht\u00e4\u00e4v\u00e4ns\u00e4 SM-tason kilpahiiht\u00e4j\u00e4ksi ja osallistuvansa SM-kisoihin.<\/p>\n<p class=\"paragraph\">Dokumentissa Tuisku avaa puhelimensa ilmoituksensa j\u00e4lkeen.<\/p>\n<p class=\"paragraph\">\u2013 Mun Whatsapp nyt ainakin&#8230; T\u00e4\u00e4ll\u00e4 on viimeisin viesti <a href=\"https:\/\/www.iltalehti.fi\/henkilot\/Petteri Orpo\" class=\"article-link-person-page\" rel=\"nofollow noopener\" target=\"_blank\">Petteri Orpolta<\/a>, Tuisku sanoo puhelinta katsoessaan.<\/p>\n<p class=\"paragraph\">Tuisku lukee Orpon viestin.<\/p>\n<p class=\"paragraph\">\u2013 Hieno uusi projekti tai el\u00e4m\u00e4nvalinta. Huikeaa n\u00e4hd\u00e4, mihin latu johtaa. Onnea matkaan, Orpon viesti kuuluu.<\/p>\n<p>Petteri Orpo l\u00e4hetti Antti Tuiskulle kannustavan viestin.  Jenni G\u00e4stgivar<\/p>\n<p class=\"paragraph\">Tuisku ilahtuu viestist\u00e4, ja kertoo olevansa h\u00e4mmentynyt, miten paljon h\u00e4nen ilmoituksensa kiinnostaa.<\/p>\n<p class=\"paragraph\">\u2013 En tied\u00e4, milloin minusta on kirjoitettu n\u00e4in paljon yht\u00e4\u00e4n miss\u00e4\u00e4n, ei edes silloin kun lopetin mun uran.<\/p>\n<p class=\"paragraph\">Tuiskun p\u00e4\u00e4tavoite oli viime kev\u00e4\u00e4n SM-hiihdot Taivalkoskella. Tuisku hiihti 10 kilometri\u00e4 ajassa 31.34,3 ja oli 170:s.<\/p>\n<p class=\"paragraph\">SM-debyyttins\u00e4 h\u00e4n teki tammikuussa Imatralla SM-hiihtojen 10 kilometrin perinteisell\u00e4 aikaan 32.59,6.<\/p>\n<p class=\"paragraph\">Oman hiihtoprojektin lis\u00e4ksi Tuisku perusti AT Ski Teamin, jonka toiminnassa h\u00e4n on edelleen mukana.<\/p>\n<p class=\"paragraph\">Antti Tuisku &#8211; Kuolemattomuusprojekti on katsottavissa Yle Areenassa 10.11. alkaen ja TV2:ssa 16.11.<\/p>\n","protected":false},"excerpt":{"rendered":"Ylen dokumenttisarja seuraa Antti Tuiskun el\u00e4m\u00e4\u00e4. Antti Tuiskusta kertova dokumentti tulee katsottavaksi marraskuussa. ATTE KAJOVA Krista Hannulan dokumentissa&hellip;\n","protected":false},"author":2,"featured_media":85962,"comment_status":"","ping_status":"","sticky":false,"template":"","format":"standard","meta":{"footnotes":""},"categories":[136],"tags":[35,138,407,137,33,31,30,408,47,141,742,32,484,109],"class_list":{"0":"post-85961","1":"post","2":"type-post","3":"status-publish","4":"format-standard","5":"has-post-thumbnail","7":"category-julkkikset","8":"tag-24h","9":"tag-audio","10":"tag-celebrities","11":"tag-entertainment","12":"tag-fi","13":"tag-finland","14":"tag-finnish","15":"tag-julkkikset","16":"tag-musiikki","17":"tag-muusikot-bandit","18":"tag-suomalainen-musiikki","19":"tag-suomi","20":"tag-taiteellinen-ilmaisu-ja-mediat","21":"tag-viihde"},"share_on_mastodon":{"url":"https:\/\/pubeurope.com\/@fi\/115523436223470094","error":""},"_links":{"self":[{"href":"https:\/\/www.europesays.com\/fi\/wp-json\/wp\/v2\/posts\/85961","targetHints":{"allow":["GET"]}}],"collection":[{"href":"https:\/\/www.europesays.com\/fi\/wp-json\/wp\/v2\/posts"}],"about":[{"href":"https:\/\/www.europesays.com\/fi\/wp-json\/wp\/v2\/types\/post"}],"author":[{"embeddable":true,"href":"https:\/\/www.europesays.com\/fi\/wp-json\/wp\/v2\/users\/2"}],"replies":[{"embeddable":true,"href":"https:\/\/www.europesays.com\/fi\/wp-json\/wp\/v2\/comments?post=85961"}],"version-history":[{"count":0,"href":"https:\/\/www.europesays.com\/fi\/wp-json\/wp\/v2\/posts\/85961\/revisions"}],"wp:featuredmedia":[{"embeddable":true,"href":"https:\/\/www.europesays.com\/fi\/wp-json\/wp\/v2\/media\/85962"}],"wp:attachment":[{"href":"https:\/\/www.europesays.com\/fi\/wp-json\/wp\/v2\/media?parent=85961"}],"wp:term":[{"taxonomy":"category","embeddable":true,"href":"https:\/\/www.europesays.com\/fi\/wp-json\/wp\/v2\/categories?post=85961"},{"taxonomy":"post_tag","embeddable":true,"href":"https:\/\/www.europesays.com\/fi\/wp-json\/wp\/v2\/tags?post=85961"}],"curies":[{"name":"wp","href":"https:\/\/api.w.org\/{rel}","templated":true}]}}