{"id":85988,"date":"2025-11-10T04:46:07","date_gmt":"2025-11-10T04:46:07","guid":{"rendered":"https:\/\/www.europesays.com\/fi\/85988\/"},"modified":"2025-11-10T04:46:07","modified_gmt":"2025-11-10T04:46:07","slug":"valppaana-aamuliikenteessa-ajokeli-heikkoa-hs-fi","status":"publish","type":"post","link":"https:\/\/www.europesays.com\/fi\/85988\/","title":{"rendered":"Valppaana aamuliikenteess\u00e4: ajokeli heikkoa | HS.fi"},"content":{"rendered":"<p>S\u00e4\u00e4|Talvirenkaat on hyv\u00e4 vaihtaa alkavan viikon aikana.<\/p>\n<p class=\"article-body mb-nof-24 px-nof-16\">Ty\u00f6matkaa autolla taittavien on syyt\u00e4 olla valppaana aamun liikenteess\u00e4. Ilmatieteen laitos varoittaa ajokelin olevan huono usealla alueella tienpintojen j\u00e4\u00e4tymisen vuoksi.<\/p>\n<p class=\"article-body mb-nof-24 px-nof-16\">Liikennevaroituksia on voimassa aamuun asti laajalti maan keskiosissa aina rannikolta it\u00e4rajalle saakka.<\/p>\n<p class=\"article-body mb-nof-24 px-nof-16\">Fintrafficin Tieliikennekeskus varoitti osaltaan maanantaina ennen kello viitt\u00e4, ett\u00e4 tiet ovat paikoin liukkaita maan keskiosassa.<\/p>\n<p class=\"article-body mb-nof-24 px-nof-16\">Teiden pintal\u00e4mp\u00f6tila voi olla etel\u00e4ss\u00e4kin paikoittain pakkasella. Meteorologin mukaan autoon on syyt\u00e4 vaihtaa talvirenkaat viimeist\u00e4\u00e4n alkavan viikon aikana.<\/p>\n<p class=\"article-body mb-nof-24 px-nof-16\">\u201dViikon puoliv\u00e4liss\u00e4 alkavat olla ne hetket k\u00e4sill\u00e4, ett\u00e4 talvirenkaat kannattaa vaihtaa, jos ei viel\u00e4 ole vaihtanut\u201d, Ilmatieteen laitoksen p\u00e4ivyst\u00e4v\u00e4 meteorologi <a class=\"article-personlink\" href=\"https:\/\/www.hs.fi\/haku\/?query=Tuukka%20Ker%C3%A4nen\" rel=\"nofollow noopener\" target=\"_blank\">Tuukka Ker\u00e4nen<\/a> kertoi STT:lle sunnuntaina.<\/p>\n<p class=\"article-body mb-nof-24 px-nof-16\">Ilmatieteen laitoksen mukaan alkava viikko tuo tullessaan vaihtelevaa s\u00e4\u00e4t\u00e4 ja ainakin osassa maata erityisesti loppuviikko n\u00e4ytt\u00e4\u00e4 varsin talviselta.<\/p>\n<p class=\"article-body mb-nof-24 px-nof-16\">Pakkasraja kulkee alkuviikosta Kainuun ja Pohjois-Pohjanmaan pohjoispuolella.<\/p>\n<p class=\"article-body mb-nof-24 px-nof-16\">Suomeen virtaa tiistain ja keskiviikon tienoilla kuitenkin viel\u00e4 lis\u00e4\u00e4 l\u00e4mmint\u00e4 ilmaa. Etel\u00e4ss\u00e4 elohopea voi kiivet\u00e4 j\u00e4lleen l\u00e4hes kymmeneen asteeseen. Viikon puoliv\u00e4list\u00e4 alkaen Suomeen saapuu sateita, jotka tulevat maan pohjoisosassa lumena ja muualla paikoittain veten\u00e4.<\/p>\n<p class=\"article-body mb-nof-24 px-nof-16\">\u201dLapissa varsinkin menee talviseksi, lunta voi olla viikon p\u00e4\u00e4st\u00e4 varsin reippaastikin maassa. Etel\u00e4ss\u00e4 voidaan (lunta) viel\u00e4 joutua odottelemaan\u201d, Ker\u00e4nen arvioi.<\/p>\n","protected":false},"excerpt":{"rendered":"S\u00e4\u00e4|Talvirenkaat on hyv\u00e4 vaihtaa alkavan viikon aikana. Ty\u00f6matkaa autolla taittavien on syyt\u00e4 olla valppaana aamun liikenteess\u00e4. Ilmatieteen laitos&hellip;\n","protected":false},"author":2,"featured_media":79326,"comment_status":"","ping_status":"","sticky":false,"template":"","format":"standard","meta":{"footnotes":""},"categories":[12],"tags":[22,23,26,27,33,31,30,17,46,24,25,28,29,15,18,21,32,19,20,16],"class_list":{"0":"post-85988","1":"post","2":"type-post","3":"status-publish","4":"format-standard","5":"has-post-thumbnail","7":"category-suomi","8":"tag-breaking-news","9":"tag-breakingnews","10":"tag-featured-news","11":"tag-featurednews","12":"tag-fi","13":"tag-finland","14":"tag-finnish","15":"tag-headlines","16":"tag-helsingin-sanomat","17":"tag-latest-news","18":"tag-latestnews","19":"tag-main-news","20":"tag-mainnews","21":"tag-news","22":"tag-otsikot","23":"tag-paauutiset","24":"tag-suomi","25":"tag-top-stories","26":"tag-topstories","27":"tag-uutiset"},"share_on_mastodon":{"url":"https:\/\/pubeurope.com\/@fi\/115523589566340765","error":""},"_links":{"self":[{"href":"https:\/\/www.europesays.com\/fi\/wp-json\/wp\/v2\/posts\/85988","targetHints":{"allow":["GET"]}}],"collection":[{"href":"https:\/\/www.europesays.com\/fi\/wp-json\/wp\/v2\/posts"}],"about":[{"href":"https:\/\/www.europesays.com\/fi\/wp-json\/wp\/v2\/types\/post"}],"author":[{"embeddable":true,"href":"https:\/\/www.europesays.com\/fi\/wp-json\/wp\/v2\/users\/2"}],"replies":[{"embeddable":true,"href":"https:\/\/www.europesays.com\/fi\/wp-json\/wp\/v2\/comments?post=85988"}],"version-history":[{"count":0,"href":"https:\/\/www.europesays.com\/fi\/wp-json\/wp\/v2\/posts\/85988\/revisions"}],"wp:featuredmedia":[{"embeddable":true,"href":"https:\/\/www.europesays.com\/fi\/wp-json\/wp\/v2\/media\/79326"}],"wp:attachment":[{"href":"https:\/\/www.europesays.com\/fi\/wp-json\/wp\/v2\/media?parent=85988"}],"wp:term":[{"taxonomy":"category","embeddable":true,"href":"https:\/\/www.europesays.com\/fi\/wp-json\/wp\/v2\/categories?post=85988"},{"taxonomy":"post_tag","embeddable":true,"href":"https:\/\/www.europesays.com\/fi\/wp-json\/wp\/v2\/tags?post=85988"}],"curies":[{"name":"wp","href":"https:\/\/api.w.org\/{rel}","templated":true}]}}