{"id":85989,"date":"2025-11-10T04:47:10","date_gmt":"2025-11-10T04:47:10","guid":{"rendered":"https:\/\/www.europesays.com\/fi\/85989\/"},"modified":"2025-11-10T04:47:10","modified_gmt":"2025-11-10T04:47:10","slug":"tahti-saapui-usasta-naky-suomessa-veti-noyraksi","status":"publish","type":"post","link":"https:\/\/www.europesays.com\/fi\/85989\/","title":{"rendered":"T\u00e4hti saapui USA:sta\u2013 N\u00e4ky Suomessa veti n\u00f6yr\u00e4ksi"},"content":{"rendered":"<p>Miljoonamiehen veti n\u00f6yr\u00e4ksi kaksi asiaa: Aatelointi ja lonkeronharmaa marraskuu.<\/p>\n<p><img decoding=\"async\" class=\"image image-show image-preview\" src=\"https:\/\/www.europesays.com\/fi\/wp-content\/uploads\/2025\/11\/22e3cce9ea625d53ef411908fdfd2145a1cda44e4e918fa69e1d182f07ff965d.jpg\" alt=\"\"\/><img decoding=\"async\" class=\"image image-show\" src=\"https:\/\/www.europesays.com\/fi\/wp-content\/uploads\/2025\/11\/1762750028_619_22e3cce9ea625d53ef411908fdfd2145a1cda44e4e918fa69e1d182f07ff965d.jpg\" alt=\"\"\/><\/p>\n<p>Tuukka Rask ojensi Emil Larmille palkinnon lauantaina EHT-ottelun j\u00e4lkeen. Mika Kylm\u00e4niemi \/ Suomen J\u00e4\u00e4kiekkoliitto<\/p>\n<p class=\"paragraph\">Ex-kiekkoilija <strong>Tuukka Rask<\/strong>, 38, sai lauantaina Tampereella komean kunnianosoituksen. Rask aateloitiin viiden muun henkil\u00f6n kanssa suomalaisen j\u00e4\u00e4kiekon kunniagalleriaan.<\/p>\n<p class=\"paragraph\">Maalivahtina 564 NHL:n runkosarjaottelua pelannut ja kerran NHL:n parhaalle maalivahdille jaettavan Vezina-palkinnon voittanut Rask on nyt J\u00e4\u00e4kiekkoleijona numero 283.<\/p>\n<p class=\"paragraph\">Lauantain aatelointitilaisuuden vet\u00e4j\u00e4 <strong>Pepe J\u00fcrgens<\/strong> veisteli Raskia esitelless\u00e4\u00e4n, ett\u00e4 maalivahti pelasi \u201dper\u00e4ti\u201d 14 maaottelua.<\/p>\n<p class=\"paragraph\">Hyv\u00e4ntuulisen ja rennon puheen pit\u00e4nyt Rask kiitteli pilke silm\u00e4kulmassa J\u00fcrgensi\u00e4 huomiosta ja totesi, ett\u00e4 nuorten ja aikuisten maajoukkueissa h\u00e4nelle isoin asia olivat syntyneet yst\u00e4vyyssuhteet.<\/p>\n<p class=\"paragraph\">\u2013\u2009Ne kantavat urankin j\u00e4lkeen, Rask sanoi puheessaan.<\/p>\n<p>J\u00e4\u00e4kiekkoleijoniksi aateloitiin Topi Jaakola, Mika Py\u00f6r\u00e4l\u00e4, Tuukka Rask, Anssi Salmela, Johanna Kuisma ja Jukka-Pekka Vuorinen. Tomi Natri \/ AOP<\/p>\n<p>\u201dVet\u00e4\u00e4 n\u00f6yr\u00e4ksi\u201d<\/p>\n<p class=\"paragraph\">Raskin uran saavutuksiin kuuluvat my\u00f6s muun muassa Stanley Cup Boston Bruinsin kakkosvahtina ja olympiapronssi Leijonissa.<\/p>\n<p class=\"paragraph\">Tuore kunnianosoitus miellytti Savonlinnasta ponnistanutta miest\u00e4.<\/p>\n<p class=\"paragraph\">\u2013\u2009T\u00e4m\u00e4 on todella erityinen asia. Vet\u00e4\u00e4 n\u00f6yr\u00e4ksi, kun katsoo noita legendoja, joita t\u00e4ss\u00e4kin huoneessa oli ja jotka ovat vuosien saatossa saaneet aateloinnin. On hieno ja n\u00f6yr\u00e4 olo kuulua samaan joukkoon, Rask sanoi.<\/p>\n<p class=\"paragraph\">Rask edusti Bruinsia 2007\u20132022 ja on asettunut perheens\u00e4 kanssa Bostoniin.<\/p>\n<p class=\"paragraph\">Yleens\u00e4 Ilveksen mies k\u00e4y Suomessa kerran kes\u00e4ss\u00e4 noin kuukauden reissulla, mutta aatelointi toi Raskin harvinaista kyll\u00e4 marraskuiseen Suomeen.<\/p>\n<p class=\"paragraph\">\u2013\u2009Marraskuussa en ole k\u00e4ynyt Suomessa varmaan kymmeneen vuoteen. Tietysti tuo lonkeronharmauskin pit\u00e4\u00e4 n\u00f6yr\u00e4n\u00e4, Rask veisteli.<\/p>\n<p>Rask n\u00e4ki pitk\u00e4st\u00e4 aikaa marraskuisen Tampereen. <\/p>\n<p>J\u00e4tk\u00e4porukka<\/p>\n<p class=\"paragraph\">Raskin perhe ei saapunut Tampereelle, sill\u00e4 lapsilla on Bostonissa koulu k\u00e4ynniss\u00e4.<\/p>\n<p class=\"paragraph\">Raskin ei kuitenkaan tarvinnut matkustaa Suomeen yksin. Pohjoisamerikkalaiset yst\u00e4v\u00e4t kunnioittivat tilaisuutta l\u00e4sn\u00e4olollaan.<\/p>\n<p class=\"paragraph\">\u2013\u2009Kaverit saivat vihi\u00e4, ett\u00e4 t\u00e4llainen juttu on, niin he p\u00e4\u00e4ttiv\u00e4t l\u00e4hte\u00e4 mukaan. Min\u00e4 sanoin, ett\u00e4 tulkaa, niin menn\u00e4\u00e4n m\u00f6kille pariksi p\u00e4iv\u00e4ksi.<\/p>\n<p class=\"paragraph\">Seurue saapui Suomeen torstaina, vietti ensimm\u00e4isen y\u00f6n Helsingiss\u00e4 ja kaksi seuraavaa Raskin m\u00f6kill\u00e4. Porukkaan kuului my\u00f6s Tuukan veli <strong>Joonas Rask<\/strong>.<\/p>\n<p class=\"paragraph\">Lauantain Suomi\u2013T\u0161ekki-pelin j\u00e4lkeen yst\u00e4vykset suuntasivat siipiravintolaan.<\/p>\n<p class=\"paragraph\">\u2013\u2009N\u00e4yt\u00e4n jenkeille Suomen parhaat siivet, Rask lupasi.<\/p>\n<p>Rask edusti NHL:ss\u00e4 vain Boston Bruinsia. AOP<\/p>\n<p>Helppoja hommia<\/p>\n<p class=\"paragraph\">Rask tienasi NHL-urallaan bruttona arviolta yli 65 miljoonaa dollaria, joten miehell\u00e4 ei mit\u00e4 todenn\u00e4k\u00f6isimmin ole taloudellista painetta p\u00e4iv\u00e4t\u00f6ihin siirtymiseen.<\/p>\n<p class=\"paragraph\">Rask on nyky\u00e4\u00e4n Bruinsin br\u00e4ndil\u00e4hettil\u00e4s, mihin kuuluu muun muassa n\u00e4ytt\u00e4ytymist\u00e4 asiakkaille ja kumppaneille peleiss\u00e4.<\/p>\n<p class=\"paragraph\">Lis\u00e4ksi h\u00e4n on tehnyt jonkin verran tv-esiintymisi\u00e4 j\u00e4\u00e4kiekkol\u00e4hetyksiss\u00e4 USA:ssa. Rask on saanut luontevista esiintymisist\u00e4\u00e4n positiivista palautetta.<\/p>\n<p class=\"paragraph\">Varakas mies on lis\u00e4ksi osakkaana esimerkiksi Ilveksess\u00e4 ja lonkeroa USA:han viev\u00e4ss\u00e4 virvoitusjuomayrityksess\u00e4, mutta ty\u00f6t\u00e4 osakkuudet eiv\u00e4t tarkoita.<\/p>\n<p class=\"paragraph\">K\u00e4ytett\u00e4viss\u00e4 olevan ajan suurimmat menoer\u00e4t saattavatkin olla perhe ja golf.<\/p>\n<p class=\"paragraph\">\u2013\u2009Bostonissa kelit jatkuvat aika pitk\u00e4lle syksyyn hyv\u00e4n\u00e4, Rask sanoi ja viittasi golfiin.<\/p>\n<p class=\"paragraph\">\u2013\u2009Helppoja hommia el\u00e4kel\u00e4iselle.<\/p>\n<p>Savonlinnasta ponnistanut Rask siirtyi juniorina Ilvekseen, miss\u00e4 h\u00e4n teki l\u00e4pimurtonsa. VELI-MATTI PARKKINEN<\/p>\n<p><a href=\"https:\/\/www.iltalehti.fi\/telkku\/?utm_source=iltalehti.fi&amp;utm_medium=almainternal&amp;utm_campaign=urheilu_artikkelibanneri&amp;utm_content=banner_612_a\" rel=\"nofollow noopener\" target=\"_blank\"><img decoding=\"async\" src=\"https:\/\/www.europesays.com\/fi\/wp-content\/uploads\/2025\/08\/7ef604e47d46ca174b7df4149bd3557dbde56a86d520f8e1b2125548b0a2e03a.png\" alt=\"TV-ohjelmat t\u00e4n\u00e4\u00e4n, TV-opas\"\/><\/a><\/p>\n","protected":false},"excerpt":{"rendered":"Miljoonamiehen veti n\u00f6yr\u00e4ksi kaksi asiaa: Aatelointi ja lonkeronharmaa marraskuu. Tuukka Rask ojensi Emil Larmille palkinnon lauantaina EHT-ottelun j\u00e4lkeen.&hellip;\n","protected":false},"author":2,"featured_media":85990,"comment_status":"","ping_status":"","sticky":false,"template":"","format":"standard","meta":{"footnotes":""},"categories":[5],"tags":[35,1144,1274,22,23,26,27,33,31,30,17,1143,24,25,41,28,29,15,18,21,32,1145,19,20,16],"class_list":{"0":"post-85989","1":"post","2":"type-post","3":"status-publish","4":"format-standard","5":"has-post-thumbnail","7":"category-otsikot","8":"tag-24h","9":"tag-ammattilaisjaakiekko","10":"tag-ammattiurheilu","11":"tag-breaking-news","12":"tag-breakingnews","13":"tag-featured-news","14":"tag-featurednews","15":"tag-fi","16":"tag-finland","17":"tag-finnish","18":"tag-headlines","19":"tag-jaakiekko","20":"tag-latest-news","21":"tag-latestnews","22":"tag-liikunta-ja-urheilu","23":"tag-main-news","24":"tag-mainnews","25":"tag-news","26":"tag-otsikot","27":"tag-paauutiset","28":"tag-suomi","29":"tag-talviurheilu","30":"tag-top-stories","31":"tag-topstories","32":"tag-uutiset"},"share_on_mastodon":{"url":"https:\/\/pubeurope.com\/@fi\/115523593507925379","error":""},"_links":{"self":[{"href":"https:\/\/www.europesays.com\/fi\/wp-json\/wp\/v2\/posts\/85989","targetHints":{"allow":["GET"]}}],"collection":[{"href":"https:\/\/www.europesays.com\/fi\/wp-json\/wp\/v2\/posts"}],"about":[{"href":"https:\/\/www.europesays.com\/fi\/wp-json\/wp\/v2\/types\/post"}],"author":[{"embeddable":true,"href":"https:\/\/www.europesays.com\/fi\/wp-json\/wp\/v2\/users\/2"}],"replies":[{"embeddable":true,"href":"https:\/\/www.europesays.com\/fi\/wp-json\/wp\/v2\/comments?post=85989"}],"version-history":[{"count":0,"href":"https:\/\/www.europesays.com\/fi\/wp-json\/wp\/v2\/posts\/85989\/revisions"}],"wp:featuredmedia":[{"embeddable":true,"href":"https:\/\/www.europesays.com\/fi\/wp-json\/wp\/v2\/media\/85990"}],"wp:attachment":[{"href":"https:\/\/www.europesays.com\/fi\/wp-json\/wp\/v2\/media?parent=85989"}],"wp:term":[{"taxonomy":"category","embeddable":true,"href":"https:\/\/www.europesays.com\/fi\/wp-json\/wp\/v2\/categories?post=85989"},{"taxonomy":"post_tag","embeddable":true,"href":"https:\/\/www.europesays.com\/fi\/wp-json\/wp\/v2\/tags?post=85989"}],"curies":[{"name":"wp","href":"https:\/\/api.w.org\/{rel}","templated":true}]}}