{"id":86011,"date":"2025-11-10T05:33:09","date_gmt":"2025-11-10T05:33:09","guid":{"rendered":"https:\/\/www.europesays.com\/fi\/86011\/"},"modified":"2025-11-10T05:33:09","modified_gmt":"2025-11-10T05:33:09","slug":"mestariohjaajan-uusi-fantasiakauhu-on-menestys-heti-netflixin-top-listan-1-sijalle","status":"publish","type":"post","link":"https:\/\/www.europesays.com\/fi\/86011\/","title":{"rendered":"Mestariohjaajan uusi fantasiakauhu on menestys &#8211; heti Netflixin Top-listan 1. sijalle!"},"content":{"rendered":"<p>Netflixin ykk\u00f6sen\u00e4 porskuttaa nyt uusi elokuva, joka tiputti k\u00e4rkipaikalta suomalaisen elokuvan Sisu. Se l\u00f6ytyy nyt sijalta kolme.<\/p>\n<p>Kakkosena on t\u00e4ll\u00e4 hetkell\u00e4 elokuva Mango. Se on tanskalainen tuotanto, joka kertoo hotellip\u00e4\u00e4llik\u00f6st\u00e4, joka ei osaa irrottautua ty\u00f6st\u00e4\u00e4n. H\u00e4n ajautuu riitoihin mangotilan omistajan kanssa maista ja mannuista, ja pian heid\u00e4n v\u00e4lill\u00e4\u00e4n alkaa kyte\u00e4 aivan toisenlaisia tunteita. Mangon IMDb-arvosana on t\u00e4ll\u00e4 hetkell\u00e4 5,7.<\/p>\n<p>Ykk\u00f6sijalla komeilee uunituore kauhuelokuva Frankenstein. Klassisen tarinan versiointi kertoo tohtori Victor Frankensteinista, joka on loistava mutta itsekeskeinen tiedemies. H\u00e4n her\u00e4tt\u00e4\u00e4 hirvi\u00f6m\u00e4isess\u00e4 kokeessaan eloon olennon, jonka synty koituu h\u00e4nen tuhokseen. Leffan IMDb-arvosana on 7,7.<\/p>\n<p>N\u00e4yttelij\u00f6in\u00e4 n\u00e4hd\u00e4\u00e4n <strong>Oscar Isaac, Jacob Elordi, Mia Goth, Christoph Waltz, Felix Kammerer, Charles Dance, David Bradley <\/strong>ja <strong>Ralph Ineson<\/strong>. Ohjauksesta vastaa mestari <strong>Guillermo del Toro<\/strong>. Alla traileri.<\/p>\n<p>Lue my\u00f6s: <a href=\"https:\/\/www.episodi.fi\/uutiset\/nyt-suoratoistona-trillerin-naistahti-paljastui-todelliseksi-tarkka-ampujaksi-nayttelija-loi-leivilta-salaisen-palvelun-agentitkin\/\" title=\"Nyt suoratoistona: Trillerin naist\u00e4hti paljastui todelliseksi tarkka-ampujaksi \u2013 n\u00e4yttelij\u00e4 l\u00f6i leivilt\u00e4 Salaisen palvelun agentitkin!\" class=\"underline-custom !font-montserrat !font-bold !underline-offset-4 !decoration-4 !decoration-episodi-blue !text-md\" rel=\"nofollow noopener\" target=\"_blank\">Nyt suoratoistona: Trillerin naist\u00e4hti paljastui todelliseksi tarkka-ampujaksi \u2013 n\u00e4yttelij\u00e4 l\u00f6i leivilt\u00e4 Salaisen palvelun agentitkin!<\/a><\/p>\n<p>Lue my\u00f6s: <a href=\"https:\/\/www.episodi.fi\/uutiset\/247706\/\" title=\"Nyt suoratoistona: Shrek-hahmo loistaa omassa \u201dZorro\u201d-elokuvassaan \u2013 p\u00e4\u00e4si Oscar-ehdokkaaksi\" class=\"underline-custom !font-montserrat !font-bold !underline-offset-4 !decoration-4 !decoration-episodi-blue !text-md\" rel=\"nofollow noopener\" target=\"_blank\">Nyt suoratoistona: Shrek-hahmo loistaa omassa \u201dZorro\u201d-elokuvassaan \u2013 p\u00e4\u00e4si Oscar-ehdokkaaksi<\/a><\/p>\n<p>Lue my\u00f6s: <a href=\"https:\/\/www.episodi.fi\/uutiset\/nyt-netflixissa-ihmeellisia-otuksia-ryan-reynoldsin-kera-mukana-myos-konttori-tahtia\/\" title=\"Nyt Netflixiss\u00e4: Ihmeellisi\u00e4 otuksia Ryan Reynoldsin kera \u2013 mukana my\u00f6s Konttori-t\u00e4hti\u00e4\" class=\"underline-custom !font-montserrat !font-bold !underline-offset-4 !decoration-4 !decoration-episodi-blue !text-md\" rel=\"nofollow noopener\" target=\"_blank\">Nyt Netflixiss\u00e4: Ihmeellisi\u00e4 otuksia Ryan Reynoldsin kera \u2013 mukana my\u00f6s Konttori-t\u00e4hti\u00e4<\/a><\/p>\n<p>Lue my\u00f6s: <a href=\"https:\/\/www.episodi.fi\/uutiset\/nyt-suoratoistona-jannittava-oikeussalileffa-hoffman-ja-hackman-lahtivat-kuvauksista-vetamaan-kannit\/\" title=\"Nyt suoratoistona: J\u00e4nnitt\u00e4v\u00e4 oikeussalileffa \u2013 Hoffman ja Hackman l\u00e4htiv\u00e4t kuvauksista vet\u00e4m\u00e4\u00e4n k\u00e4nnit\" class=\"underline-custom !font-montserrat !font-bold !underline-offset-4 !decoration-4 !decoration-episodi-blue !text-md\" rel=\"nofollow noopener\" target=\"_blank\">Nyt suoratoistona: J\u00e4nnitt\u00e4v\u00e4 oikeussalileffa \u2013 Hoffman ja Hackman l\u00e4htiv\u00e4t kuvauksista vet\u00e4m\u00e4\u00e4n k\u00e4nnit<\/a><\/p>\n<p><img loading=\"lazy\" decoding=\"async\" alt=\"YouTube video\" width=\"480\" height=\"360\" data-pin-nopin=\"true\" nopin=\"nopin\" class=\"perfmatters-lazy\" src=\"https:\/\/www.europesays.com\/fi\/wp-content\/uploads\/2025\/10\/1759329609_387_hqdefault.jpg\"\/><\/p>\n<p>Lue my\u00f6s: <a href=\"https:\/\/www.episodi.fi\/uutiskirje\/?uutiskirjemainos=tekstilinkkimainos\" title=\"Tilaa Episodin uutiskirje ja voit voittaa leffalippuja! Nappaa tv-vinkit suoraan s\u00e4hk\u00f6postiin t\u00e4st\u00e4.\" class=\"underline-custom !font-montserrat !font-bold !underline-offset-4 !decoration-4 !decoration-episodi-blue !text-md\" rel=\"nofollow noopener\" target=\"_blank\">Tilaa Episodin uutiskirje ja voit voittaa leffalippuja! Nappaa katseluvinkit suoraan s\u00e4hk\u00f6postiin t\u00e4st\u00e4.<\/a><\/p>\n","protected":false},"excerpt":{"rendered":"Netflixin ykk\u00f6sen\u00e4 porskuttaa nyt uusi elokuva, joka tiputti k\u00e4rkipaikalta suomalaisen elokuvan Sisu. Se l\u00f6ytyy nyt sijalta kolme. Kakkosena&hellip;\n","protected":false},"author":2,"featured_media":50612,"comment_status":"","ping_status":"","sticky":false,"template":"","format":"standard","meta":{"footnotes":""},"categories":[130],"tags":[137,33,31,30,217,32,109],"class_list":{"0":"post-86011","1":"post","2":"type-post","3":"status-publish","4":"format-standard","5":"has-post-thumbnail","7":"category-viihde","8":"tag-entertainment","9":"tag-fi","10":"tag-finland","11":"tag-finnish","12":"tag-netflix","13":"tag-suomi","14":"tag-viihde"},"share_on_mastodon":{"url":"https:\/\/pubeurope.com\/@fi\/115523774376281604","error":""},"_links":{"self":[{"href":"https:\/\/www.europesays.com\/fi\/wp-json\/wp\/v2\/posts\/86011","targetHints":{"allow":["GET"]}}],"collection":[{"href":"https:\/\/www.europesays.com\/fi\/wp-json\/wp\/v2\/posts"}],"about":[{"href":"https:\/\/www.europesays.com\/fi\/wp-json\/wp\/v2\/types\/post"}],"author":[{"embeddable":true,"href":"https:\/\/www.europesays.com\/fi\/wp-json\/wp\/v2\/users\/2"}],"replies":[{"embeddable":true,"href":"https:\/\/www.europesays.com\/fi\/wp-json\/wp\/v2\/comments?post=86011"}],"version-history":[{"count":0,"href":"https:\/\/www.europesays.com\/fi\/wp-json\/wp\/v2\/posts\/86011\/revisions"}],"wp:featuredmedia":[{"embeddable":true,"href":"https:\/\/www.europesays.com\/fi\/wp-json\/wp\/v2\/media\/50612"}],"wp:attachment":[{"href":"https:\/\/www.europesays.com\/fi\/wp-json\/wp\/v2\/media?parent=86011"}],"wp:term":[{"taxonomy":"category","embeddable":true,"href":"https:\/\/www.europesays.com\/fi\/wp-json\/wp\/v2\/categories?post=86011"},{"taxonomy":"post_tag","embeddable":true,"href":"https:\/\/www.europesays.com\/fi\/wp-json\/wp\/v2\/tags?post=86011"}],"curies":[{"name":"wp","href":"https:\/\/api.w.org\/{rel}","templated":true}]}}