{"id":86031,"date":"2025-11-10T06:04:07","date_gmt":"2025-11-10T06:04:07","guid":{"rendered":"https:\/\/www.europesays.com\/fi\/86031\/"},"modified":"2025-11-10T06:04:07","modified_gmt":"2025-11-10T06:04:07","slug":"yli-30-vuotta-elakkeella-olleita-on-jo-lahes-30-000-ja-maara-kasvaa-kysyimme-onko-tama-oikeudenmukaista-nuorille-talous","status":"publish","type":"post","link":"https:\/\/www.europesays.com\/fi\/86031\/","title":{"rendered":"Yli 30 vuotta el\u00e4kkeell\u00e4 olleita on jo l\u00e4hes 30 000 ja m\u00e4\u00e4r\u00e4 kasvaa \u2013 kysyimme onko t\u00e4m\u00e4 oikeuden\u00admukaista nuorille? | Talous"},"content":{"rendered":"<p class=\"aw-1gybjub aw-1p7kakr kEtdKx cEmitX yle__article__paragraph\">Vuosikymmeni\u00e4 kest\u00e4v\u00e4t el\u00e4kep\u00e4iv\u00e4t ovat yh\u00e4 yleisempi ilmi\u00f6.<\/p>\n<p class=\"aw-1gybjub aw-1p7kakr kEtdKx cEmitX yle__article__paragraph\">Yli 30 vuotta el\u00e4kkeell\u00e4 olleiden ihmisten m\u00e4\u00e4r\u00e4 on kasvanut vauhdilla. Vuonna 2010 heit\u00e4 oli alle 10\u00a0000, mutta t\u00e4n\u00e4 vuonna m\u00e4\u00e4r\u00e4 on l\u00e4hes kolminkertaistunut. Yle pyysi luvut El\u00e4keturvakeskuksesta.<\/p>\n<p class=\"aw-1gybjub aw-1p7kakr kEtdKx cEmitX yle__article__paragraph\">T\u00e4ss\u00e4 jutussa puhumme 30 vuotta kest\u00e4neist\u00e4 el\u00e4kep\u00e4ivist\u00e4, koska t\u00e4m\u00e4 on helppo suhteuttaa siihen aikaan, jonka suomalaiset keskim\u00e4\u00e4rin tekev\u00e4t t\u00f6it\u00e4.<\/p>\n<p class=\"aw-1gybjub aw-1p7kakr kEtdKx cEmitX yle__article__paragraph\">ETK:n tutkimuksen mukaan <a class=\"aw-iao6s4 iHOxEa yle__article__link\" href=\"https:\/\/www.julkari.fi\/bitstream\/handle\/10024\/152255\/tyoelakeindikaattorit-2025.pdf?sequence=7&amp;isAllowed=y\" role=\"link\" rel=\"nofollow noopener\" target=\"_blank\">ansiot\u00f6it\u00e4 tehd\u00e4\u00e4n v\u00e4h\u00e4n yli 32 vuotta<\/a>. Jos ty\u00f6kyvytt\u00f6myysel\u00e4kkeet j\u00e4tet\u00e4\u00e4n pois laskuista, on vanhuusel\u00e4kkeelle siirtyv\u00e4n ihmisen ty\u00f6ura kest\u00e4nyt tyypillisimmin 39,7 vuotta.<\/p>\n<p class=\"aw-1gybjub aw-1p7kakr kEtdKx cEmitX yle__article__paragraph\">Yli 30 vuotta el\u00e4kkeell\u00e4 viett\u00e4neiden m\u00e4\u00e4r\u00e4 on l\u00e4htenyt juuri t\u00e4n\u00e4 vuonna jyrkk\u00e4\u00e4n nousuun. Nyt heit\u00e4 on noin 28\u00a0000. M\u00e4\u00e4r\u00e4 kasvoi vuodessa noin kahdella tuhannella.<\/p>\n<p class=\"aw-1gybjub aw-1p7kakr kEtdKx cEmitX yle__article__paragraph\">El\u00e4keturvan (ETK) kehitysp\u00e4\u00e4llikk\u00f6 <strong class=\"aw-ak79eh KyCXm yle__article__strong\">Jari Kannisto<\/strong> ja tilastotutkija <strong class=\"aw-ak79eh KyCXm yle__article__strong\">Jukka Lampi<\/strong> laskivat Ylelle miten tilanne tulee kehittym\u00e4\u00e4n. El\u00e4kekysymyksiss\u00e4 ei n\u00e4perrell\u00e4 ja ennuste ulottuukin vuoteen 2060 saakka.<\/p>\n<p class=\"aw-1gybjub aw-1p7kakr kEtdKx cEmitX yle__article__paragraph\">Ennustelaskelman mukaan yli 30 vuoden el\u00e4keuran saavuttaneiden m\u00e4\u00e4r\u00e4 noin kolminkertaistuu niin, ett\u00e4 parikymmenen vuoden kuluttua koittavassa huipussa heid\u00e4n m\u00e4\u00e4r\u00e4ns\u00e4 ylitt\u00e4\u00e4 selv\u00e4sti 80\u00a0000 rajan. Sen j\u00e4lkeen suurten ik\u00e4luokkien rivit alkavat harventua.<\/p>\n<p class=\"aw-1gybjub aw-1p7kakr kEtdKx cEmitX yle__article__paragraph\">Pitkien el\u00e4kkeiden m\u00e4\u00e4r\u00e4 siis kasvaa, mutta niiden osuus kaikista el\u00e4kel\u00e4isist\u00e4 on sittenkin vain muutamia prosentteja, sill\u00e4 el\u00e4kel\u00e4isten m\u00e4\u00e4r\u00e4 kaikkiaan nousee puoleentoista miljoonaan.<\/p>\n<p>J\u00e4rjestelm\u00e4 kest\u00e4\u00e4, jos ty\u00f6aika pitenee el\u00e4keaikaa enemm\u00e4n<\/p>\n<p class=\"aw-1gybjub aw-1p7kakr kEtdKx cEmitX yle__article__paragraph\">Kehitysp\u00e4\u00e4llikk\u00f6 Kannisto ei h\u00e4tk\u00e4hd\u00e4 yli 30 vuotta el\u00e4kkeill\u00e4 olleiden m\u00e4\u00e4r\u00e4n kehityst\u00e4. H\u00e4nen mukaansa muutos on vastannut hyvin odotuksia.<\/p>\n<p class=\"aw-1gybjub aw-1p7kakr kEtdKx cEmitX yle__article__paragraph\">Viime vuonna maksetuista el\u00e4kkeist\u00e4 kolme nelj\u00e4sosaa katettiin palkansaajien ja ty\u00f6nantajien maksamilla ty\u00f6el\u00e4kemaksuilla. Loppuosaa katetaan valtion osuudella ja el\u00e4kerahastojen sijoitustuotoilla.<\/p>\n<p class=\"aw-1gybjub aw-1p7kakr kEtdKx cEmitX yle__article__paragraph\">Mutta onko nuorempien sukupolvien n\u00e4k\u00f6kulmasta oikeudenmukaista, ett\u00e4 he rahoittavat yh\u00e4 suuremman joukon el\u00e4kkeit\u00e4?<\/p>\n<p class=\"aw-1gybjub aw-1p7kakr kEtdKx cEmitX yle__article__paragraph\">\u2013 Nuoremmat ik\u00e4polvet el\u00e4v\u00e4t pitemp\u00e4\u00e4n kuin heit\u00e4 edelt\u00e4v\u00e4t ik\u00e4polvet. My\u00f6s heill\u00e4 el\u00e4keaika pitenee. Kyll\u00e4 t\u00e4m\u00e4 siin\u00e4 mieless\u00e4 ihan reilu peli on, Kannisto sanoo.<\/p>\n<p>ETK:n Jari Kanniston mukaan pitkien el\u00e4kkeiden yleistyminen ei ole ongelma. <\/p>\n<p class=\"aw-1gybjub aw-1p7kakr kEtdKx cEmitX yle__article__paragraph\">H\u00e4nen mukaansa el\u00e4kkeiden rahoituksessa ei ole ongelmaa, ja perustelukin on selv\u00e4.<\/p>\n<p class=\"aw-1gybjub aw-1p7kakr kEtdKx cEmitX yle__article__paragraph\">Kun elinik\u00e4 pitenee, my\u00f6s el\u00e4kkeell\u00e4 vietetty aika pitenee, mutta t\u00e4t\u00e4 oleellisempaa on se, ett\u00e4 pidentyneest\u00e4 elini\u00e4st\u00e4 k\u00e4ytet\u00e4\u00e4n suurempi osa ty\u00f6markkinoilla kuin el\u00e4kkeell\u00e4.<\/p>\n<p class=\"aw-1gybjub aw-1p7kakr kEtdKx cEmitX yle__article__paragraph\">Elinajanodote nousee vuoteen 2060 menness\u00e4 4,5 vuotta nykytilanteesta. Kun el\u00e4kei\u00e4n kynnys samalla nousee, el\u00e4keaika pitenee laskelmien mukaan vuoden ja kolme kuukautta.<\/p>\n<p class=\"aw-1gybjub aw-1p7kakr kEtdKx cEmitX yle__article__paragraph\">\u2013 El\u00e4kej\u00e4rjestelm\u00e4n n\u00e4k\u00f6kulmasta tavoitteena on, ett\u00e4 yli puolet pitenev\u00e4st\u00e4 elinajasta k\u00e4ytett\u00e4isiin ty\u00f6ss\u00e4oloaikaan.<\/p>\n<p class=\"aw-1gybjub aw-1p7kakr kEtdKx cEmitX yle__article__paragraph\">N\u00e4ytt\u00e4\u00e4k\u00f6 t\u00e4m\u00e4 tavoite nyt toteutuvan?<\/p>\n<p class=\"aw-1gybjub aw-1p7kakr kEtdKx cEmitX yle__article__paragraph\">\u2013 Kyll\u00e4 t\u00e4ll\u00e4 hetkell\u00e4 silt\u00e4 n\u00e4ytt\u00e4\u00e4. Meh\u00e4n emme tietysti tied\u00e4 tulevaisuudesta, mutta siihen perustuu j\u00e4rjestelm\u00e4n t\u00e4m\u00e4nhetkinen kantokyky.<\/p>\n<p>\u201dEsimieheni v\u00e4h\u00e4n vihjaisi, ett\u00e4 voisit menn\u00e4 el\u00e4kkeelle\u201d<\/p>\n<p class=\"aw-1gybjub aw-1p7kakr kEtdKx cEmitX yle__article__paragraph\">Espoossa Soukan Taideseuran Seniorisiveltimet-ryhm\u00e4n vet\u00e4j\u00e4 <strong class=\"aw-ak79eh KyCXm yle__article__strong\">Seijaliisa Pekkanen<\/strong> on ollut el\u00e4kkeell\u00e4 viisitoista vuotta. Ty\u00f6ss\u00e4\u00e4n kulttuurisihteerin\u00e4 h\u00e4n jatkoi nelj\u00e4 vuotta alinta el\u00e4keik\u00e4\u00e4 pidemp\u00e4\u00e4n.<\/p>\n<p>Seijaliisa Pekkanen jatkoi t\u00f6iss\u00e4 68-vuotiaaksi.<\/p>\n<p class=\"aw-1gybjub aw-1p7kakr kEtdKx cEmitX yle__article__paragraph\">\u2013 M\u00e4 jatkoin t\u00f6iss\u00e4 viimeiseen asti. Esimieheni v\u00e4h\u00e4n vihjasi, ett\u00e4 voisit jo menn\u00e4 el\u00e4kkeelle, mutta enp\u00e4 mennyt, kun Espoon kaupungilla saa olla t\u00f6iss\u00e4 68-vuotiaaksi.<\/p>\n<p class=\"aw-1gybjub aw-1p7kakr kEtdKx cEmitX yle__article__paragraph\">Mutta mit\u00e4 Pekkanen sanoo v\u00e4itt\u00e4m\u00e4st\u00e4, jonka mukaan el\u00e4m\u00e4 alkaa vasta el\u00e4kkeell\u00e4?<\/p>\n<p class=\"aw-1gybjub aw-1p7kakr kEtdKx cEmitX yle__article__paragraph\">\u2013 Se ei ole totta. El\u00e4m\u00e4 on koko ajan, Pekkanen sanoo painokkaasti.<\/p>\n<p>Aloita harrastukset ajoissa jo ennen el\u00e4keaikaa, vinkkaa Toivo Kalliom\u00e4ki.<\/p>\n<p class=\"aw-1gybjub aw-1p7kakr kEtdKx cEmitX yle__article__paragraph\">Seniorisiveltimien aktiivisen ja pitk\u00e4aikaisen j\u00e4senen <strong class=\"aw-ak79eh KyCXm yle__article__strong\">Toivo Kalliom\u00e4en<\/strong> vastaus on toinen. H\u00e4n j\u00e4i el\u00e4kkeelle 24 vuotta sitten Valtion elokuvatarkastamosta. Mit\u00e4 h\u00e4n vastaa samaan kysymykseen eli alkaako siis el\u00e4m\u00e4 el\u00e4kkeell\u00e4?<\/p>\n<p class=\"aw-1gybjub aw-1p7kakr kEtdKx cEmitX yle__article__paragraph\">\u2013 Kyll\u00e4, mun mielest\u00e4. Aikoinaan tuntui, ett\u00e4 ty\u00f6 h\u00e4iritsee harrastamista, Kalliom\u00e4ki nauraa.<\/p>\n<p class=\"aw-1gybjub aw-1p7kakr kEtdKx cEmitX yle__article__paragraph\">Sek\u00e4 Pekkanen ett\u00e4 Kalliom\u00e4ki korostavat, ett\u00e4 on t\u00e4rke\u00e4\u00e4 aloittaa jo ty\u00f6vuosien aikana harrastuksia, joita voi jatkaa el\u00e4kevuosina. Yksin kotiin j\u00e4\u00e4minen ei ole eduksi.<\/p>\n<p>Viimeisin el\u00e4keremontti oli mullistava<\/p>\n<p class=\"aw-1gybjub aw-1p7kakr kEtdKx cEmitX yle__article__paragraph\">El\u00e4keturvakeskuksen luottamuksen taustalla on vuonna 2017 tehty el\u00e4keuudistus. Se oli ehk\u00e4 suurempi kuin kaikki huomasivatkaan.<\/p>\n<p class=\"aw-1gybjub aw-1p7kakr kEtdKx cEmitX yle__article__paragraph\">Viel\u00e4 2000-luvun alussa yksityisen alan el\u00e4keik\u00e4\u00e4 laskettiin 63 vuoteen. Nyt suunta on toinen.<\/p>\n<p class=\"aw-1gybjub aw-1p7kakr kEtdKx cEmitX yle__article__paragraph\">Vuonna 1965 ja sen j\u00e4lkeen syntyneill\u00e4 alin el\u00e4keik\u00e4 nousee vuosittain 65 vuodesta kuukauden tai kaksi. Vuonna 1995 syntyneell\u00e4 alin el\u00e4keik\u00e4 on 68 vuotta. El\u00e4kkeelle p\u00e4\u00e4seminen vaatii siis merkitt\u00e4v\u00e4sti my\u00f6hemm\u00e4ksi jatkuvaa ty\u00f6uraa, ja juuri siksi el\u00e4kej\u00e4rjestelm\u00e4n lasketaan kest\u00e4v\u00e4n suuren muutoksen.<\/p>\n<p><img decoding=\"async\" alt=\"El\u00e4kel\u00e4iset Seijaliisa Pekkanen istuu p\u00f6yd\u00e4n \u00e4\u00e4ress\u00e4 jossa akvarellej\u00e4 ja muita taidev\u00e4lineit\u00e4\" src=\"https:\/\/www.europesays.com\/fi\/wp-content\/uploads\/2025\/11\/39-1548578690a04a29312e.jpeg\" loading=\"lazy\" class=\"aw-1l9m598 hKVVvP\"\/><\/p>\n<p>Avaa kuvien katselu<\/p>\n<p>Pekkanen aloitti ty\u00f6t 21-vuotiaana ja l\u00e4hti el\u00e4kkeelle 68-vuotiaana. V\u00e4liss\u00e4 oli seitsem\u00e4n vuoden jakso kotona kolmen lapsen kanssa, jolloin h\u00e4n oli aktiivij\u00e4sen koti\u00e4itiyhdistyksess\u00e4.  Kuva: Henrietta Hassinen \/ Yle<\/p>\n<p class=\"aw-1gybjub aw-1p7kakr kEtdKx cEmitX yle__article__paragraph\">Kanniston mukaan viimeisimm\u00e4n el\u00e4keuudistuksen toimet ovat tepsineet. El\u00e4kkeellesiirtymisik\u00e4 on noussut. Ty\u00f6ss\u00e4oloaika on pidentynyt, kun <a class=\"aw-iao6s4 iHOxEa yle__article__link\" href=\"https:\/\/www.etk.fi\/ajankohtaista\/suomalaisia-tyokyvyttomyyselakkeelle-yha-vahemman\/\" role=\"link\" rel=\"nofollow noopener\" target=\"_blank\">ty\u00f6kyvytt\u00f6myysel\u00e4kkeet ovat v\u00e4hentyneet<\/a> nopeasti ik\u00e4luokkien pienentyess\u00e4.<\/p>\n<p class=\"aw-1gybjub aw-1p7kakr kEtdKx cEmitX yle__article__paragraph\">El\u00e4keik\u00e4\u00e4 l\u00e4hestyvien, 60\u201364-vuotiaiden pysyminen t\u00f6iss\u00e4 on yleistynyt vauhdilla. 2000-luvun alussa heid\u00e4n ty\u00f6llisyysasteensa oli noin 25 prosenttia, mutta viime vuonna jo l\u00e4hes 65 prosenttia. Samassa ajassa 65\u201369-vuotiaiden ty\u00f6llisyys on noussut muutamasta prosentista yli kahteenkymmeneen.<\/p>\n<p class=\"aw-1gybjub aw-1p7kakr kEtdKx cEmitX yle__article__paragraph\">Luottamusta suomalaisen el\u00e4kej\u00e4rjestelm\u00e4n kest\u00e4vyyteen saattaa vahvistaa my\u00f6s Suomen sijoittuminen kahdeksannelle sijalle <a class=\"aw-iao6s4 iHOxEa yle__article__link\" href=\"https:\/\/www.etk.fi\/ajankohtaista\/kansainvalinen-vertailu-suomen-elakejarjestelma-kahdeksanneksi-paras-luotettavuudessa-huippuluokkaa\/\" role=\"link\" rel=\"nofollow noopener\" target=\"_blank\">kansainv\u00e4lisess\u00e4 el\u00e4kej\u00e4rjestelm\u00e4vertailussa<\/a>.<\/p>\n<p class=\"aw-1gybjub aw-1p7kakr kEtdKx cEmitX yle__article__paragraph\">Tosin vuotta aiemmasta Suomen sijoitus on pudonnut yhden pyk\u00e4l\u00e4n.<\/p>\n","protected":false},"excerpt":{"rendered":"Vuosikymmeni\u00e4 kest\u00e4v\u00e4t el\u00e4kep\u00e4iv\u00e4t ovat yh\u00e4 yleisempi ilmi\u00f6. Yli 30 vuotta el\u00e4kkeell\u00e4 olleiden ihmisten m\u00e4\u00e4r\u00e4 on kasvanut vauhdilla. Vuonna&hellip;\n","protected":false},"author":2,"featured_media":86032,"comment_status":"","ping_status":"","sticky":false,"template":"","format":"standard","meta":{"footnotes":""},"categories":[12],"tags":[22,23,16936,9807,26,27,33,31,30,17,24,25,28,29,15,18,21,32,78,19,20,16250,860,862,16],"class_list":{"0":"post-86031","1":"post","2":"type-post","3":"status-publish","4":"format-standard","5":"has-post-thumbnail","7":"category-suomi","8":"tag-breaking-news","9":"tag-breakingnews","10":"tag-elakeika","11":"tag-elinika","12":"tag-featured-news","13":"tag-featurednews","14":"tag-fi","15":"tag-finland","16":"tag-finnish","17":"tag-headlines","18":"tag-latest-news","19":"tag-latestnews","20":"tag-main-news","21":"tag-mainnews","22":"tag-news","23":"tag-otsikot","24":"tag-paauutiset","25":"tag-suomi","26":"tag-talous","27":"tag-top-stories","28":"tag-topstories","29":"tag-tyoelakkeet","30":"tag-tyoelama","31":"tag-tyollisyys","32":"tag-uutiset"},"share_on_mastodon":{"url":"https:\/\/pubeurope.com\/@fi\/115523896287895716","error":""},"_links":{"self":[{"href":"https:\/\/www.europesays.com\/fi\/wp-json\/wp\/v2\/posts\/86031","targetHints":{"allow":["GET"]}}],"collection":[{"href":"https:\/\/www.europesays.com\/fi\/wp-json\/wp\/v2\/posts"}],"about":[{"href":"https:\/\/www.europesays.com\/fi\/wp-json\/wp\/v2\/types\/post"}],"author":[{"embeddable":true,"href":"https:\/\/www.europesays.com\/fi\/wp-json\/wp\/v2\/users\/2"}],"replies":[{"embeddable":true,"href":"https:\/\/www.europesays.com\/fi\/wp-json\/wp\/v2\/comments?post=86031"}],"version-history":[{"count":0,"href":"https:\/\/www.europesays.com\/fi\/wp-json\/wp\/v2\/posts\/86031\/revisions"}],"wp:featuredmedia":[{"embeddable":true,"href":"https:\/\/www.europesays.com\/fi\/wp-json\/wp\/v2\/media\/86032"}],"wp:attachment":[{"href":"https:\/\/www.europesays.com\/fi\/wp-json\/wp\/v2\/media?parent=86031"}],"wp:term":[{"taxonomy":"category","embeddable":true,"href":"https:\/\/www.europesays.com\/fi\/wp-json\/wp\/v2\/categories?post=86031"},{"taxonomy":"post_tag","embeddable":true,"href":"https:\/\/www.europesays.com\/fi\/wp-json\/wp\/v2\/tags?post=86031"}],"curies":[{"name":"wp","href":"https:\/\/api.w.org\/{rel}","templated":true}]}}