{"id":86054,"date":"2025-11-10T06:43:14","date_gmt":"2025-11-10T06:43:14","guid":{"rendered":"https:\/\/www.europesays.com\/fi\/86054\/"},"modified":"2025-11-10T06:43:14","modified_gmt":"2025-11-10T06:43:14","slug":"arvio-lyytin-energinen-elaytyminen-yllatti-biisien-tahtiin-pomppiva-artisti-oli-samaan-aikaan-harkittu-taiteellinen-rosoinen-ja-aito","status":"publish","type":"post","link":"https:\/\/www.europesays.com\/fi\/86054\/","title":{"rendered":"Arvio: Lyytin energinen el\u00e4ytyminen yll\u00e4tti \u2013 Biisien tahtiin pomppiva artisti oli samaan aikaan harkittu, taiteellinen, rosoinen ja aito"},"content":{"rendered":"<p> <img decoding=\"async\" class=\"responsive-image article__image-image lozad\"   src=\"https:\/\/www.europesays.com\/fi\/wp-content\/uploads\/2025\/11\/KF5igZNpEOM2OIsJZeAmx9axrMUGKMyFEfq45OhOwPfb_6_HpWNx_Apz8riBCTjinI7WXgAbnXjeGWb7TOwYVP6QbnwfTsav8X_5.jpeg\" alt=\"Lyyti kiert\u00e4\u00e4 nelj\u00e4nnen albuminsa tiimoilta konserttilavoja. Pid\u00e4n sulle paikkaa -albumin teemana on yst\u00e4vyys ja yhteis\u00f6llisyyden rakentaminen. Kuva Lyytin perjantain keikalta Oulaisista.\"\/><\/p>\n<p>\n Lyyti kiert\u00e4\u00e4 nelj\u00e4nnen albuminsa tiimoilta konserttilavoja. Pid\u00e4n sulle paikkaa -albumin teemana on yst\u00e4vyys ja yhteis\u00f6llisyyden rakentaminen. Kuva Lyytin perjantain keikalta Oulaisista.\n <\/p>\n<p>\n Kuva: Sirpa Kortet\n <\/p>\n<p>\n Keikat\n <\/p>\n<p class=\"article__intro\">\n Lyyti 45 Specialissa Oulussa 8.11.2025.\n <\/p>\n<p class=\"article__paragraph\">\n Moninkertainen Emma-ehdokas Lyyti (Lydia Lehtola) esiintyi b\u00e4ndins\u00e4 kanssa 45 Specialin vintill\u00e4 arviolta satap\u00e4iselle yleis\u00f6lle osana syyskuussa ilmestyneen nelj\u00e4nnen albuminsa julkaisukiertuetta.<\/p>\n","protected":false},"excerpt":{"rendered":"Lyyti kiert\u00e4\u00e4 nelj\u00e4nnen albuminsa tiimoilta konserttilavoja. Pid\u00e4n sulle paikkaa -albumin teemana on yst\u00e4vyys ja yhteis\u00f6llisyyden rakentaminen. Kuva Lyytin&hellip;\n","protected":false},"author":2,"featured_media":86055,"comment_status":"","ping_status":"","sticky":false,"template":"","format":"standard","meta":{"footnotes":""},"categories":[136],"tags":[407,137,33,31,30,408,32,109],"class_list":{"0":"post-86054","1":"post","2":"type-post","3":"status-publish","4":"format-standard","5":"has-post-thumbnail","7":"category-julkkikset","8":"tag-celebrities","9":"tag-entertainment","10":"tag-fi","11":"tag-finland","12":"tag-finnish","13":"tag-julkkikset","14":"tag-suomi","15":"tag-viihde"},"share_on_mastodon":{"url":"https:\/\/pubeurope.com\/@fi\/115524049744436422","error":""},"_links":{"self":[{"href":"https:\/\/www.europesays.com\/fi\/wp-json\/wp\/v2\/posts\/86054","targetHints":{"allow":["GET"]}}],"collection":[{"href":"https:\/\/www.europesays.com\/fi\/wp-json\/wp\/v2\/posts"}],"about":[{"href":"https:\/\/www.europesays.com\/fi\/wp-json\/wp\/v2\/types\/post"}],"author":[{"embeddable":true,"href":"https:\/\/www.europesays.com\/fi\/wp-json\/wp\/v2\/users\/2"}],"replies":[{"embeddable":true,"href":"https:\/\/www.europesays.com\/fi\/wp-json\/wp\/v2\/comments?post=86054"}],"version-history":[{"count":0,"href":"https:\/\/www.europesays.com\/fi\/wp-json\/wp\/v2\/posts\/86054\/revisions"}],"wp:featuredmedia":[{"embeddable":true,"href":"https:\/\/www.europesays.com\/fi\/wp-json\/wp\/v2\/media\/86055"}],"wp:attachment":[{"href":"https:\/\/www.europesays.com\/fi\/wp-json\/wp\/v2\/media?parent=86054"}],"wp:term":[{"taxonomy":"category","embeddable":true,"href":"https:\/\/www.europesays.com\/fi\/wp-json\/wp\/v2\/categories?post=86054"},{"taxonomy":"post_tag","embeddable":true,"href":"https:\/\/www.europesays.com\/fi\/wp-json\/wp\/v2\/tags?post=86054"}],"curies":[{"name":"wp","href":"https:\/\/api.w.org\/{rel}","templated":true}]}}