{"id":86066,"date":"2025-11-10T06:55:07","date_gmt":"2025-11-10T06:55:07","guid":{"rendered":"https:\/\/www.europesays.com\/fi\/86066\/"},"modified":"2025-11-10T06:55:07","modified_gmt":"2025-11-10T06:55:07","slug":"lanzarotella-uintikielto-ilta-sanomat","status":"publish","type":"post","link":"https:\/\/www.europesays.com\/fi\/86066\/","title":{"rendered":"Lanzarotella uintikielto &#8211; Ilta-Sanomat"},"content":{"rendered":"<p>Ranta on suljettu.<\/p>\n<p class=\"article-body mb-nof-24 px-nof-16\">Ranta on suljettu suomalaisten suosikkikohteessa Kanariansaarilla ulostebakteerien takia, kirjoittavat esimerkiksi norjalainen <a class=\"article-genericlink\" href=\"https:\/\/dinside.dagbladet.no\/reise\/stengt-etter-ekkelt-funn\/83821482\" rel=\"nofollow noopener\" target=\"_blank\">Dagbladet<\/a> ja <a class=\"article-genericlink\" href=\"https:\/\/www.canarianweekly.com\/posts\/Swimming-banned-at-a-Lanzarote-beach-due-to-faecal-contamination\" rel=\"nofollow noopener\" target=\"_blank\">Canarian Weekly<\/a>.<\/p>\n<p class=\"article-body mb-nof-24 px-nof-16\">Lehden mukaan suosittu Playa del Reducto Lanzaroten saarella sai aiemmin t\u00e4n\u00e4 vuonna palkinnon muun muassa hyv\u00e4st\u00e4 veden laadusta. Nyt tilanne on muuttunut rajusti ja ranta on jouduttu sulkemaan.<\/p>\n<p class=\"article-body mb-nof-24 px-nof-16\">Saaren terveysviranomaisen mukaan vesi- ja viem\u00e4rij\u00e4rjestelm\u00e4st\u00e4 vastaavat on m\u00e4\u00e4r\u00e4tty v\u00e4litt\u00f6miin toimenpiteisiin, jotta uusia p\u00e4\u00e4st\u00f6j\u00e4 ei tule.<\/p>\n<p class=\"article-body mb-nof-24 px-nof-16\">Uintikielto on voimassa niin kauan kunnes saasteen l\u00e4hde on tunnistettu ja asia on korjattu.<\/p>\n","protected":false},"excerpt":{"rendered":"Ranta on suljettu. Ranta on suljettu suomalaisten suosikkikohteessa Kanariansaarilla ulostebakteerien takia, kirjoittavat esimerkiksi norjalainen Dagbladet ja Canarian Weekly.&hellip;\n","protected":false},"author":2,"featured_media":86067,"comment_status":"","ping_status":"","sticky":false,"template":"","format":"standard","meta":{"footnotes":""},"categories":[14],"tags":[22,23,26,27,33,31,30,17,34,24,25,28,29,15,18,21,32,19,20,56,16,59,60,61],"class_list":{"0":"post-86066","1":"post","2":"type-post","3":"status-publish","4":"format-standard","5":"has-post-thumbnail","7":"category-ulkomaat","8":"tag-breaking-news","9":"tag-breakingnews","10":"tag-featured-news","11":"tag-featurednews","12":"tag-fi","13":"tag-finland","14":"tag-finnish","15":"tag-headlines","16":"tag-ilta-sanomat","17":"tag-latest-news","18":"tag-latestnews","19":"tag-main-news","20":"tag-mainnews","21":"tag-news","22":"tag-otsikot","23":"tag-paauutiset","24":"tag-suomi","25":"tag-top-stories","26":"tag-topstories","27":"tag-ulkomaat","28":"tag-uutiset","29":"tag-world","30":"tag-world-news","31":"tag-worldnews"},"share_on_mastodon":{"url":"https:\/\/pubeurope.com\/@fi\/115524096748404383","error":""},"_links":{"self":[{"href":"https:\/\/www.europesays.com\/fi\/wp-json\/wp\/v2\/posts\/86066","targetHints":{"allow":["GET"]}}],"collection":[{"href":"https:\/\/www.europesays.com\/fi\/wp-json\/wp\/v2\/posts"}],"about":[{"href":"https:\/\/www.europesays.com\/fi\/wp-json\/wp\/v2\/types\/post"}],"author":[{"embeddable":true,"href":"https:\/\/www.europesays.com\/fi\/wp-json\/wp\/v2\/users\/2"}],"replies":[{"embeddable":true,"href":"https:\/\/www.europesays.com\/fi\/wp-json\/wp\/v2\/comments?post=86066"}],"version-history":[{"count":0,"href":"https:\/\/www.europesays.com\/fi\/wp-json\/wp\/v2\/posts\/86066\/revisions"}],"wp:featuredmedia":[{"embeddable":true,"href":"https:\/\/www.europesays.com\/fi\/wp-json\/wp\/v2\/media\/86067"}],"wp:attachment":[{"href":"https:\/\/www.europesays.com\/fi\/wp-json\/wp\/v2\/media?parent=86066"}],"wp:term":[{"taxonomy":"category","embeddable":true,"href":"https:\/\/www.europesays.com\/fi\/wp-json\/wp\/v2\/categories?post=86066"},{"taxonomy":"post_tag","embeddable":true,"href":"https:\/\/www.europesays.com\/fi\/wp-json\/wp\/v2\/tags?post=86066"}],"curies":[{"name":"wp","href":"https:\/\/api.w.org\/{rel}","templated":true}]}}